{"id":37613,"date":"2025-08-22T10:30:02","date_gmt":"2025-08-22T08:30:02","guid":{"rendered":"https:\/\/bergers-schlagerparadies.de\/?p=37613"},"modified":"2025-08-22T19:33:30","modified_gmt":"2025-08-22T17:33:30","slug":"hardy-sag-ihr-auch-%c2%b7-bergers-schlagerparadies","status":"publish","type":"post","link":"https:\/\/bergers-schlagerparadies.de\/?p=37613","title":{"rendered":"HARDY &#8211; Sag ihr auch \u00b7 Berger\u00b4s Schlagerparadies"},"content":{"rendered":"<p><img loading=\"lazy\" decoding=\"async\" class=\"size-medium wp-image-37614 alignleft\" src=\"https:\/\/bergers-schlagerparadies.de\/wp-content\/uploads\/2025\/08\/HARDY-Sag-ihr-auch-300x300.jpeg\" alt=\"\" width=\"300\" height=\"300\" srcset=\"https:\/\/bergers-schlagerparadies.de\/wp-content\/uploads\/2025\/08\/HARDY-Sag-ihr-auch-300x300.jpeg 300w, https:\/\/bergers-schlagerparadies.de\/wp-content\/uploads\/2025\/08\/HARDY-Sag-ihr-auch-1024x1024.jpeg 1024w, https:\/\/bergers-schlagerparadies.de\/wp-content\/uploads\/2025\/08\/HARDY-Sag-ihr-auch-150x150.jpeg 150w, https:\/\/bergers-schlagerparadies.de\/wp-content\/uploads\/2025\/08\/HARDY-Sag-ihr-auch-768x768.jpeg 768w, https:\/\/bergers-schlagerparadies.de\/wp-content\/uploads\/2025\/08\/HARDY-Sag-ihr-auch-1536x1536.jpeg 1536w, https:\/\/bergers-schlagerparadies.de\/wp-content\/uploads\/2025\/08\/HARDY-Sag-ihr-auch-2048x2048.jpeg 2048w, https:\/\/bergers-schlagerparadies.de\/wp-content\/uploads\/2025\/08\/HARDY-Sag-ihr-auch-1200x1200.jpeg 1200w, https:\/\/bergers-schlagerparadies.de\/wp-content\/uploads\/2025\/08\/HARDY-Sag-ihr-auch-1188x1188.jpeg 1188w, https:\/\/bergers-schlagerparadies.de\/wp-content\/uploads\/2025\/08\/HARDY-Sag-ihr-auch-100x100.jpeg 100w\" sizes=\"auto, (max-width: 300px) 100vw, 300px\" \/>Comeback eines Kulthits \u2013 der Originalinterpret ist begeistert<\/p>\n<p>1979 landete Gerd Christian mit \u201eSag ihr auch\u201c den Hit des Jahres in der DDR. Sein Bruder Holger Biege ebnete ihm mit der genialen Komposition den Weg zum beliebten Schlagerstar des Ostens. Inzwischen ist der Song l\u00e4ngst in ganz Deutschland bekannt \u2013 nicht zuletzt durch Coverversionen von K\u00fcnstlern wie Bernhard Brink, Leonard oder den Kastelruther Spatzen.<\/p>\n<p>Jetzt erh\u00e4lt die Geschichte des Kultsongs ein neues Kapitel \u2013 mit einer \u00fcberraschenden Neufassung von Singer-Songwriter HARDY (\u201eIm Osten geboren\u201c). HARDY liebt die musikalischen Sch\u00e4tze aus den \u201eWILDEn ZEITen\u201c \u2013 das zeigt sich sowohl in seinen eigenen Songs als auch in seinen Interpretationen von Kulthits wie \u201eBlumen aus Eis\u201c, \u201eErna kommt (wieder)\u201c oder \u201eZeit, die nie vergeht \u2013 d\u00e9j\u00e0 vu\u201c.<\/p>\n<p>Nun also \u201eSag ihr auch\u201c in einer Version, die den Song \u00fcber Genregrenzen hinweg \u201efrisch poliert und geschliffen in neuem Gewand erstrahlen l\u00e4sst\u201c \u2013 so die Worte des Originalinterpreten Gerd Christian, der erstaunt und begeistert zugleich von HARDYs Aufnahme ist. So begeistert, dass er auf seiner eigenen Homepage ausdr\u00fccklich darauf hinweist:<br \/>\nhttps:\/\/www.gerd-christian.de\/Info.html<\/p>\n<p>Die beiden Musiker trafen erstmals 2022 pers\u00f6nlich aufeinander: Christian war einer von neun Schlagerlegenden, die bei HARDYs \u201eSt\u00e4ndchen\u201c zum 75-j\u00e4hrigen Jubil\u00e4um des Kultlabels AMIGA dabei waren. Am Rande der Dreharbeiten zu diesem vielbeachteten \u201eKlassentreffen\u201c der DDR-Stars (https:\/\/youtu.be\/pUsUws4ygZE) gab Gerd Christian ein Radiointerview, in dem er \u00fcber HARDY sagte:<\/p>\n<p>\u201eDer Mann ist gro\u00dfartig. Ich hoffe, dass er mal ein Album macht mit vielen gro\u00dfen Ost-Hits \u2013 aber in seiner Art, ganz speziell. Das ist eine ganz ehrliche Musik, er hat auch ganz ehrliche Arrangements \u2013 und so gef\u00e4llt es mir.\u201c<\/p>\n<p>Am 29. August erf\u00fcllt sich Gerd Christians Hoffnung: HARDY ver\u00f6ffentlicht \u201eSag ihr auch\u201c \u2013 den Song seines Lebens \u2013 in einer modernen Fassung. Und in Sachen Album denkt HARDY tats\u00e4chlich schon l\u00e4nger \u00fcber eine musikalische Zeitreise voller Lieblingshits aus Ost und West nach. Dass er es kann, beweisen seine bisherigen Interpretationen eindrucksvoll. Vielleicht ist dieses \u201eSag ihr auch\u201c sogar der Grundstein f\u00fcr noch mehr \u201eneues Altes\u201c \u2013 man darf gespannt sein.<\/p>\n<p>Release: \u201eSag ihr auch\u201c \u2013 V\u00d6: 29.08.2025 \u2013 A&amp;O Records<br \/>\nInfos &amp; Diskografie: https:\/\/www.hardy-online.de\/<br \/>\nKontakt \/ Interviewanfragen: info@imostengeboren.de | Tel. 01523-3608807<\/p>\n<p><span style=\"color: #800000;\"><strong>Quelle: A&amp;O Records<\/strong><\/span><\/p>\n<p><span style=\"color: #800000;\"><strong>Dieser Song ist ab dem 29.08.2025 auf allen Download- und Streaming-Portalen erh\u00e4ltlich.\u00a0<\/strong><\/span><\/p>\n<p><span style=\"color: #800000;\"><strong>Airdate (f\u00fcr Radiosender): 22.08.2025<\/strong><\/span><\/p>\n","protected":false},"excerpt":{"rendered":"<p>Comeback eines Kulthits \u2013 der Originalinterpret ist begeistert 1979 landete Gerd Christian mit \u201eSag ihr auch\u201c den Hit des Jahres in der DDR. Sein Bruder Holger Biege ebnete ihm mit der genialen Komposition den Weg zum beliebten Schlagerstar des Ostens. Inzwischen ist der Song l\u00e4ngst in ganz Deutschland bekannt \u2013 nicht zuletzt durch Coverversionen von K\u00fcnstlern wie Bernhard Brink, Leonard oder den Kastelruther Spatzen. Jetzt erh\u00e4lt die Geschichte des Kultsongs ein neues Kapitel \u2013 mit einer \u00fcberraschenden Neufassung von Singer-Songwriter HARDY (\u201eIm Osten geboren\u201c). HARDY liebt die musikalischen Sch\u00e4tze aus den \u201eWILDEn ZEITen\u201c \u2013 das zeigt sich sowohl in seinen eigenen Songs als auch in&#8230;<\/p>\n","protected":false},"author":1,"featured_media":37614,"comment_status":"open","ping_status":"open","sticky":false,"template":"","format":"standard","meta":{"footnotes":""},"categories":[4201,3231,3316,3264,4202],"tags":[2045],"class_list":["post-37613","post","type-post","status-publish","format-standard","has-post-thumbnail","hentry","category-ao-records","category-bergers-schlagerparadies","category-deutsch-rock-pop","category-deutsch-pop","category-ostrock","tag-hardy","wpcat-4201-id","wpcat-3231-id","wpcat-3316-id","wpcat-3264-id","wpcat-4202-id"],"_links":{"self":[{"href":"https:\/\/bergers-schlagerparadies.de\/index.php?rest_route=\/wp\/v2\/posts\/37613","targetHints":{"allow":["GET"]}}],"collection":[{"href":"https:\/\/bergers-schlagerparadies.de\/index.php?rest_route=\/wp\/v2\/posts"}],"about":[{"href":"https:\/\/bergers-schlagerparadies.de\/index.php?rest_route=\/wp\/v2\/types\/post"}],"author":[{"embeddable":true,"href":"https:\/\/bergers-schlagerparadies.de\/index.php?rest_route=\/wp\/v2\/users\/1"}],"replies":[{"embeddable":true,"href":"https:\/\/bergers-schlagerparadies.de\/index.php?rest_route=%2Fwp%2Fv2%2Fcomments&post=37613"}],"version-history":[{"count":1,"href":"https:\/\/bergers-schlagerparadies.de\/index.php?rest_route=\/wp\/v2\/posts\/37613\/revisions"}],"predecessor-version":[{"id":37616,"href":"https:\/\/bergers-schlagerparadies.de\/index.php?rest_route=\/wp\/v2\/posts\/37613\/revisions\/37616"}],"wp:featuredmedia":[{"embeddable":true,"href":"https:\/\/bergers-schlagerparadies.de\/index.php?rest_route=\/wp\/v2\/media\/37614"}],"wp:attachment":[{"href":"https:\/\/bergers-schlagerparadies.de\/index.php?rest_route=%2Fwp%2Fv2%2Fmedia&parent=37613"}],"wp:term":[{"taxonomy":"category","embeddable":true,"href":"https:\/\/bergers-schlagerparadies.de\/index.php?rest_route=%2Fwp%2Fv2%2Fcategories&post=37613"},{"taxonomy":"post_tag","embeddable":true,"href":"https:\/\/bergers-schlagerparadies.de\/index.php?rest_route=%2Fwp%2Fv2%2Ftags&post=37613"}],"curies":[{"name":"wp","href":"https:\/\/api.w.org\/{rel}","templated":true}]}}