{"id":37597,"date":"2025-08-21T09:32:37","date_gmt":"2025-08-21T07:32:37","guid":{"rendered":"https:\/\/bergers-schlagerparadies.de\/?p=37597"},"modified":"2025-08-21T09:32:37","modified_gmt":"2025-08-21T07:32:37","slug":"hansi-hinterseer-baerig-mit-herz-und-gfuehl-album-%c2%b7-bergers-schlagerparadies","status":"publish","type":"post","link":"https:\/\/bergers-schlagerparadies.de\/?p=37597","title":{"rendered":"Hansi Hinterseer &#8211; B\u00e4rig \u2013 Mit Herz und Gf\u00fchl (Album) \u00b7 Berger\u00b4s Schlagerparadies"},"content":{"rendered":"<p class=\"entry-title\"><img loading=\"lazy\" decoding=\"async\" class=\"size-medium wp-image-37598 alignleft\" src=\"https:\/\/bergers-schlagerparadies.de\/wp-content\/uploads\/2025\/08\/Hansi-Hinterseer-Baerig-\u2013-Mit-Herz-und-Gfuehl-Album-300x300.jpg\" alt=\"\" width=\"300\" height=\"300\" srcset=\"https:\/\/bergers-schlagerparadies.de\/wp-content\/uploads\/2025\/08\/Hansi-Hinterseer-Baerig-\u2013-Mit-Herz-und-Gfuehl-Album-300x300.jpg 300w, https:\/\/bergers-schlagerparadies.de\/wp-content\/uploads\/2025\/08\/Hansi-Hinterseer-Baerig-\u2013-Mit-Herz-und-Gfuehl-Album-1024x1024.jpg 1024w, https:\/\/bergers-schlagerparadies.de\/wp-content\/uploads\/2025\/08\/Hansi-Hinterseer-Baerig-\u2013-Mit-Herz-und-Gfuehl-Album-150x150.jpg 150w, https:\/\/bergers-schlagerparadies.de\/wp-content\/uploads\/2025\/08\/Hansi-Hinterseer-Baerig-\u2013-Mit-Herz-und-Gfuehl-Album-768x768.jpg 768w, https:\/\/bergers-schlagerparadies.de\/wp-content\/uploads\/2025\/08\/Hansi-Hinterseer-Baerig-\u2013-Mit-Herz-und-Gfuehl-Album-1200x1200.jpg 1200w, https:\/\/bergers-schlagerparadies.de\/wp-content\/uploads\/2025\/08\/Hansi-Hinterseer-Baerig-\u2013-Mit-Herz-und-Gfuehl-Album-1188x1188.jpg 1188w, https:\/\/bergers-schlagerparadies.de\/wp-content\/uploads\/2025\/08\/Hansi-Hinterseer-Baerig-\u2013-Mit-Herz-und-Gfuehl-Album-100x100.jpg 100w, https:\/\/bergers-schlagerparadies.de\/wp-content\/uploads\/2025\/08\/Hansi-Hinterseer-Baerig-\u2013-Mit-Herz-und-Gfuehl-Album.jpg 1440w\" sizes=\"auto, (max-width: 300px) 100vw, 300px\" \/>Hansi Hinterseer hat sich in diesem Jahr einem ganz besonderen musikalischen Projekt angenommen: traditionelle Tiroler Heimat- &amp; Volkslieder in Mundart, mit denen er teils aufgewachsen ist und die ihm sehr am Herzen liegen. Das Album \u201eB\u00e4rig \u2013 Mit Herz und Gf\u00fchl\u201c erscheint am 22. August gleich als CD\/ DVD-Package.<\/p>\n<p>Hansi Hinterseer hat sich in diesem Jahr einem ganz besonderen musikalischen Projekt angenommen: traditionelle Tiroler Heimat- &amp; Volkslieder in Mundart, mit denen er teils aufgewachsen ist und die ihm sehr am Herzen liegen. Das Album \u201eB\u00e4rig \u2013 Mit Herz und Gf\u00fchl\u201c erscheint am 22. August gleich als CD\/ DVD-Package. Der Publikumsliebling hat es sich nicht nehmen lassen, alle \u201eB\u00e4rig\u201c-Titel auch gleich in entsprechender Heimat-Kulisse zu verfilmen.<br \/>\nWer sagt denn, dass Volksmusik nicht zeitgem\u00e4\u00df sein kann? Hansi Hinterseer erz\u00e4hlt mit Tiroler Volksliedern und Volksweisen Geschichten aus den Bergen und T\u00e4lern seiner Heimat, \u201eB\u00e4rig \u2013 Mit Herz und Gf\u00fchl\u201c in beschwingte Melodien und Mundarttexte verpackt. Eng verbunden mit der Tiroler Lebensweise in dieser lauten Zeit so unaufgeregt bodenst\u00e4ndig. Da gibt es manches Originelles und auch verschmitzt Zweideutige, auf das man sich freuen kann.<br \/>\nDie 16 Neuaufnahmen der traditionellen Volksmusikweisen und Lieblingslieder von Hansi Hinterseer vermitteln ein Gef\u00fchl von Lebensfreude und ein Gesp\u00fcr f\u00fcr die Geduld der Ewigkeit in wohltuender, verl\u00e4sslicher Natur. Die perfekte Balance als Ausgleich zu einer zunehmend rastlosen Welt.<br \/>\nAls Teil des allt\u00e4glichen Lebens besingt Hansi Hinterseer seine Bergwelt mit wachen Sinnen und einer ber\u00fchrenden Leichtigkeit, mit ganz viel Erfahrung und Erinnerung in sich hineinsp\u00fcrend.<br \/>\nJede \u00dcberm\u00e4\u00dfigkeit ist hier aufs Wesentliche reduziert und zieht daraus eine besondere St\u00e4rke \u2013 mit traditioneller Instrumentierung wie Bariton, Gitarre, Fl\u00fcgelhorn, Ventilposaune, Harfe, Harmonika, Zither und Bassgeige in klaren Arrangements geordnet. Worum geht\u2019s denn wirklich im Leben? Um Zuwendung, um Austausch, um \u201eHerz und Gf\u00fchl\u201c, so k\u00f6nnen Beziehungen wachsen, zu Menschen und zur Natur, von der wir alle leben. Diese au\u00dfergew\u00f6hnliche Liederauswahl weckt Empathie f\u00fcr tradierte, heilbare Volkskultur. Jedes Lied ein Grund mehr, in dieser wohltuenden Stimmung zu bleiben. Das Miteinander, die \u201eLiab\u201c, das Religi\u00f6se und das Spitzb\u00fcbische sind \u201eZwischen schwindelnden H\u00f6hn\u201c auch in Liedern wie \u201eDie Liab die hat der Hergott g\u2019macht\u201c, \u201eWos eppa d\u00f6s bedeut\u201c, \u201es\u2018Miadal\u201c und \u201eLustig und guat drauf\u201c fest verankert.<br \/>\n\u201eDiese Musik hat mich mein Leben lang begleitet.\u201c so Hansi Hinterseer. \u201eDas ist so einfache Musik, die ins Herz geht. Die Texte sind aus dem Leben geschrieben. Besser geht\u2019s nicht. In den Gaststuben und auf den Almen so nett gesungen, mit dem Dialekt, da hock i mi gern zubi, da bleib ich gern.\u201c<\/p>\n<p>Etwas Uraltes erwacht mit dem \u201eKarwendellied\u201c und \u201eEin kleines Edelwei\u00df\u201c zu neuem Leben, mit Kl\u00e4ngen, die im Walzertakt, als Polka, Landler und Ballade das Gef\u00fchl von Weite, Festtagsstimmung, Sehnsucht, Hoffnung, Freiheit wecken. Teil dessen zu sein, all dies in seiner Einfachheit und Wahrheit wahrzunehmen, das ist es wirklich wert. So sehr bei sich hat man den Hansi noch nie geh\u00f6rt!<br \/>\n\u201eIch bin so wie ich bin und nicht so, wie manche denken.\u201c<br \/>\nDiese Musik der Berge und die Hausmusik der Stuben als Teil des Brauchtums und kollektives Ged\u00e4chtnis fr\u00fcherer Generationen, f\u00fchrt \u2013 wie selbstverst\u00e4ndlich \u2013 damit auch seine eigene Lebensgeschichte fort.<br \/>\nKlangliche Erinnerungen und m\u00fcndliche \u00dcberlieferung gestalten eine Welt, in der alle noch vereint zusammenleben und die, wie \u201eHansei heit muasst friah aufsteh\u201c und \u201eHiartabua\u201c, mit den Melodien und Mundarttexten verschmelzen. Mit Liedern, die noch wenige in dieser liebevollen Pr\u00e4gung vom Gro\u00dfvater auf den Enkel weitergeben. Jedes vielleicht auch ein bisschen anders, wie man\u2019s gerade selber sp\u00fcrt.<br \/>\nDas Album \u00f6ffnet atmosph\u00e4risch intensiv das Herz eines Mannes, der im Kern das Kind der Berge geblieben ist, das im Wechsel der Jahreszeiten auf dem Bergbauernhof mit Gastwirtschaft am Hahnenkamm in den Kitzb\u00fcheler Alpen aufgewachsen ist. Von dort aus fuhr der Kitzb\u00fcheler sich an die Spitze des internationalen Skirennsports. Auch auf den Showb\u00fchnen hat der beliebte Tiroler als S\u00e4nger, Moderator und Schauspieler l\u00e4ngst unverwechselbare Spuren gezogen.<br \/>\nUnbeschwert und ausgelassen begeistert Hansi bei seinen Konzerten. Es l\u00e4uft gut f\u00fcr den fr\u00fcheren Ski-Champion, zweifachen Profiweltmeister und Gesamtweltcupsieger. Mit seinen volkst\u00fcmlichen Schlager-Hits holt der Tiroler gleich mehrere Generationen ab. Auch bei den jungen Leuten genie\u00dft der charismatische \u00d6sterreicher zunehmend Kultstatus. Und das sicher nicht nur wegen seiner Fellstiefel, die untrennbar mit seinem Namen verbunden sind. Wer Hansi Hinterseer kennt, den Menschen hinter dem Star, h\u00f6rt auf diesem Album die Erz\u00e4hlungen eines bewegten Lebens in seinen Liedern durchklingen. Der Lebenslauf hat dem Bergbauernbuam einen herausfordernden Kurs mit H\u00f6hen und Tiefen abgesteckt, den er mit einer beispiellosen Karriere trotz so mancher Herausforderungen mit t\u00e4nzerischer Leichtigkeit ins Ziel f\u00e4hrt \u2013 mit Dankbarkeit und Zufriedenheit. Mit \u00fcber 30 Jahren B\u00fchnenerfahrung ist Hansi ganz vorn dabei und l\u00e4dt bei Konzerten und Open Airs zum Mitsingen und Mittanzen ein. \u201eB\u00e4rig aufgsp\u00fct\u201c, Hansi!<br \/>\nSogar in Japan, Australien, Alaska, Texas, Namibia, Kanada, Kalifornien, Dubai und auf den Bahamas erklingen seine Lieder. 1974 fuhr er seinen mittlerweile legend\u00e4ren Heimsieg beim Hahnenkammrennen ein, bevor ihm Olympia im Winter 1976 die kalte Schulter zeigte. 50 Jahre sp\u00e4ter ist Hansi Hinterseer international gesch\u00e4tzter musikalischer Botschafter seines Heimatlandes Tirol und der einzigartigen Bergwelt!<\/p>\n<p>Das neue Album \u201eB\u00e4rig \u2013 Mit Herz und Gf\u00fchl\u201c (Telamo) ist ab 13.06.2025 vorbestellbar und ab 22. August 2025 \u00fcberall als \u201eCD+DVD\u201c, \u201elimitierte Fanbox\u201c oder digital erh\u00e4ltlich.<\/p>\n<p>Titelliste CD:<\/p>\n<p>1. Ein kleines Edelwei\u00df<br \/>\n2. De Liab, de hat da Herrgott g\u2019macht<br \/>\n3. Lustig und guat drauf<br \/>\n4. I denk no allweil an di<br \/>\n5. Ich gr\u00fc\u00dfe dich viel tausendmal<br \/>\n6. Z\u2019nachts hob i<br \/>\n7. Wos eppa d\u00f6s bedeut<br \/>\n8. Hab oft die ganze Nacht<br \/>\n9. Fr\u00fch schon am Morgen (Bergeskind)<br \/>\n10. Zwischen schwindelnden H\u00f6h\u2019n<br \/>\n11. I hab mein Dirndl a Briaferl gschrieben<br \/>\n12. Hoch die Gl\u00e4ser<br \/>\n13. I hab mein Dirndl a Miaderl kaaft<br \/>\n14. Hiartabua<br \/>\n15. Hansei heit muasst friah aufsteh<br \/>\n16. Karwendl<\/p>\n<p>Bonustitel<br \/>\n17. B\u00e4rig aufgsp\u00fct (Medley)<\/p>\n<p>Inhalt DVD:<\/p>\n<p>Das TV-Special \u201eB\u00e4rig \u2013 Mit Herz und Gf\u00fchl\u201c \u2013 mit allen 16 Titeln des neuen Albums. Hansi Hinterseer nimmt uns mit auf seiner musikalischen Reise in die Tiroler Berge.<\/p>\n<p><span style=\"color: #800000;\"><strong>Quelle: Telamo<\/strong><\/span><\/p>\n<p><span style=\"color: #800000;\"><strong>Dieses Album ist ab dem 22.08.2025 auf allen Download- und Streaming-Portalen erh\u00e4ltlich.\u00a0<\/strong><\/span><\/p>\n<p><span style=\"color: #800000;\"><strong>Airdate (f\u00fcr Radiosender): 22.08.2025<\/strong><\/span><\/p>\n","protected":false},"excerpt":{"rendered":"<p>Hansi Hinterseer hat sich in diesem Jahr einem ganz besonderen musikalischen Projekt angenommen: traditionelle Tiroler Heimat- &amp; Volkslieder in Mundart, mit denen er teils aufgewachsen ist und die ihm sehr am Herzen liegen. Das Album \u201eB\u00e4rig \u2013 Mit Herz und Gf\u00fchl\u201c erscheint am 22. August gleich als CD\/ DVD-Package. Hansi Hinterseer hat sich in diesem Jahr einem ganz besonderen musikalischen Projekt angenommen: traditionelle Tiroler Heimat- &amp; Volkslieder in Mundart, mit denen er teils aufgewachsen ist und die ihm sehr am Herzen liegen. Das Album \u201eB\u00e4rig \u2013 Mit Herz und Gf\u00fchl\u201c erscheint am 22. August gleich als CD\/ DVD-Package. Der Publikumsliebling hat es sich nicht nehmen&#8230;<\/p>\n","protected":false},"author":1,"featured_media":37598,"comment_status":"open","ping_status":"open","sticky":false,"template":"","format":"standard","meta":{"footnotes":""},"categories":[3257,2,3300,3728],"tags":[281],"class_list":["post-37597","post","type-post","status-publish","format-standard","has-post-thumbnail","hentry","category-album","category-schlager","category-volksmusik","category-volkstuemliche-schlager","tag-hansi-hinterseer","wpcat-3257-id","wpcat-2-id","wpcat-3300-id","wpcat-3728-id"],"_links":{"self":[{"href":"https:\/\/bergers-schlagerparadies.de\/index.php?rest_route=\/wp\/v2\/posts\/37597","targetHints":{"allow":["GET"]}}],"collection":[{"href":"https:\/\/bergers-schlagerparadies.de\/index.php?rest_route=\/wp\/v2\/posts"}],"about":[{"href":"https:\/\/bergers-schlagerparadies.de\/index.php?rest_route=\/wp\/v2\/types\/post"}],"author":[{"embeddable":true,"href":"https:\/\/bergers-schlagerparadies.de\/index.php?rest_route=\/wp\/v2\/users\/1"}],"replies":[{"embeddable":true,"href":"https:\/\/bergers-schlagerparadies.de\/index.php?rest_route=%2Fwp%2Fv2%2Fcomments&post=37597"}],"version-history":[{"count":1,"href":"https:\/\/bergers-schlagerparadies.de\/index.php?rest_route=\/wp\/v2\/posts\/37597\/revisions"}],"predecessor-version":[{"id":37601,"href":"https:\/\/bergers-schlagerparadies.de\/index.php?rest_route=\/wp\/v2\/posts\/37597\/revisions\/37601"}],"wp:featuredmedia":[{"embeddable":true,"href":"https:\/\/bergers-schlagerparadies.de\/index.php?rest_route=\/wp\/v2\/media\/37598"}],"wp:attachment":[{"href":"https:\/\/bergers-schlagerparadies.de\/index.php?rest_route=%2Fwp%2Fv2%2Fmedia&parent=37597"}],"wp:term":[{"taxonomy":"category","embeddable":true,"href":"https:\/\/bergers-schlagerparadies.de\/index.php?rest_route=%2Fwp%2Fv2%2Fcategories&post=37597"},{"taxonomy":"post_tag","embeddable":true,"href":"https:\/\/bergers-schlagerparadies.de\/index.php?rest_route=%2Fwp%2Fv2%2Ftags&post=37597"}],"curies":[{"name":"wp","href":"https:\/\/api.w.org\/{rel}","templated":true}]}}