{"id":37569,"date":"2025-08-20T10:46:09","date_gmt":"2025-08-20T08:46:09","guid":{"rendered":"https:\/\/bergers-schlagerparadies.de\/?p=37569"},"modified":"2025-08-20T10:46:09","modified_gmt":"2025-08-20T08:46:09","slug":"ralf-cerne-engel-gibt-es-wirklich-%c2%b7-bergers-schlagerparadies","status":"publish","type":"post","link":"https:\/\/bergers-schlagerparadies.de\/?p=37569","title":{"rendered":"Ralf Cerne &#8211; Engel gibt es wirklich \u00b7 Berger\u00b4s Schlagerparadies"},"content":{"rendered":"<p><img loading=\"lazy\" decoding=\"async\" class=\"size-medium wp-image-37570 alignleft\" src=\"https:\/\/bergers-schlagerparadies.de\/wp-content\/uploads\/2025\/08\/Ralf-Cerne-Engel-gibt-es-wirklich-300x300.jpg\" alt=\"\" width=\"300\" height=\"300\" srcset=\"https:\/\/bergers-schlagerparadies.de\/wp-content\/uploads\/2025\/08\/Ralf-Cerne-Engel-gibt-es-wirklich-300x300.jpg 300w, https:\/\/bergers-schlagerparadies.de\/wp-content\/uploads\/2025\/08\/Ralf-Cerne-Engel-gibt-es-wirklich-1024x1024.jpg 1024w, https:\/\/bergers-schlagerparadies.de\/wp-content\/uploads\/2025\/08\/Ralf-Cerne-Engel-gibt-es-wirklich-150x150.jpg 150w, https:\/\/bergers-schlagerparadies.de\/wp-content\/uploads\/2025\/08\/Ralf-Cerne-Engel-gibt-es-wirklich-768x768.jpg 768w, https:\/\/bergers-schlagerparadies.de\/wp-content\/uploads\/2025\/08\/Ralf-Cerne-Engel-gibt-es-wirklich-1200x1200.jpg 1200w, https:\/\/bergers-schlagerparadies.de\/wp-content\/uploads\/2025\/08\/Ralf-Cerne-Engel-gibt-es-wirklich-1188x1188.jpg 1188w, https:\/\/bergers-schlagerparadies.de\/wp-content\/uploads\/2025\/08\/Ralf-Cerne-Engel-gibt-es-wirklich-100x100.jpg 100w, https:\/\/bergers-schlagerparadies.de\/wp-content\/uploads\/2025\/08\/Ralf-Cerne-Engel-gibt-es-wirklich.jpg 1500w\" sizes=\"auto, (max-width: 300px) 100vw, 300px\" \/>Mit seiner neuen Single <em>\u201eEngel gibt es wirklich\u201c<\/em> ber\u00fchrt Ralf Cerne Herz und Seele gleicherma\u00dfen. Der einf\u00fchlsame Song ist eine liebevolle Hommage an die Menschen, die wie unsichtbare Schutzengel unser Leben begleiten \u2013 still, stark und voller W\u00e4rme.<\/p>\n<p>F\u00fcr Ralf ist dieses Thema zutiefst pers\u00f6nlich: \u201eDer Titel erinnert mich daran, wie meine Partnerin Gabi und meine vier Geschwister f\u00fcr mich wie Engel sind \u2013 immer da, wenn man sie braucht, und voller Liebe. Engel m\u00fcssen nicht immer Fl\u00fcgel tragen. Manchmal sind sie ganz nah, in den Menschen, die unser Leben bereichern.\u201c<\/p>\n<p>Musikalisch verbindet der Titel gef\u00fchlvolle Melodien mit einer sanften, eing\u00e4ngigen Produktion, die sofort unter die Haut geht. Ralfs unverwechselbare Stimme tr\u00e4gt die Botschaft von Dankbarkeit und Zusammenhalt mit einer Authentizit\u00e4t, die in der heutigen Zeit selten geworden ist.<\/p>\n<p><em>\u201eEngel gibt es wirklich\u201c<\/em> ist mehr als nur ein Song \u2013 es ist eine Erinnerung daran, dass wahre N\u00e4he und Unterst\u00fctzung unbezahlbar sind. Perfekt f\u00fcr alle, die an das Gute im Menschen glauben und es feiern wollen.<\/p>\n<p>Ab dem 22.08.2025 auf allen Streaming- und Download-Portalen verf\u00fcgbar.<\/p>\n<p><span style=\"color: #800000;\"><strong>Quelle: 2Base Records<\/strong><\/span><\/p>\n<p><span style=\"color: #800000;\"><strong>Dieser Song ist ab dem 22.08.2025 auf allen Download- und Streaming-Portalen erh\u00e4ltlich.\u00a0<\/strong><\/span><\/p>\n<p><span style=\"color: #800000;\"><strong>Airdate (f\u00fcr Radiosender): 22.08.2025<\/strong><\/span><\/p>\n","protected":false},"excerpt":{"rendered":"<p>Mit seiner neuen Single \u201eEngel gibt es wirklich\u201c ber\u00fchrt Ralf Cerne Herz und Seele gleicherma\u00dfen. Der einf\u00fchlsame Song ist eine liebevolle Hommage an die Menschen, die wie unsichtbare Schutzengel unser Leben begleiten \u2013 still, stark und voller W\u00e4rme. F\u00fcr Ralf ist dieses Thema zutiefst pers\u00f6nlich: \u201eDer Titel erinnert mich daran, wie meine Partnerin Gabi und meine vier Geschwister f\u00fcr mich wie Engel sind \u2013 immer da, wenn man sie braucht, und voller Liebe. Engel m\u00fcssen nicht immer Fl\u00fcgel tragen. Manchmal sind sie ganz nah, in den Menschen, die unser Leben bereichern.\u201c Musikalisch verbindet der Titel gef\u00fchlvolle Melodien mit einer sanften, eing\u00e4ngigen Produktion, die sofort unter&#8230;<\/p>\n","protected":false},"author":1,"featured_media":37570,"comment_status":"open","ping_status":"open","sticky":false,"template":"","format":"standard","meta":{"footnotes":""},"categories":[3252,3231,2],"tags":[1531],"class_list":["post-37569","post","type-post","status-publish","format-standard","has-post-thumbnail","hentry","category-2base-records","category-bergers-schlagerparadies","category-schlager","tag-ralf-cerne","wpcat-3252-id","wpcat-3231-id","wpcat-2-id"],"_links":{"self":[{"href":"https:\/\/bergers-schlagerparadies.de\/index.php?rest_route=\/wp\/v2\/posts\/37569","targetHints":{"allow":["GET"]}}],"collection":[{"href":"https:\/\/bergers-schlagerparadies.de\/index.php?rest_route=\/wp\/v2\/posts"}],"about":[{"href":"https:\/\/bergers-schlagerparadies.de\/index.php?rest_route=\/wp\/v2\/types\/post"}],"author":[{"embeddable":true,"href":"https:\/\/bergers-schlagerparadies.de\/index.php?rest_route=\/wp\/v2\/users\/1"}],"replies":[{"embeddable":true,"href":"https:\/\/bergers-schlagerparadies.de\/index.php?rest_route=%2Fwp%2Fv2%2Fcomments&post=37569"}],"version-history":[{"count":1,"href":"https:\/\/bergers-schlagerparadies.de\/index.php?rest_route=\/wp\/v2\/posts\/37569\/revisions"}],"predecessor-version":[{"id":37571,"href":"https:\/\/bergers-schlagerparadies.de\/index.php?rest_route=\/wp\/v2\/posts\/37569\/revisions\/37571"}],"wp:featuredmedia":[{"embeddable":true,"href":"https:\/\/bergers-schlagerparadies.de\/index.php?rest_route=\/wp\/v2\/media\/37570"}],"wp:attachment":[{"href":"https:\/\/bergers-schlagerparadies.de\/index.php?rest_route=%2Fwp%2Fv2%2Fmedia&parent=37569"}],"wp:term":[{"taxonomy":"category","embeddable":true,"href":"https:\/\/bergers-schlagerparadies.de\/index.php?rest_route=%2Fwp%2Fv2%2Fcategories&post=37569"},{"taxonomy":"post_tag","embeddable":true,"href":"https:\/\/bergers-schlagerparadies.de\/index.php?rest_route=%2Fwp%2Fv2%2Ftags&post=37569"}],"curies":[{"name":"wp","href":"https:\/\/api.w.org\/{rel}","templated":true}]}}