{"id":37542,"date":"2025-08-18T21:22:55","date_gmt":"2025-08-18T19:22:55","guid":{"rendered":"https:\/\/bergers-schlagerparadies.de\/?p=37542"},"modified":"2025-08-18T21:22:55","modified_gmt":"2025-08-18T19:22:55","slug":"jordan-hanson-ohne-dich-schlaf-ich-heut-nacht-nicht-ein-%c2%b7-bergers-schlagerparadies","status":"publish","type":"post","link":"https:\/\/bergers-schlagerparadies.de\/?p=37542","title":{"rendered":"Jordan Hanson &#8211; Ohne Dich (schlaf ich heut Nacht nicht ein) \u00b7 Berger\u00b4s Schlagerparadies"},"content":{"rendered":"<p><img loading=\"lazy\" decoding=\"async\" class=\"size-medium wp-image-37543 alignleft\" src=\"https:\/\/bergers-schlagerparadies.de\/wp-content\/uploads\/2025\/08\/Jordan-Hanson-Ohne-Dich-schlaf-ich-heut-Nacht-nicht-ein-300x300.jpg\" alt=\"\" width=\"300\" height=\"300\" srcset=\"https:\/\/bergers-schlagerparadies.de\/wp-content\/uploads\/2025\/08\/Jordan-Hanson-Ohne-Dich-schlaf-ich-heut-Nacht-nicht-ein-300x300.jpg 300w, https:\/\/bergers-schlagerparadies.de\/wp-content\/uploads\/2025\/08\/Jordan-Hanson-Ohne-Dich-schlaf-ich-heut-Nacht-nicht-ein-1024x1024.jpg 1024w, https:\/\/bergers-schlagerparadies.de\/wp-content\/uploads\/2025\/08\/Jordan-Hanson-Ohne-Dich-schlaf-ich-heut-Nacht-nicht-ein-150x150.jpg 150w, https:\/\/bergers-schlagerparadies.de\/wp-content\/uploads\/2025\/08\/Jordan-Hanson-Ohne-Dich-schlaf-ich-heut-Nacht-nicht-ein-768x768.jpg 768w, https:\/\/bergers-schlagerparadies.de\/wp-content\/uploads\/2025\/08\/Jordan-Hanson-Ohne-Dich-schlaf-ich-heut-Nacht-nicht-ein-1536x1536.jpg 1536w, https:\/\/bergers-schlagerparadies.de\/wp-content\/uploads\/2025\/08\/Jordan-Hanson-Ohne-Dich-schlaf-ich-heut-Nacht-nicht-ein-2048x2048.jpg 2048w, https:\/\/bergers-schlagerparadies.de\/wp-content\/uploads\/2025\/08\/Jordan-Hanson-Ohne-Dich-schlaf-ich-heut-Nacht-nicht-ein-1200x1200.jpg 1200w, https:\/\/bergers-schlagerparadies.de\/wp-content\/uploads\/2025\/08\/Jordan-Hanson-Ohne-Dich-schlaf-ich-heut-Nacht-nicht-ein-1188x1188.jpg 1188w, https:\/\/bergers-schlagerparadies.de\/wp-content\/uploads\/2025\/08\/Jordan-Hanson-Ohne-Dich-schlaf-ich-heut-Nacht-nicht-ein-100x100.jpg 100w\" sizes=\"auto, (max-width: 300px) 100vw, 300px\" \/>Mit seiner neuen Single schl\u00e4gt Jordan Hanson leise, aber eindrucksvolle T\u00f6ne an.<br \/>\nDer S\u00e4nger covert den legend\u00e4ren Hit \u201eOhne Dich (schlaf ich heut Nacht nicht ein)\u201c von der M\u00fcnchener Freiheit auf seine ganz pers\u00f6nliche Art \u2013 reduziert auf das Wesentliche: seine Stimme und ein Piano.<br \/>\nDer Song z\u00e4hlt zu den unvergesslichen Klassikern der deutschsprachigen Popmusik und hat \u00fcber Jahrzehnte hinweg Generationen ber\u00fchrt und verbunden.<br \/>\nAuch f\u00fcr Jordan Hanson ist dieser Titel mehr als nur ein Evergreen \u2013 \u201eOhne Dich\u201c begleitet ihn seit vielen Jahren auf der B\u00fchne und ist tief mit pers\u00f6nlichen Erinnerungen und Momenten seines Lebens verkn\u00fcpft.<\/p>\n<p><span style=\"color: #800000;\"><strong>Quelle: Fiesta Records<\/strong><\/span><\/p>\n<p><span style=\"color: #800000;\"><strong>Dieser Song ist ab dem 22.08.2025 auf allen Download- und Streaming-Portalen erh\u00e4ltlich.\u00a0<\/strong><\/span><\/p>\n<p><span style=\"color: #800000;\"><strong>Airdate (f\u00fcr Radiosender): 18.08.2025<\/strong><\/span><\/p>\n","protected":false},"excerpt":{"rendered":"<p>Mit seiner neuen Single schl\u00e4gt Jordan Hanson leise, aber eindrucksvolle T\u00f6ne an. Der S\u00e4nger covert den legend\u00e4ren Hit \u201eOhne Dich (schlaf ich heut Nacht nicht ein)\u201c von der M\u00fcnchener Freiheit auf seine ganz pers\u00f6nliche Art \u2013 reduziert auf das Wesentliche: seine Stimme und ein Piano. Der Song z\u00e4hlt zu den unvergesslichen Klassikern der deutschsprachigen Popmusik und hat \u00fcber Jahrzehnte hinweg Generationen ber\u00fchrt und verbunden. Auch f\u00fcr Jordan Hanson ist dieser Titel mehr als nur ein Evergreen \u2013 \u201eOhne Dich\u201c begleitet ihn seit vielen Jahren auf der B\u00fchne und ist tief mit pers\u00f6nlichen Erinnerungen und Momenten seines Lebens verkn\u00fcpft. Quelle: Fiesta Records Dieser Song ist ab&#8230;<\/p>\n","protected":false},"author":1,"featured_media":37543,"comment_status":"open","ping_status":"open","sticky":false,"template":"","format":"standard","meta":{"footnotes":""},"categories":[3231,3232,2],"tags":[1455],"class_list":["post-37542","post","type-post","status-publish","format-standard","has-post-thumbnail","hentry","category-bergers-schlagerparadies","category-fiesta-records","category-schlager","tag-jordan-hanson","wpcat-3231-id","wpcat-3232-id","wpcat-2-id"],"_links":{"self":[{"href":"https:\/\/bergers-schlagerparadies.de\/index.php?rest_route=\/wp\/v2\/posts\/37542","targetHints":{"allow":["GET"]}}],"collection":[{"href":"https:\/\/bergers-schlagerparadies.de\/index.php?rest_route=\/wp\/v2\/posts"}],"about":[{"href":"https:\/\/bergers-schlagerparadies.de\/index.php?rest_route=\/wp\/v2\/types\/post"}],"author":[{"embeddable":true,"href":"https:\/\/bergers-schlagerparadies.de\/index.php?rest_route=\/wp\/v2\/users\/1"}],"replies":[{"embeddable":true,"href":"https:\/\/bergers-schlagerparadies.de\/index.php?rest_route=%2Fwp%2Fv2%2Fcomments&post=37542"}],"version-history":[{"count":1,"href":"https:\/\/bergers-schlagerparadies.de\/index.php?rest_route=\/wp\/v2\/posts\/37542\/revisions"}],"predecessor-version":[{"id":37545,"href":"https:\/\/bergers-schlagerparadies.de\/index.php?rest_route=\/wp\/v2\/posts\/37542\/revisions\/37545"}],"wp:featuredmedia":[{"embeddable":true,"href":"https:\/\/bergers-schlagerparadies.de\/index.php?rest_route=\/wp\/v2\/media\/37543"}],"wp:attachment":[{"href":"https:\/\/bergers-schlagerparadies.de\/index.php?rest_route=%2Fwp%2Fv2%2Fmedia&parent=37542"}],"wp:term":[{"taxonomy":"category","embeddable":true,"href":"https:\/\/bergers-schlagerparadies.de\/index.php?rest_route=%2Fwp%2Fv2%2Fcategories&post=37542"},{"taxonomy":"post_tag","embeddable":true,"href":"https:\/\/bergers-schlagerparadies.de\/index.php?rest_route=%2Fwp%2Fv2%2Ftags&post=37542"}],"curies":[{"name":"wp","href":"https:\/\/api.w.org\/{rel}","templated":true}]}}