{"id":37520,"date":"2025-08-18T17:11:23","date_gmt":"2025-08-18T15:11:23","guid":{"rendered":"https:\/\/bergers-schlagerparadies.de\/?p=37520"},"modified":"2025-08-18T17:11:23","modified_gmt":"2025-08-18T15:11:23","slug":"anna-carina-woitschack-abenteuerlust-album-%c2%b7-bergers-schlagerparadies-2","status":"publish","type":"post","link":"https:\/\/bergers-schlagerparadies.de\/?p=37520","title":{"rendered":"Anna-Carina Woitschack Abenteuerlust (Album) \u00b7 Berger\u00b4s Schlagerparadies"},"content":{"rendered":"<p><img loading=\"lazy\" decoding=\"async\" class=\"size-medium wp-image-35890 alignleft\" src=\"https:\/\/bergers-schlagerparadies.de\/wp-content\/uploads\/2025\/06\/Anna-Carina-Woitschack-Abenteuerlust-Album-300x300.jpg\" alt=\"\" width=\"300\" height=\"300\" srcset=\"https:\/\/bergers-schlagerparadies.de\/wp-content\/uploads\/2025\/06\/Anna-Carina-Woitschack-Abenteuerlust-Album-300x300.jpg 300w, https:\/\/bergers-schlagerparadies.de\/wp-content\/uploads\/2025\/06\/Anna-Carina-Woitschack-Abenteuerlust-Album-150x150.jpg 150w, https:\/\/bergers-schlagerparadies.de\/wp-content\/uploads\/2025\/06\/Anna-Carina-Woitschack-Abenteuerlust-Album-100x100.jpg 100w, https:\/\/bergers-schlagerparadies.de\/wp-content\/uploads\/2025\/06\/Anna-Carina-Woitschack-Abenteuerlust-Album.jpg 526w\" sizes=\"auto, (max-width: 300px) 100vw, 300px\" \/>Seit Jahren z\u00e4hlt Anna-Carina Woitschack zu den erfolgreichsten K\u00fcnstlerinnen der deutschen Schlagerszene \u2013 und am 22. August 2025 schl\u00e4gt sie ein neues, spannendes Kapitel auf: Mit dem Album Abenteuerlust, das sie so pers\u00f6nlich, lebensfroh und vielseitig zeigt wie nie zuvor.<\/p>\n<p>Seit ihrer Teilnahme bei Deutschland sucht den Superstar geh\u00f6rt Anna-Carina fest zur deutschen Schlagerszene und begeistert heute mit ihrer Musik ein breites Publikum im gesamten deutschsprachigen Raum. Ihre letzten vier Studioalben landeten allesamt in den Top 10 der deutschen Albumcharts. Den bislang h\u00f6chsten Chart-Entry erzielte sie mit dem 2024 ver\u00f6ffentlichten Album Meine Zeit, das direkt auf Platz 3 der Offiziellen Deutschen Albumcharts einstieg.<\/p>\n<p>Mit dem neuen Longplayer pr\u00e4sentiert sich Anna-Carina Woitschack musikalisch gereifter und facettenreicher denn je. Sie hat ihr Produzententeam gezielt erweitert und erstmals mit Alex Wende (u.a. Marianne Rosenberg, Roland Kaiser) zusammengearbeitet. Das Ergebnis: ab-wechslungsreiche, authentische Titel mit modernen Sounds und positiver Energie. Anna-Carina: \u201eIch war wirklich abenteuerlustig \u2013 auch was die Produktion betrifft. Durch Alex Wen-de kam nochmal eine ganz neue Komponente dazu. Das Album ist f\u00fcr mich eine Steigerung zu \u201eMeine Zeit\u201c, das ja schon sehr pers\u00f6nlich war. Und es gibt eine Besonderheit: Zum ersten Mal ist keine klassische Ballade dabei \u2013 nicht, weil ich Balladen nicht liebe, sondern weil sie diesmal einfach nicht zum energiegeladenen Gesamtkonzept gepasst h\u00e4tten. Ich hatte durchweg diesen positiven Vibe \u2013 beim Schreiben, Produzieren und Ausw\u00e4hlen der Songs.\u201c<br \/>\nBereits mit der ersten Single-Auskopplung Spring mit mir ver\u00f6ffentlichte Anna-Carina einen kraftvollen Mutmach-Song. Die Botschaft: Gib nie auf, steh immer wieder auf \u2013 ganz gleich, wie schwierig die Zeiten sind. Der Titel passt auch zu ihrer Teilnahme am RTL-Erfolgsformat Ich bin ein Star \u2013 Holt mich hier raus! Anfang 2025 \u2013 und zeigte einmal mehr, wie viel St\u00e4rke, Durchhalteverm\u00f6gen und positive Energie in ihr steckt.<\/p>\n<p>Die zweite Single Du ja Du ist eine musikalische Liebeserkl\u00e4rung und weckt mit frischem Popschlager-Sound Fr\u00fchlingsgef\u00fchle. Produziert wurde der Song \u2013 ebenso wie Ich lebe jetzt \u2013 von Alex Wende. Letzterer bringt es inhaltlich auf den Punkt: \u201eIch habe mich gel\u00f6st von dem Erwartungsdruck der anderen. Ich lebe jetzt, wie nie zuvor \u2013 und ich will tanzen, singen und einfach mein Leben genie\u00dfen.\u201c<\/p>\n<p>Zu den Favoriten auf dem Album z\u00e4hlt Anna-Carina auch Luftballons im Bauch, produziert von Strasser &amp; White \u2013 ein verspielter Titel \u00fcber das Hochgef\u00fchl der Verliebtheit. Noch inten-siver wird es in Frei und wild, dass das gro\u00dfe Freiheitsgef\u00fchl beschreibt, das die S\u00e4ngerin heute empfindet. Pers\u00f6nlich wird es auch in Lass sie reden, einem Song, der all jenen Mut macht, die sich mit \u00f6ffentlicher Kritik oder Bewertungen konfrontiert sehen.<br \/>\nAnna-Carina: \u201eEs wird immer Menschen geben, denen etwas nicht gef\u00e4llt. Aber ich glaube fest daran, dass die, die einen m\u00f6gen, in der \u00dcberzahl sind. Im Dschungelcamp hat man mich gesehen, wie ich bin \u2013 ohne Maske. Am Ende gilt: Lass sie einfach reden.\u201c<\/p>\n<p>F\u00fcr eine echte \u00dcberraschung sorgt das Duett Sie, Du und Ich \u2013 gemeinsam mit Jay Khan. Der freche Song erz\u00e4hlt die Geschichte eines Paares, das in einer Bar auf eine attraktive Frau trifft und sich spielerisch in eine Fantasie zu dritt hineintr\u00e4umt. Anna-Carina: \u201eDas ist definitiv ein mutiger Titel, aber ich finde, das Thema darf man im Schlager ruhig mal aufgreifen. Es geht darum, Fantasie zuzulassen \u2013 nicht jeder Song ist autobiografisch. Jay und ich sind beide in gl\u00fccklichen Beziehungen, aber wir hatten Lust, uns musikalisch auf dieses Experiment einzulassen.\u201c Produziert wurde der eing\u00e4ngige Titel von Tim Peters \u2013 mit besten Chancen, die Tanzfl\u00e4chen zu erobern.<\/p>\n<p>Abenteuerlust ist ein Album voller Power, Lebensfreude und pers\u00f6nlicher Geschichten. Je-der Track hat seinen eigenen Charakter \u2013 Anna-Carina Woitschack beweist einmal mehr ihre musikalische Vielseitigkeit. Kein Wunder, dass die S\u00e4ngerin inzwischen nicht nur eine treue Fanbase, sondern auch fast eine halbe Million Follower in den sozialen Netzwerken hat.<\/p>\n<p>Neben der Musik begeistert sie auch im TV: Bei \u201eDie Verr\u00e4ter\u201c \u00fcberzeugte sie mit Cleverness und Nervenst\u00e4rke, zeigte sich Anfang 2025 authentisch im RTL-Erfolgsformat \u201eIch bin ein Star \u2013 Holt mich hier raus!\u201c und gab im Mai in der Erfolgsserie \u201eAlles was z\u00e4hlt\u201c ihr Schauspieldeb\u00fct. Und es bleibt spannend, wie sie selbst verr\u00e4t: \u201eEs gibt noch ein paar \u00dcberraschungen \u2013 auch TV-technisch. Besonders freue ich mich aber auf mein Solokonzert am 15. November. Es steht nat\u00fcrlich unter dem Motto Abenteuerlust \u2013 und wird wieder mit einer klei-nen Band stattfinden.\u201c<br \/>\nBereits 2024 begeisterte sie das Publikum in Dessau mit einem umjubelten Soloabend.<br \/>\nIn diesem Jahr wird in D\u00fcsseldorf gefeiert \u2013 im neu er\u00f6ffneten Schlager Caf\u00e9, gemeinsam mit ihren Fans und dem neuen Album.\u201c<\/p>\n<p>Abenteuerlust erscheint am 22. August 2025 bei TELAMO.<\/p>\n<p><span style=\"color: #800000;\"><strong>Quelle: Telamo<\/strong><\/span><\/p>\n<p><span style=\"color: #800000;\"><strong>Dieses Album ist ab dem 22.08.2025 auf allen Download- und Streaming-Portalen erh\u00e4ltlich.\u00a0<\/strong><\/span><\/p>\n<p><span style=\"color: #800000;\"><strong>Airdate (f\u00fcr Radiosender): 22.08.2025<\/strong><\/span><\/p>\n","protected":false},"excerpt":{"rendered":"<p>Seit Jahren z\u00e4hlt Anna-Carina Woitschack zu den erfolgreichsten K\u00fcnstlerinnen der deutschen Schlagerszene \u2013 und am 22. August 2025 schl\u00e4gt sie ein neues, spannendes Kapitel auf: Mit dem Album Abenteuerlust, das sie so pers\u00f6nlich, lebensfroh und vielseitig zeigt wie nie zuvor. Seit ihrer Teilnahme bei Deutschland sucht den Superstar geh\u00f6rt Anna-Carina fest zur deutschen Schlagerszene und begeistert heute mit ihrer Musik ein breites Publikum im gesamten deutschsprachigen Raum. Ihre letzten vier Studioalben landeten allesamt in den Top 10 der deutschen Albumcharts. Den bislang h\u00f6chsten Chart-Entry erzielte sie mit dem 2024 ver\u00f6ffentlichten Album Meine Zeit, das direkt auf Platz 3 der Offiziellen Deutschen Albumcharts einstieg. Mit dem&#8230;<\/p>\n","protected":false},"author":1,"featured_media":35890,"comment_status":"open","ping_status":"open","sticky":false,"template":"","format":"standard","meta":{"footnotes":""},"categories":[3257,3231,2,3239],"tags":[567],"class_list":["post-37520","post","type-post","status-publish","format-standard","has-post-thumbnail","hentry","category-album","category-bergers-schlagerparadies","category-schlager","category-telamo","tag-anna-carina-woitschack","wpcat-3257-id","wpcat-3231-id","wpcat-2-id","wpcat-3239-id"],"_links":{"self":[{"href":"https:\/\/bergers-schlagerparadies.de\/index.php?rest_route=\/wp\/v2\/posts\/37520","targetHints":{"allow":["GET"]}}],"collection":[{"href":"https:\/\/bergers-schlagerparadies.de\/index.php?rest_route=\/wp\/v2\/posts"}],"about":[{"href":"https:\/\/bergers-schlagerparadies.de\/index.php?rest_route=\/wp\/v2\/types\/post"}],"author":[{"embeddable":true,"href":"https:\/\/bergers-schlagerparadies.de\/index.php?rest_route=\/wp\/v2\/users\/1"}],"replies":[{"embeddable":true,"href":"https:\/\/bergers-schlagerparadies.de\/index.php?rest_route=%2Fwp%2Fv2%2Fcomments&post=37520"}],"version-history":[{"count":1,"href":"https:\/\/bergers-schlagerparadies.de\/index.php?rest_route=\/wp\/v2\/posts\/37520\/revisions"}],"predecessor-version":[{"id":37521,"href":"https:\/\/bergers-schlagerparadies.de\/index.php?rest_route=\/wp\/v2\/posts\/37520\/revisions\/37521"}],"wp:featuredmedia":[{"embeddable":true,"href":"https:\/\/bergers-schlagerparadies.de\/index.php?rest_route=\/wp\/v2\/media\/35890"}],"wp:attachment":[{"href":"https:\/\/bergers-schlagerparadies.de\/index.php?rest_route=%2Fwp%2Fv2%2Fmedia&parent=37520"}],"wp:term":[{"taxonomy":"category","embeddable":true,"href":"https:\/\/bergers-schlagerparadies.de\/index.php?rest_route=%2Fwp%2Fv2%2Fcategories&post=37520"},{"taxonomy":"post_tag","embeddable":true,"href":"https:\/\/bergers-schlagerparadies.de\/index.php?rest_route=%2Fwp%2Fv2%2Ftags&post=37520"}],"curies":[{"name":"wp","href":"https:\/\/api.w.org\/{rel}","templated":true}]}}