{"id":37369,"date":"2025-08-12T09:32:07","date_gmt":"2025-08-12T07:32:07","guid":{"rendered":"https:\/\/bergers-schlagerparadies.de\/?p=37369"},"modified":"2025-08-12T09:32:07","modified_gmt":"2025-08-12T07:32:07","slug":"die-schornsteinfeger-ich-habe-oft-daran-gedacht-%c2%b7-bergers-schlagerparadies","status":"publish","type":"post","link":"https:\/\/bergers-schlagerparadies.de\/?p=37369","title":{"rendered":"DIE SCHORNSTEINFEGER &#8211; Ich habe oft daran gedacht \u00b7 Berger\u00b4s Schlagerparadies"},"content":{"rendered":"<p><img loading=\"lazy\" decoding=\"async\" class=\"size-medium wp-image-37370 alignleft\" src=\"https:\/\/bergers-schlagerparadies.de\/wp-content\/uploads\/2025\/08\/DIE-SCHORNSTEINFEGER-Ich-habe-oft-daran-gedacht-300x300.jpeg\" alt=\"\" width=\"300\" height=\"300\" srcset=\"https:\/\/bergers-schlagerparadies.de\/wp-content\/uploads\/2025\/08\/DIE-SCHORNSTEINFEGER-Ich-habe-oft-daran-gedacht-300x300.jpeg 300w, https:\/\/bergers-schlagerparadies.de\/wp-content\/uploads\/2025\/08\/DIE-SCHORNSTEINFEGER-Ich-habe-oft-daran-gedacht-1024x1024.jpeg 1024w, https:\/\/bergers-schlagerparadies.de\/wp-content\/uploads\/2025\/08\/DIE-SCHORNSTEINFEGER-Ich-habe-oft-daran-gedacht-150x150.jpeg 150w, https:\/\/bergers-schlagerparadies.de\/wp-content\/uploads\/2025\/08\/DIE-SCHORNSTEINFEGER-Ich-habe-oft-daran-gedacht-768x768.jpeg 768w, https:\/\/bergers-schlagerparadies.de\/wp-content\/uploads\/2025\/08\/DIE-SCHORNSTEINFEGER-Ich-habe-oft-daran-gedacht-1188x1188.jpeg 1188w, https:\/\/bergers-schlagerparadies.de\/wp-content\/uploads\/2025\/08\/DIE-SCHORNSTEINFEGER-Ich-habe-oft-daran-gedacht-100x100.jpeg 100w, https:\/\/bergers-schlagerparadies.de\/wp-content\/uploads\/2025\/08\/DIE-SCHORNSTEINFEGER-Ich-habe-oft-daran-gedacht.jpeg 1200w\" sizes=\"auto, (max-width: 300px) 100vw, 300px\" \/>Nach wie vor sind sie regelm\u00e4\u00dfig auf Live-Tour und pr\u00e4sentieren ihren Fans 100% Deutschen Schlager! Die Schornsteinfeger ver\u00f6ffentlichten im Herbst 2023 ihr Album &#8222;Tausendmal gef\u00fchlt, geweint, gelacht&#8220;, die Arbeiten f\u00fcr ihre neue CD laufen nat\u00fcrlich schon l\u00e4ngst auf Hochtouren! &#8222;Ich habe oft daran gedacht&#8220; ist ein erster Vorgeschmack darauf.<\/p>\n<p>Seit 2003 ist der gelernte Schornsteinfeger Harry mit seiner Frau Elke unterwegs und als DIE SCHORNSTEINFEGER erscheinen regelm\u00e4\u00dfig neue Alben. Die Senkrechtstarter der Tanztempel erobern die Radiohitparaden und liefern den Fans des deutschen Schlagers beste Unterhaltung !<\/p>\n<p>Nat\u00fcrlich gibt es auch zum brandneuen Single-Titel &#8222;Ich habe oft daran gedacht&#8220; ein offizielles Musikvideo. YouTube-Premiere feiern die Schornsteinfeger damit am Dienstag, den 12.08.2025 um 20 Uhr. Nat\u00fcrlich wird auch ihr neuester Clip in den beliebten TV-Schlagerprogrammen zu sehen sein!<\/p>\n<p><span style=\"color: #800000;\"><strong>Quelle: Tyrolis<\/strong><\/span><\/p>\n<p><span style=\"color: #800000;\"><strong>Dieser Song ist ab dem 15.08.2025 auf allen Download- und Streaming-Portalen erh\u00e4ltlich.\u00a0<\/strong><\/span><\/p>\n<p><span style=\"color: #800000;\"><strong>Airdate (f\u00fcr Radiosender): 15.08.2025<\/strong><\/span><\/p>\n","protected":false},"excerpt":{"rendered":"<p>Nach wie vor sind sie regelm\u00e4\u00dfig auf Live-Tour und pr\u00e4sentieren ihren Fans 100% Deutschen Schlager! Die Schornsteinfeger ver\u00f6ffentlichten im Herbst 2023 ihr Album &#8222;Tausendmal gef\u00fchlt, geweint, gelacht&#8220;, die Arbeiten f\u00fcr ihre neue CD laufen nat\u00fcrlich schon l\u00e4ngst auf Hochtouren! &#8222;Ich habe oft daran gedacht&#8220; ist ein erster Vorgeschmack darauf. Seit 2003 ist der gelernte Schornsteinfeger Harry mit seiner Frau Elke unterwegs und als DIE SCHORNSTEINFEGER erscheinen regelm\u00e4\u00dfig neue Alben. Die Senkrechtstarter der Tanztempel erobern die Radiohitparaden und liefern den Fans des deutschen Schlagers beste Unterhaltung ! Nat\u00fcrlich gibt es auch zum brandneuen Single-Titel &#8222;Ich habe oft daran gedacht&#8220; ein offizielles Musikvideo. YouTube-Premiere feiern die Schornsteinfeger&#8230;<\/p>\n","protected":false},"author":1,"featured_media":37370,"comment_status":"open","ping_status":"open","sticky":false,"template":"","format":"standard","meta":{"footnotes":""},"categories":[3231,3255,3298,2,3459],"tags":[2904],"class_list":["post-37369","post","type-post","status-publish","format-standard","has-post-thumbnail","hentry","category-bergers-schlagerparadies","category-deutsch","category-pop-deutschsprachig","category-schlager","category-tyrolis","tag-die-schornsteinfeger","wpcat-3231-id","wpcat-3255-id","wpcat-3298-id","wpcat-2-id","wpcat-3459-id"],"_links":{"self":[{"href":"https:\/\/bergers-schlagerparadies.de\/index.php?rest_route=\/wp\/v2\/posts\/37369","targetHints":{"allow":["GET"]}}],"collection":[{"href":"https:\/\/bergers-schlagerparadies.de\/index.php?rest_route=\/wp\/v2\/posts"}],"about":[{"href":"https:\/\/bergers-schlagerparadies.de\/index.php?rest_route=\/wp\/v2\/types\/post"}],"author":[{"embeddable":true,"href":"https:\/\/bergers-schlagerparadies.de\/index.php?rest_route=\/wp\/v2\/users\/1"}],"replies":[{"embeddable":true,"href":"https:\/\/bergers-schlagerparadies.de\/index.php?rest_route=%2Fwp%2Fv2%2Fcomments&post=37369"}],"version-history":[{"count":1,"href":"https:\/\/bergers-schlagerparadies.de\/index.php?rest_route=\/wp\/v2\/posts\/37369\/revisions"}],"predecessor-version":[{"id":37371,"href":"https:\/\/bergers-schlagerparadies.de\/index.php?rest_route=\/wp\/v2\/posts\/37369\/revisions\/37371"}],"wp:featuredmedia":[{"embeddable":true,"href":"https:\/\/bergers-schlagerparadies.de\/index.php?rest_route=\/wp\/v2\/media\/37370"}],"wp:attachment":[{"href":"https:\/\/bergers-schlagerparadies.de\/index.php?rest_route=%2Fwp%2Fv2%2Fmedia&parent=37369"}],"wp:term":[{"taxonomy":"category","embeddable":true,"href":"https:\/\/bergers-schlagerparadies.de\/index.php?rest_route=%2Fwp%2Fv2%2Fcategories&post=37369"},{"taxonomy":"post_tag","embeddable":true,"href":"https:\/\/bergers-schlagerparadies.de\/index.php?rest_route=%2Fwp%2Fv2%2Ftags&post=37369"}],"curies":[{"name":"wp","href":"https:\/\/api.w.org\/{rel}","templated":true}]}}