{"id":37334,"date":"2025-08-11T10:30:38","date_gmt":"2025-08-11T08:30:38","guid":{"rendered":"https:\/\/bergers-schlagerparadies.de\/?p=37334"},"modified":"2025-08-08T14:50:32","modified_gmt":"2025-08-08T12:50:32","slug":"celina-mars-ich-geh-wieder-tanzen-%c2%b7-bergers-schlagerparadies","status":"publish","type":"post","link":"https:\/\/bergers-schlagerparadies.de\/?p=37334","title":{"rendered":"Celina Mars &#8211; Ich geh wieder tanzen \u00b7 Berger\u00b4s Schlagerparadies"},"content":{"rendered":"<p><strong><img loading=\"lazy\" decoding=\"async\" class=\"size-medium wp-image-37335 alignleft\" src=\"https:\/\/bergers-schlagerparadies.de\/wp-content\/uploads\/2025\/08\/Celina-Mars-Ich-geh-wieder-tanzen-300x300.jpg\" alt=\"\" width=\"300\" height=\"300\" srcset=\"https:\/\/bergers-schlagerparadies.de\/wp-content\/uploads\/2025\/08\/Celina-Mars-Ich-geh-wieder-tanzen-300x300.jpg 300w, https:\/\/bergers-schlagerparadies.de\/wp-content\/uploads\/2025\/08\/Celina-Mars-Ich-geh-wieder-tanzen-1024x1024.jpg 1024w, https:\/\/bergers-schlagerparadies.de\/wp-content\/uploads\/2025\/08\/Celina-Mars-Ich-geh-wieder-tanzen-150x150.jpg 150w, https:\/\/bergers-schlagerparadies.de\/wp-content\/uploads\/2025\/08\/Celina-Mars-Ich-geh-wieder-tanzen-768x768.jpg 768w, https:\/\/bergers-schlagerparadies.de\/wp-content\/uploads\/2025\/08\/Celina-Mars-Ich-geh-wieder-tanzen-1200x1200.jpg 1200w, https:\/\/bergers-schlagerparadies.de\/wp-content\/uploads\/2025\/08\/Celina-Mars-Ich-geh-wieder-tanzen-1188x1188.jpg 1188w, https:\/\/bergers-schlagerparadies.de\/wp-content\/uploads\/2025\/08\/Celina-Mars-Ich-geh-wieder-tanzen-100x100.jpg 100w, https:\/\/bergers-schlagerparadies.de\/wp-content\/uploads\/2025\/08\/Celina-Mars-Ich-geh-wieder-tanzen.jpg 1500w\" sizes=\"auto, (max-width: 300px) 100vw, 300px\" \/>Celina Mars ist zur\u00fcck \u2013 mit ihrer neuen Single \u201eIch geh wieder tanzen\u201c<\/strong><\/p>\n<p>F\u00fcnf Jahre nach ihrem Hit <em>\u201eWenn ich tanzen will\u201c<\/em> meldet sich Celina Mars eindrucksvoll zur\u00fcck \u2013 mit einer neuen Single, die den Titel passender nicht tragen k\u00f6nnte: <em>\u201eIch geh wieder tanzen\u201c<\/em>. Der Song markiert nicht nur ihre musikalische R\u00fcckkehr, sondern auch ein besonderes Wiedersehen hinter den Kulissen: Gemeinsam mit Erfolgsproduzent Hans Haas (FoxTonMusic), mit dem sie einst ihren gr\u00f6\u00dften Hit landete, schlie\u00dft sich f\u00fcr Celina ein kreativer Kreis.&#8216;<br \/>\nVer\u00f6ffentlicht \u00fcber <strong>2Base Records<\/strong>, verbindet <em>\u201eIch geh wieder tanzen\u201c<\/em> modernen Popschlager mit tanzbaren Beats, emotionaler Tiefe und der unverwechselbaren Stimme von Celina Mars. Die Single ist mehr als ein musikalisches Comeback \u2013 sie ist ein kraftvolles Statement f\u00fcr Neuanfang, Lebensfreude und Selbsterm\u00e4chtigung.<\/p>\n<p>\u201eDer Song f\u00fchlt sich f\u00fcr mich an wie ein Aufbruch. Ich m\u00f6chte Menschen ermutigen, wieder aufzustehen, das Leben zu feiern \u2013 und nat\u00fcrlich zu tanzen\u201c, sagt Celina \u00fcber ihre neue Ver\u00f6ffentlichung.<br \/>\nMit <em>\u201eIch geh wieder tanzen\u201c<\/em> kn\u00fcpft Celina Mars an fr\u00fchere Erfolge an und geht zugleich neue, mutige Wege. Produziert mit Herz, Leidenschaft und einem feinen Gesp\u00fcr f\u00fcr eing\u00e4ngige Melodien, steht die Single exemplarisch f\u00fcr den modernen Schlager: authentisch, emotional \u2013 und absolut tanzbar.<br \/>\n<strong>Text &amp; Komposition:<\/strong> Hans Haas<br \/>\n<strong>Produktion:<\/strong> Hans Haas<br \/>\n<strong>Label:<\/strong> 2Base Records<br \/>\n<strong>Verlag:<\/strong> 2Base Publishing<\/p>\n<p><strong>Ab dem 15.08.2025 auf allen g\u00e4ngigen Streaming- und Download-Plattformen erh\u00e4ltlich.<\/strong><\/p>\n<p><span style=\"color: #800000;\"><strong>Quelle: 2Base Records<\/strong><\/span><\/p>\n<p><span style=\"color: #800000;\"><strong>Dieser Song ist ab dem 15.08.2025 auf allen Download- und Streaming-Portalen erh\u00e4ltlich.\u00a0<\/strong><\/span><\/p>\n<p><span style=\"color: #800000;\"><strong>Airdate (f\u00fcr Radiosender): 15.08.2025<\/strong><\/span><\/p>\n","protected":false},"excerpt":{"rendered":"<p>Celina Mars ist zur\u00fcck \u2013 mit ihrer neuen Single \u201eIch geh wieder tanzen\u201c F\u00fcnf Jahre nach ihrem Hit \u201eWenn ich tanzen will\u201c meldet sich Celina Mars eindrucksvoll zur\u00fcck \u2013 mit einer neuen Single, die den Titel passender nicht tragen k\u00f6nnte: \u201eIch geh wieder tanzen\u201c. Der Song markiert nicht nur ihre musikalische R\u00fcckkehr, sondern auch ein besonderes Wiedersehen hinter den Kulissen: Gemeinsam mit Erfolgsproduzent Hans Haas (FoxTonMusic), mit dem sie einst ihren gr\u00f6\u00dften Hit landete, schlie\u00dft sich f\u00fcr Celina ein kreativer Kreis.&#8216; Ver\u00f6ffentlicht \u00fcber 2Base Records, verbindet \u201eIch geh wieder tanzen\u201c modernen Popschlager mit tanzbaren Beats, emotionaler Tiefe und der unverwechselbaren Stimme von Celina Mars. Die&#8230;<\/p>\n","protected":false},"author":1,"featured_media":37335,"comment_status":"open","ping_status":"open","sticky":false,"template":"","format":"standard","meta":{"footnotes":""},"categories":[3252,3231,2],"tags":[454],"class_list":["post-37334","post","type-post","status-publish","format-standard","has-post-thumbnail","hentry","category-2base-records","category-bergers-schlagerparadies","category-schlager","tag-celina-mars","wpcat-3252-id","wpcat-3231-id","wpcat-2-id"],"_links":{"self":[{"href":"https:\/\/bergers-schlagerparadies.de\/index.php?rest_route=\/wp\/v2\/posts\/37334","targetHints":{"allow":["GET"]}}],"collection":[{"href":"https:\/\/bergers-schlagerparadies.de\/index.php?rest_route=\/wp\/v2\/posts"}],"about":[{"href":"https:\/\/bergers-schlagerparadies.de\/index.php?rest_route=\/wp\/v2\/types\/post"}],"author":[{"embeddable":true,"href":"https:\/\/bergers-schlagerparadies.de\/index.php?rest_route=\/wp\/v2\/users\/1"}],"replies":[{"embeddable":true,"href":"https:\/\/bergers-schlagerparadies.de\/index.php?rest_route=%2Fwp%2Fv2%2Fcomments&post=37334"}],"version-history":[{"count":1,"href":"https:\/\/bergers-schlagerparadies.de\/index.php?rest_route=\/wp\/v2\/posts\/37334\/revisions"}],"predecessor-version":[{"id":37336,"href":"https:\/\/bergers-schlagerparadies.de\/index.php?rest_route=\/wp\/v2\/posts\/37334\/revisions\/37336"}],"wp:featuredmedia":[{"embeddable":true,"href":"https:\/\/bergers-schlagerparadies.de\/index.php?rest_route=\/wp\/v2\/media\/37335"}],"wp:attachment":[{"href":"https:\/\/bergers-schlagerparadies.de\/index.php?rest_route=%2Fwp%2Fv2%2Fmedia&parent=37334"}],"wp:term":[{"taxonomy":"category","embeddable":true,"href":"https:\/\/bergers-schlagerparadies.de\/index.php?rest_route=%2Fwp%2Fv2%2Fcategories&post=37334"},{"taxonomy":"post_tag","embeddable":true,"href":"https:\/\/bergers-schlagerparadies.de\/index.php?rest_route=%2Fwp%2Fv2%2Ftags&post=37334"}],"curies":[{"name":"wp","href":"https:\/\/api.w.org\/{rel}","templated":true}]}}