{"id":37315,"date":"2025-08-08T08:26:02","date_gmt":"2025-08-08T06:26:02","guid":{"rendered":"https:\/\/bergers-schlagerparadies.de\/?p=37315"},"modified":"2025-08-08T08:26:02","modified_gmt":"2025-08-08T06:26:02","slug":"hans-schwarzbaecker-in-dieser-nacht-%c2%b7-bergers-schlagerparadies","status":"publish","type":"post","link":"https:\/\/bergers-schlagerparadies.de\/?p=37315","title":{"rendered":"Hans Schwarzb\u00e4cker &#8211; In dieser Nacht \u00b7 Berger\u00b4s Schlagerparadies"},"content":{"rendered":"<p><img loading=\"lazy\" decoding=\"async\" class=\"size-medium wp-image-37316 alignleft\" src=\"https:\/\/bergers-schlagerparadies.de\/wp-content\/uploads\/2025\/08\/Hans-Schwarzbaecker-In-dieser-Nacht-300x300.jpeg\" alt=\"\" width=\"300\" height=\"300\" srcset=\"https:\/\/bergers-schlagerparadies.de\/wp-content\/uploads\/2025\/08\/Hans-Schwarzbaecker-In-dieser-Nacht-300x300.jpeg 300w, https:\/\/bergers-schlagerparadies.de\/wp-content\/uploads\/2025\/08\/Hans-Schwarzbaecker-In-dieser-Nacht-1024x1024.jpeg 1024w, https:\/\/bergers-schlagerparadies.de\/wp-content\/uploads\/2025\/08\/Hans-Schwarzbaecker-In-dieser-Nacht-150x150.jpeg 150w, https:\/\/bergers-schlagerparadies.de\/wp-content\/uploads\/2025\/08\/Hans-Schwarzbaecker-In-dieser-Nacht-768x768.jpeg 768w, https:\/\/bergers-schlagerparadies.de\/wp-content\/uploads\/2025\/08\/Hans-Schwarzbaecker-In-dieser-Nacht-1188x1188.jpeg 1188w, https:\/\/bergers-schlagerparadies.de\/wp-content\/uploads\/2025\/08\/Hans-Schwarzbaecker-In-dieser-Nacht-100x100.jpeg 100w, https:\/\/bergers-schlagerparadies.de\/wp-content\/uploads\/2025\/08\/Hans-Schwarzbaecker-In-dieser-Nacht.jpeg 1200w\" sizes=\"auto, (max-width: 300px) 100vw, 300px\" \/>Mit \u201eIn dieser Nacht\u201c liefert der charismatische S\u00e4nger Hans Schwarzb\u00e4cker seinen mittlerweile vierten Titel ab \u2013 und legt damit einen weiteren Discofox-Knaller vor, der direkt ins Herz trifft und sofort in die Beine geht. Getragen von seiner geschmeidig-einf\u00fchlsamen Stimme und einer mitrei\u00dfenden Produktion entfaltet sich ein Song, der alles mitbringt, was es f\u00fcr einen modernen Schlager-Hit braucht: Emotion, Energie und das gewisse Etwas, das ihn zum Ohrwurm macht. Was genau geschieht \u201ein dieser Nacht\u201c? Der Song l\u00e4sst viel Raum f\u00fcr Fantasie \u2013 und doch f\u00fchlt sich jede Zeile nahbar und authentisch an. Produziert von Stefan Krug und Andreas Franz Hammerschmidt, der auch f\u00fcr die ausdrucksstarke Komposition und den gef\u00fchlvollen Text verantwortlich zeichnet, \u00fcberzeugt \u201eIn dieser Nacht\u201c mit klarem Discofox-Drive, tanzbaren Beats und radiotauglicher Hookline. Hans Schwarzb\u00e4cker best\u00e4tigt einmal mehr seinen Ruf als vielversprechender Shootingstar der Schlagerszene \u2013 mit einem Titel, der sowohl auf der Tanzfl\u00e4che als auch im Airplay z\u00fcndet.<br \/>\nTitel: In dieser Nacht \u2028Interpret: Hans Schwarzb\u00e4cker\u2028Text: Andreas Franz Hammerschmidt \u2028Musik: Andreas Franz Hammerschmidt \/ Stefan Krug \u2028Produktion: Stefan Krug \/ Andreas Franz Hammerschmidt \u2028Label: ah-Ton \u2028V\u00d6-Datum: 08.08.2025<\/p>\n<p><span style=\"color: #800000;\"><strong>Quelle: ah-Ton<\/strong><\/span><\/p>\n<p><span style=\"color: #800000;\"><strong>Dieser Song ist ab dem 08.08.2025 auf allen Download- und Streaming-Portalen erh\u00e4ltlich.\u00a0<\/strong><\/span><\/p>\n<p><span style=\"color: #800000;\"><strong>Airdate (f\u00fcr Radiosender): 08.08.2025<\/strong><\/span><\/p>\n","protected":false},"excerpt":{"rendered":"<p>Mit \u201eIn dieser Nacht\u201c liefert der charismatische S\u00e4nger Hans Schwarzb\u00e4cker seinen mittlerweile vierten Titel ab \u2013 und legt damit einen weiteren Discofox-Knaller vor, der direkt ins Herz trifft und sofort in die Beine geht. Getragen von seiner geschmeidig-einf\u00fchlsamen Stimme und einer mitrei\u00dfenden Produktion entfaltet sich ein Song, der alles mitbringt, was es f\u00fcr einen modernen Schlager-Hit braucht: Emotion, Energie und das gewisse Etwas, das ihn zum Ohrwurm macht. Was genau geschieht \u201ein dieser Nacht\u201c? Der Song l\u00e4sst viel Raum f\u00fcr Fantasie \u2013 und doch f\u00fchlt sich jede Zeile nahbar und authentisch an. Produziert von Stefan Krug und Andreas Franz Hammerschmidt, der auch f\u00fcr die ausdrucksstarke&#8230;<\/p>\n","protected":false},"author":1,"featured_media":37316,"comment_status":"open","ping_status":"open","sticky":false,"template":"","format":"standard","meta":{"footnotes":""},"categories":[3361,3231,3255],"tags":[2633],"class_list":["post-37315","post","type-post","status-publish","format-standard","has-post-thumbnail","hentry","category-ah-ton","category-bergers-schlagerparadies","category-deutsch","tag-hans-schwarzbaecker","wpcat-3361-id","wpcat-3231-id","wpcat-3255-id"],"_links":{"self":[{"href":"https:\/\/bergers-schlagerparadies.de\/index.php?rest_route=\/wp\/v2\/posts\/37315","targetHints":{"allow":["GET"]}}],"collection":[{"href":"https:\/\/bergers-schlagerparadies.de\/index.php?rest_route=\/wp\/v2\/posts"}],"about":[{"href":"https:\/\/bergers-schlagerparadies.de\/index.php?rest_route=\/wp\/v2\/types\/post"}],"author":[{"embeddable":true,"href":"https:\/\/bergers-schlagerparadies.de\/index.php?rest_route=\/wp\/v2\/users\/1"}],"replies":[{"embeddable":true,"href":"https:\/\/bergers-schlagerparadies.de\/index.php?rest_route=%2Fwp%2Fv2%2Fcomments&post=37315"}],"version-history":[{"count":1,"href":"https:\/\/bergers-schlagerparadies.de\/index.php?rest_route=\/wp\/v2\/posts\/37315\/revisions"}],"predecessor-version":[{"id":37317,"href":"https:\/\/bergers-schlagerparadies.de\/index.php?rest_route=\/wp\/v2\/posts\/37315\/revisions\/37317"}],"wp:featuredmedia":[{"embeddable":true,"href":"https:\/\/bergers-schlagerparadies.de\/index.php?rest_route=\/wp\/v2\/media\/37316"}],"wp:attachment":[{"href":"https:\/\/bergers-schlagerparadies.de\/index.php?rest_route=%2Fwp%2Fv2%2Fmedia&parent=37315"}],"wp:term":[{"taxonomy":"category","embeddable":true,"href":"https:\/\/bergers-schlagerparadies.de\/index.php?rest_route=%2Fwp%2Fv2%2Fcategories&post=37315"},{"taxonomy":"post_tag","embeddable":true,"href":"https:\/\/bergers-schlagerparadies.de\/index.php?rest_route=%2Fwp%2Fv2%2Ftags&post=37315"}],"curies":[{"name":"wp","href":"https:\/\/api.w.org\/{rel}","templated":true}]}}