{"id":37283,"date":"2025-08-11T10:30:11","date_gmt":"2025-08-11T08:30:11","guid":{"rendered":"https:\/\/bergers-schlagerparadies.de\/?p=37283"},"modified":"2025-08-11T13:22:51","modified_gmt":"2025-08-11T11:22:51","slug":"mike-van-hyke-wenn-der-wind-mich-nicht-mehr-traegt-%c2%b7-bergers-schlagerparadies","status":"publish","type":"post","link":"https:\/\/bergers-schlagerparadies.de\/?p=37283","title":{"rendered":"Mike van Hyke &#8211; Wenn der Wind mich nicht mehr tr\u00e4gt \u00b7 Berger\u00b4s Schlagerparadies"},"content":{"rendered":"<p><img loading=\"lazy\" decoding=\"async\" class=\"size-medium wp-image-37284 alignleft\" src=\"https:\/\/bergers-schlagerparadies.de\/wp-content\/uploads\/2025\/08\/Mike-van-Hyke-Wenn-der-Wind-mich-nicht-mehr-traegt-300x300.jpeg\" alt=\"\" width=\"300\" height=\"300\" srcset=\"https:\/\/bergers-schlagerparadies.de\/wp-content\/uploads\/2025\/08\/Mike-van-Hyke-Wenn-der-Wind-mich-nicht-mehr-traegt-300x300.jpeg 300w, https:\/\/bergers-schlagerparadies.de\/wp-content\/uploads\/2025\/08\/Mike-van-Hyke-Wenn-der-Wind-mich-nicht-mehr-traegt-1024x1024.jpeg 1024w, https:\/\/bergers-schlagerparadies.de\/wp-content\/uploads\/2025\/08\/Mike-van-Hyke-Wenn-der-Wind-mich-nicht-mehr-traegt-150x150.jpeg 150w, https:\/\/bergers-schlagerparadies.de\/wp-content\/uploads\/2025\/08\/Mike-van-Hyke-Wenn-der-Wind-mich-nicht-mehr-traegt-768x768.jpeg 768w, https:\/\/bergers-schlagerparadies.de\/wp-content\/uploads\/2025\/08\/Mike-van-Hyke-Wenn-der-Wind-mich-nicht-mehr-traegt-1536x1536.jpeg 1536w, https:\/\/bergers-schlagerparadies.de\/wp-content\/uploads\/2025\/08\/Mike-van-Hyke-Wenn-der-Wind-mich-nicht-mehr-traegt-2048x2048.jpeg 2048w, https:\/\/bergers-schlagerparadies.de\/wp-content\/uploads\/2025\/08\/Mike-van-Hyke-Wenn-der-Wind-mich-nicht-mehr-traegt-1200x1200.jpeg 1200w, https:\/\/bergers-schlagerparadies.de\/wp-content\/uploads\/2025\/08\/Mike-van-Hyke-Wenn-der-Wind-mich-nicht-mehr-traegt-1188x1188.jpeg 1188w, https:\/\/bergers-schlagerparadies.de\/wp-content\/uploads\/2025\/08\/Mike-van-Hyke-Wenn-der-Wind-mich-nicht-mehr-traegt-100x100.jpeg 100w\" sizes=\"auto, (max-width: 300px) 100vw, 300px\" \/>Mit seiner neuen Single \u201eWenn der Wind mich nicht mehr tr\u00e4gt\u201c ver\u00f6ffentlicht Mike van Hyke eine zutiefst pers\u00f6nliche und emotionale Zwischenauskopplung \u2013 ein Lied voller Gef\u00fchl, Tiefe und aufrichtiger Liebe.<\/p>\n<p>Der Song ist seiner gro\u00dfen Liebe gewidmet und bringt in eindrucksvollen Bildern zum Ausdruck, wie sehr sie sein Leben ver\u00e4ndert hat.<\/p>\n<p>Die Lyrics erz\u00e4hlen von dunklen Zeiten, Einsamkeit und inneren K\u00e4mpfen \u2013 aber auch von Hoffnung, Vertrauen und der heilenden Kraft der N\u00e4he. Zeilen wie \u201eZeig mir den Weg, f\u00fchr mich zum Licht\u201c oder \u201eWirst du mich auch lieben, wenn es brennt\u201c spiegeln eine tiefe Sehnsucht nach Geborgenheit und Sicherheit wider.<\/p>\n<p>\u201eWenn der Wind mich nicht mehr tr\u00e4gt\u201c ist mehr als ein Liebeslied \u2013 es ist ein Versprechen, ein Bekenntnis und eine Botschaft: Wahre Liebe gibt Kraft, selbst dann, wenn alles andere ins Wanken ger\u00e4t.<\/p>\n<p>Mit seiner gef\u00fchlvollen Stimme und einer bewegenden musikalischen Umsetzung beweist Mike van Hyke erneut sein Gesp\u00fcr f\u00fcr authentische Emotionen \u2013 und ber\u00fchrt damit mitten ins Herz.<\/p>\n<p><span style=\"color: #800000;\"><strong>Quelle: Fiesta Records<\/strong><\/span><\/p>\n<p><span style=\"color: #800000;\"><strong>Dieser Song ist ab dem 15.08.2025 auf allen Download- und Streaming-Portalen erh\u00e4ltlich.\u00a0<\/strong><\/span><\/p>\n<p><span style=\"color: #800000;\"><strong>Airdate (f\u00fcr Radiosender): 11.08.2025<\/strong><\/span><\/p>\n","protected":false},"excerpt":{"rendered":"<p>Mit seiner neuen Single \u201eWenn der Wind mich nicht mehr tr\u00e4gt\u201c ver\u00f6ffentlicht Mike van Hyke eine zutiefst pers\u00f6nliche und emotionale Zwischenauskopplung \u2013 ein Lied voller Gef\u00fchl, Tiefe und aufrichtiger Liebe. Der Song ist seiner gro\u00dfen Liebe gewidmet und bringt in eindrucksvollen Bildern zum Ausdruck, wie sehr sie sein Leben ver\u00e4ndert hat. Die Lyrics erz\u00e4hlen von dunklen Zeiten, Einsamkeit und inneren K\u00e4mpfen \u2013 aber auch von Hoffnung, Vertrauen und der heilenden Kraft der N\u00e4he. Zeilen wie \u201eZeig mir den Weg, f\u00fchr mich zum Licht\u201c oder \u201eWirst du mich auch lieben, wenn es brennt\u201c spiegeln eine tiefe Sehnsucht nach Geborgenheit und Sicherheit wider. \u201eWenn der Wind mich&#8230;<\/p>\n","protected":false},"author":1,"featured_media":37284,"comment_status":"open","ping_status":"open","sticky":false,"template":"","format":"standard","meta":{"footnotes":""},"categories":[3231,3232,2],"tags":[79],"class_list":["post-37283","post","type-post","status-publish","format-standard","has-post-thumbnail","hentry","category-bergers-schlagerparadies","category-fiesta-records","category-schlager","tag-mike-van-hyke","wpcat-3231-id","wpcat-3232-id","wpcat-2-id"],"_links":{"self":[{"href":"https:\/\/bergers-schlagerparadies.de\/index.php?rest_route=\/wp\/v2\/posts\/37283","targetHints":{"allow":["GET"]}}],"collection":[{"href":"https:\/\/bergers-schlagerparadies.de\/index.php?rest_route=\/wp\/v2\/posts"}],"about":[{"href":"https:\/\/bergers-schlagerparadies.de\/index.php?rest_route=\/wp\/v2\/types\/post"}],"author":[{"embeddable":true,"href":"https:\/\/bergers-schlagerparadies.de\/index.php?rest_route=\/wp\/v2\/users\/1"}],"replies":[{"embeddable":true,"href":"https:\/\/bergers-schlagerparadies.de\/index.php?rest_route=%2Fwp%2Fv2%2Fcomments&post=37283"}],"version-history":[{"count":2,"href":"https:\/\/bergers-schlagerparadies.de\/index.php?rest_route=\/wp\/v2\/posts\/37283\/revisions"}],"predecessor-version":[{"id":37363,"href":"https:\/\/bergers-schlagerparadies.de\/index.php?rest_route=\/wp\/v2\/posts\/37283\/revisions\/37363"}],"wp:featuredmedia":[{"embeddable":true,"href":"https:\/\/bergers-schlagerparadies.de\/index.php?rest_route=\/wp\/v2\/media\/37284"}],"wp:attachment":[{"href":"https:\/\/bergers-schlagerparadies.de\/index.php?rest_route=%2Fwp%2Fv2%2Fmedia&parent=37283"}],"wp:term":[{"taxonomy":"category","embeddable":true,"href":"https:\/\/bergers-schlagerparadies.de\/index.php?rest_route=%2Fwp%2Fv2%2Fcategories&post=37283"},{"taxonomy":"post_tag","embeddable":true,"href":"https:\/\/bergers-schlagerparadies.de\/index.php?rest_route=%2Fwp%2Fv2%2Ftags&post=37283"}],"curies":[{"name":"wp","href":"https:\/\/api.w.org\/{rel}","templated":true}]}}