{"id":37280,"date":"2025-08-07T10:30:39","date_gmt":"2025-08-07T08:30:39","guid":{"rendered":"https:\/\/bergers-schlagerparadies.de\/?p=37280"},"modified":"2025-08-08T14:19:48","modified_gmt":"2025-08-08T12:19:48","slug":"michael-egerer-mit-dir-streichelt-mich-das-leben-%c2%b7-bergers-schlagerparadies","status":"publish","type":"post","link":"https:\/\/bergers-schlagerparadies.de\/?p=37280","title":{"rendered":"Michael Egerer &#8211; Mit dir streichelt mich das Leben \u00b7 Berger\u00b4s Schlagerparadies"},"content":{"rendered":"<p><img loading=\"lazy\" decoding=\"async\" class=\"size-medium wp-image-37281 alignleft\" src=\"https:\/\/bergers-schlagerparadies.de\/wp-content\/uploads\/2025\/08\/Michael-Egerer-Mit-dir-streichelt-mich-das-Leben-300x300.jpeg\" alt=\"\" width=\"300\" height=\"300\" srcset=\"https:\/\/bergers-schlagerparadies.de\/wp-content\/uploads\/2025\/08\/Michael-Egerer-Mit-dir-streichelt-mich-das-Leben-300x300.jpeg 300w, https:\/\/bergers-schlagerparadies.de\/wp-content\/uploads\/2025\/08\/Michael-Egerer-Mit-dir-streichelt-mich-das-Leben-1024x1024.jpeg 1024w, https:\/\/bergers-schlagerparadies.de\/wp-content\/uploads\/2025\/08\/Michael-Egerer-Mit-dir-streichelt-mich-das-Leben-150x150.jpeg 150w, https:\/\/bergers-schlagerparadies.de\/wp-content\/uploads\/2025\/08\/Michael-Egerer-Mit-dir-streichelt-mich-das-Leben-768x768.jpeg 768w, https:\/\/bergers-schlagerparadies.de\/wp-content\/uploads\/2025\/08\/Michael-Egerer-Mit-dir-streichelt-mich-das-Leben-1536x1536.jpeg 1536w, https:\/\/bergers-schlagerparadies.de\/wp-content\/uploads\/2025\/08\/Michael-Egerer-Mit-dir-streichelt-mich-das-Leben-2048x2048.jpeg 2048w, https:\/\/bergers-schlagerparadies.de\/wp-content\/uploads\/2025\/08\/Michael-Egerer-Mit-dir-streichelt-mich-das-Leben-1200x1200.jpeg 1200w, https:\/\/bergers-schlagerparadies.de\/wp-content\/uploads\/2025\/08\/Michael-Egerer-Mit-dir-streichelt-mich-das-Leben-1188x1188.jpeg 1188w, https:\/\/bergers-schlagerparadies.de\/wp-content\/uploads\/2025\/08\/Michael-Egerer-Mit-dir-streichelt-mich-das-Leben-100x100.jpeg 100w\" sizes=\"auto, (max-width: 300px) 100vw, 300px\" \/>Schlagerfans aufgepasst: Der renommierte Komponist und Texter Michael Egerer entfacht mit \u201eMit dir streichelt mich das Leben\u201c ein emotional aufgeladenes Meisterwerk, das Herzen im Sturm erobert.<\/p>\n<p>Mit tiefgr\u00fcndigen Texten, eing\u00e4ngigen Melodien und warmen Kl\u00e4ngen feiert dieser gef\u00fchlvolle Song die Magie der Liebe und die Sch\u00f6nheit gemeinsamer Momente \u2013 mehr als nur Musik, ein echtes Gef\u00fchl.<\/p>\n<p>Eine Einladung an Schlagerfreunde, Radiostationen und Musikliebhaber, sich verzaubern zu lassen, zu tr\u00e4umen und das Leben tanzend zu genie\u00dfen.<\/p>\n<p><span style=\"color: #800000;\"><strong>Quelle: Fiesta Records<\/strong><\/span><\/p>\n<p><span style=\"color: #800000;\"><strong>Dieser Song ist ab dem 15.08.2025 auf allen Download- und Streaming-Portalen erh\u00e4ltlich.\u00a0<\/strong><\/span><\/p>\n<p><span style=\"color: #800000;\"><strong>Airdate (f\u00fcr Radiosender): 07.08.2025<\/strong><\/span><\/p>\n","protected":false},"excerpt":{"rendered":"<p>Schlagerfans aufgepasst: Der renommierte Komponist und Texter Michael Egerer entfacht mit \u201eMit dir streichelt mich das Leben\u201c ein emotional aufgeladenes Meisterwerk, das Herzen im Sturm erobert. Mit tiefgr\u00fcndigen Texten, eing\u00e4ngigen Melodien und warmen Kl\u00e4ngen feiert dieser gef\u00fchlvolle Song die Magie der Liebe und die Sch\u00f6nheit gemeinsamer Momente \u2013 mehr als nur Musik, ein echtes Gef\u00fchl. Eine Einladung an Schlagerfreunde, Radiostationen und Musikliebhaber, sich verzaubern zu lassen, zu tr\u00e4umen und das Leben tanzend zu genie\u00dfen. Quelle: Fiesta Records Dieser Song ist ab dem 15.08.2025 auf allen Download- und Streaming-Portalen erh\u00e4ltlich.\u00a0 Airdate (f\u00fcr Radiosender): 07.08.2025<\/p>\n","protected":false},"author":1,"featured_media":37281,"comment_status":"open","ping_status":"open","sticky":false,"template":"","format":"standard","meta":{"footnotes":""},"categories":[3231,3232,2],"tags":[3954],"class_list":["post-37280","post","type-post","status-publish","format-standard","has-post-thumbnail","hentry","category-bergers-schlagerparadies","category-fiesta-records","category-schlager","tag-michael-egerer","wpcat-3231-id","wpcat-3232-id","wpcat-2-id"],"_links":{"self":[{"href":"https:\/\/bergers-schlagerparadies.de\/index.php?rest_route=\/wp\/v2\/posts\/37280","targetHints":{"allow":["GET"]}}],"collection":[{"href":"https:\/\/bergers-schlagerparadies.de\/index.php?rest_route=\/wp\/v2\/posts"}],"about":[{"href":"https:\/\/bergers-schlagerparadies.de\/index.php?rest_route=\/wp\/v2\/types\/post"}],"author":[{"embeddable":true,"href":"https:\/\/bergers-schlagerparadies.de\/index.php?rest_route=\/wp\/v2\/users\/1"}],"replies":[{"embeddable":true,"href":"https:\/\/bergers-schlagerparadies.de\/index.php?rest_route=%2Fwp%2Fv2%2Fcomments&post=37280"}],"version-history":[{"count":2,"href":"https:\/\/bergers-schlagerparadies.de\/index.php?rest_route=\/wp\/v2\/posts\/37280\/revisions"}],"predecessor-version":[{"id":37328,"href":"https:\/\/bergers-schlagerparadies.de\/index.php?rest_route=\/wp\/v2\/posts\/37280\/revisions\/37328"}],"wp:featuredmedia":[{"embeddable":true,"href":"https:\/\/bergers-schlagerparadies.de\/index.php?rest_route=\/wp\/v2\/media\/37281"}],"wp:attachment":[{"href":"https:\/\/bergers-schlagerparadies.de\/index.php?rest_route=%2Fwp%2Fv2%2Fmedia&parent=37280"}],"wp:term":[{"taxonomy":"category","embeddable":true,"href":"https:\/\/bergers-schlagerparadies.de\/index.php?rest_route=%2Fwp%2Fv2%2Fcategories&post=37280"},{"taxonomy":"post_tag","embeddable":true,"href":"https:\/\/bergers-schlagerparadies.de\/index.php?rest_route=%2Fwp%2Fv2%2Ftags&post=37280"}],"curies":[{"name":"wp","href":"https:\/\/api.w.org\/{rel}","templated":true}]}}