{"id":37276,"date":"2025-08-15T10:30:31","date_gmt":"2025-08-15T08:30:31","guid":{"rendered":"https:\/\/bergers-schlagerparadies.de\/?p=37276"},"modified":"2025-08-15T11:13:57","modified_gmt":"2025-08-15T09:13:57","slug":"marcus-faber-fotobuch-der-liebe-%c2%b7-bergers-schlagerparadies","status":"publish","type":"post","link":"https:\/\/bergers-schlagerparadies.de\/?p=37276","title":{"rendered":"Marcus Faber &#8211; Fotobuch der Liebe \u00b7 Berger\u00b4s Schlagerparadies"},"content":{"rendered":"<p><img loading=\"lazy\" decoding=\"async\" class=\"size-medium wp-image-37277 alignleft\" src=\"https:\/\/bergers-schlagerparadies.de\/wp-content\/uploads\/2025\/08\/Marcus-Faber-Fotobuch-der-Liebe-300x300.jpeg\" alt=\"\" width=\"300\" height=\"300\" srcset=\"https:\/\/bergers-schlagerparadies.de\/wp-content\/uploads\/2025\/08\/Marcus-Faber-Fotobuch-der-Liebe-300x300.jpeg 300w, https:\/\/bergers-schlagerparadies.de\/wp-content\/uploads\/2025\/08\/Marcus-Faber-Fotobuch-der-Liebe-1024x1024.jpeg 1024w, https:\/\/bergers-schlagerparadies.de\/wp-content\/uploads\/2025\/08\/Marcus-Faber-Fotobuch-der-Liebe-150x150.jpeg 150w, https:\/\/bergers-schlagerparadies.de\/wp-content\/uploads\/2025\/08\/Marcus-Faber-Fotobuch-der-Liebe-768x768.jpeg 768w, https:\/\/bergers-schlagerparadies.de\/wp-content\/uploads\/2025\/08\/Marcus-Faber-Fotobuch-der-Liebe-1536x1536.jpeg 1536w, https:\/\/bergers-schlagerparadies.de\/wp-content\/uploads\/2025\/08\/Marcus-Faber-Fotobuch-der-Liebe-2048x2048.jpeg 2048w, https:\/\/bergers-schlagerparadies.de\/wp-content\/uploads\/2025\/08\/Marcus-Faber-Fotobuch-der-Liebe-1200x1200.jpeg 1200w, https:\/\/bergers-schlagerparadies.de\/wp-content\/uploads\/2025\/08\/Marcus-Faber-Fotobuch-der-Liebe-1188x1188.jpeg 1188w, https:\/\/bergers-schlagerparadies.de\/wp-content\/uploads\/2025\/08\/Marcus-Faber-Fotobuch-der-Liebe-100x100.jpeg 100w\" sizes=\"auto, (max-width: 300px) 100vw, 300px\" \/>Mit seiner neuen Single \u201eFotobuch der Liebe\u201c \u00f6ffnet Marcus Faber ein musikalisches Fenster in eine vergangene Beziehung \u2013 voller W\u00e4rme, N\u00e4he und gemeinsamer Tr\u00e4ume.<\/p>\n<p>Wie beim Durchbl\u00e4ttern eines alten Fotoalbums l\u00e4sst der Song ber\u00fchrende Erinnerungen aufleben, getragen von gef\u00fchlvollem Gesang, moderner Instrumentierung und aufrichtigen Texten.<\/p>\n<p>Dabei verwebt Faber Schmerz und Sehnsucht mit einem leisen Hoffnungsschimmer: der M\u00f6glichkeit einer zweiten Chance.<\/p>\n<p>\u201eFotobuch der Liebe\u201c ist ein ehrliches, emotional tiefgehendes St\u00fcck Musik \u2013 f\u00fcr alle, die lieben, verloren haben und dennoch an die Kraft der Liebe glauben.<\/p>\n<p><span style=\"color: #800000;\"><strong>Quelle: Fiesta Records<\/strong><\/span><\/p>\n<p><span style=\"color: #800000;\"><strong>Dieser Song ist ab dem 15.08.2025 auf allen Download- und Streaming-Portalen erh\u00e4ltlich.\u00a0<\/strong><\/span><\/p>\n<p><span style=\"color: #800000;\"><strong>Airdate (f\u00fcr Radiosender): 14.08.2025<\/strong><\/span><\/p>\n","protected":false},"excerpt":{"rendered":"<p>Mit seiner neuen Single \u201eFotobuch der Liebe\u201c \u00f6ffnet Marcus Faber ein musikalisches Fenster in eine vergangene Beziehung \u2013 voller W\u00e4rme, N\u00e4he und gemeinsamer Tr\u00e4ume. Wie beim Durchbl\u00e4ttern eines alten Fotoalbums l\u00e4sst der Song ber\u00fchrende Erinnerungen aufleben, getragen von gef\u00fchlvollem Gesang, moderner Instrumentierung und aufrichtigen Texten. Dabei verwebt Faber Schmerz und Sehnsucht mit einem leisen Hoffnungsschimmer: der M\u00f6glichkeit einer zweiten Chance. \u201eFotobuch der Liebe\u201c ist ein ehrliches, emotional tiefgehendes St\u00fcck Musik \u2013 f\u00fcr alle, die lieben, verloren haben und dennoch an die Kraft der Liebe glauben. Quelle: Fiesta Records Dieser Song ist ab dem 15.08.2025 auf allen Download- und Streaming-Portalen erh\u00e4ltlich.\u00a0 Airdate (f\u00fcr Radiosender): 14.08.2025<\/p>\n","protected":false},"author":1,"featured_media":37277,"comment_status":"open","ping_status":"open","sticky":false,"template":"","format":"standard","meta":{"footnotes":""},"categories":[3231,3232,2],"tags":[2485],"class_list":["post-37276","post","type-post","status-publish","format-standard","has-post-thumbnail","hentry","category-bergers-schlagerparadies","category-fiesta-records","category-schlager","tag-marcus-faber","wpcat-3231-id","wpcat-3232-id","wpcat-2-id"],"_links":{"self":[{"href":"https:\/\/bergers-schlagerparadies.de\/index.php?rest_route=\/wp\/v2\/posts\/37276","targetHints":{"allow":["GET"]}}],"collection":[{"href":"https:\/\/bergers-schlagerparadies.de\/index.php?rest_route=\/wp\/v2\/posts"}],"about":[{"href":"https:\/\/bergers-schlagerparadies.de\/index.php?rest_route=\/wp\/v2\/types\/post"}],"author":[{"embeddable":true,"href":"https:\/\/bergers-schlagerparadies.de\/index.php?rest_route=\/wp\/v2\/users\/1"}],"replies":[{"embeddable":true,"href":"https:\/\/bergers-schlagerparadies.de\/index.php?rest_route=%2Fwp%2Fv2%2Fcomments&post=37276"}],"version-history":[{"count":2,"href":"https:\/\/bergers-schlagerparadies.de\/index.php?rest_route=\/wp\/v2\/posts\/37276\/revisions"}],"predecessor-version":[{"id":37495,"href":"https:\/\/bergers-schlagerparadies.de\/index.php?rest_route=\/wp\/v2\/posts\/37276\/revisions\/37495"}],"wp:featuredmedia":[{"embeddable":true,"href":"https:\/\/bergers-schlagerparadies.de\/index.php?rest_route=\/wp\/v2\/media\/37277"}],"wp:attachment":[{"href":"https:\/\/bergers-schlagerparadies.de\/index.php?rest_route=%2Fwp%2Fv2%2Fmedia&parent=37276"}],"wp:term":[{"taxonomy":"category","embeddable":true,"href":"https:\/\/bergers-schlagerparadies.de\/index.php?rest_route=%2Fwp%2Fv2%2Fcategories&post=37276"},{"taxonomy":"post_tag","embeddable":true,"href":"https:\/\/bergers-schlagerparadies.de\/index.php?rest_route=%2Fwp%2Fv2%2Ftags&post=37276"}],"curies":[{"name":"wp","href":"https:\/\/api.w.org\/{rel}","templated":true}]}}