{"id":37229,"date":"2025-08-04T20:48:25","date_gmt":"2025-08-04T18:48:25","guid":{"rendered":"https:\/\/bergers-schlagerparadies.de\/?p=37229"},"modified":"2025-08-04T20:48:25","modified_gmt":"2025-08-04T18:48:25","slug":"cat-vito-herzlich-willkommen-%c2%b7-bergers-schlagerparadies","status":"publish","type":"post","link":"https:\/\/bergers-schlagerparadies.de\/?p=37229","title":{"rendered":"Cat &#038; Vito &#8211; Herzlich willkommen \u00b7 Berger\u00b4s Schlagerparadies"},"content":{"rendered":"<p><img loading=\"lazy\" decoding=\"async\" class=\"size-medium wp-image-37230 alignleft\" src=\"https:\/\/bergers-schlagerparadies.de\/wp-content\/uploads\/2025\/08\/Cat-Vito-Herzlich-willkommen-300x300.jpeg\" alt=\"\" width=\"300\" height=\"300\" srcset=\"https:\/\/bergers-schlagerparadies.de\/wp-content\/uploads\/2025\/08\/Cat-Vito-Herzlich-willkommen-300x300.jpeg 300w, https:\/\/bergers-schlagerparadies.de\/wp-content\/uploads\/2025\/08\/Cat-Vito-Herzlich-willkommen-1024x1024.jpeg 1024w, https:\/\/bergers-schlagerparadies.de\/wp-content\/uploads\/2025\/08\/Cat-Vito-Herzlich-willkommen-150x150.jpeg 150w, https:\/\/bergers-schlagerparadies.de\/wp-content\/uploads\/2025\/08\/Cat-Vito-Herzlich-willkommen-768x768.jpeg 768w, https:\/\/bergers-schlagerparadies.de\/wp-content\/uploads\/2025\/08\/Cat-Vito-Herzlich-willkommen-1200x1200.jpeg 1200w, https:\/\/bergers-schlagerparadies.de\/wp-content\/uploads\/2025\/08\/Cat-Vito-Herzlich-willkommen-1188x1188.jpeg 1188w, https:\/\/bergers-schlagerparadies.de\/wp-content\/uploads\/2025\/08\/Cat-Vito-Herzlich-willkommen-100x100.jpeg 100w, https:\/\/bergers-schlagerparadies.de\/wp-content\/uploads\/2025\/08\/Cat-Vito-Herzlich-willkommen.jpeg 1400w\" sizes=\"auto, (max-width: 300px) 100vw, 300px\" \/>Am 08. August wird mit \u201eHerzlich Willkommen\u201c die zweite Singleauskopplung aus dem Deb\u00fctalbum Kopf\u00fcber in die Freiheit von Cat &amp; Vito ver\u00f6ffentlicht. Der Song vereint modernen Popschlager mit einem charmanten Augenzwinkern und liefert eine ehrliche wie lebensbejahende Botschaft: Mal l\u00e4uft\u2019s perfekt, und dann wieder daneben \u2013 herzlich willkommen, so ist das Leben.<br \/>\nDer Text stammt aus der Feder von Alexander Scholz, f\u00fcr die Musik und Produktion zeichnet Hans Hensen verantwortlich, der bereits f\u00fcr namhafte K\u00fcnstler*innen wie Andrea Berg, Beatrice Egli und Ross Antony gearbeitet hat. Mit eing\u00e4ngigen Melodien, sommerlich-leichtem Groove und einer Prise Selbstironie erz\u00e4hlt der Song von den H\u00f6hen und Tiefen des Alltags \u2013 vom Scheitern in der Liebe, geplatzten Tr\u00e4umen und dem Mut, trotzdem weiterzumachen.<br \/>\n\u201eHerzlich Willkommen\u201c ist ein echter Mutmacher mit Hitpotenzial: lebensnah, tanzbar und voller Ohrwurm-Refrains \u2013 ein Soundtrack f\u00fcr alle, die das Leben nehmen, wie es kommt.<\/p>\n<p>Schon vor der Jahrtausendwende hatten Cat (*1987, Cathrin Geissler) &amp; Vito (*1980, Vittorio Magro) jeweils auf eigene Faust erste B\u00fchnen- und Studioluft geschnuppert, um 2005 dann mit der Doku-Soap \u201eBanaroo: Das Star-Tagebuch\u201c (Super RTL) hervorgegangenen Band Banaroo direkt auf der #1 der Albumcharts zu landen: Die urspr\u00fcnglich vierk\u00f6pfige Truppe verkaufte in nur drei Jahren \u00fcber eine Drittelmillion Tontr\u00e4ger, r\u00e4umte jede Menge Edelmetall ab, wurde gleich zweifach f\u00fcr einen ECHO nominiert und belegte immer wieder die Spitzenpl\u00e4tze der Singlecharts (u.a. mit \u201eDubi Dam Dam\u201c, \u201eSpace Cowboy\u201c, \u201eUh Mamma\u201c). Im letzten Jahrzehnt widmeten sich beiden dann ihren Soloprojekten \u2013 und entdeckten etwa zeitgleich den Schlager f\u00fcr sich: W\u00e4hrend Vito nach dem erfolgreichen Duo-Projekt Destivo (\u201eDr. Amore\u201c) durchstartete (\u201eF\u00fcr immer du\u201c, 2015), z\u00fcndete Cat schon 2013 ihre eigene Solophase mit dem programmatischen Popschlager-Album \u201eIch\u201c, f\u00fcr das sie u.a. Hits wie \u201eIrgendwo, irgendwann\u201c aufnahm. Irgendwie und irgendwann jedoch, nachdem Cat schon wieder in etlichen gro\u00dfen Musical-Rollen in ihrer Heimatstadt Hamburg gegl\u00e4nzt hatte, fassten die beiden den Entschluss, ihr gegenseitiges Versprechen aus der Y2K-\u00c4ra \u2013 \u201e\u2026 irgendwann machen wir zwei unser eigenes Ding\u2026\u201c \u2013 einzul\u00f6sen, womit der Startschuss f\u00fcrs neue Duo-Kapitel gefallen war.<\/p>\n<p><span style=\"color: #800000;\"><strong>Quelle: Telamo<\/strong><\/span><\/p>\n<p><span style=\"color: #800000;\"><strong>Dieser Song ist ab dem 08.08.2025 auf allen Download- und Streaming-Portalen erh\u00e4ltlich.\u00a0<\/strong><\/span><\/p>\n<p><span style=\"color: #800000;\"><strong>Airdate (f\u00fcr Radiosender): 08.08.2025<\/strong><\/span><\/p>\n","protected":false},"excerpt":{"rendered":"<p>Am 08. August wird mit \u201eHerzlich Willkommen\u201c die zweite Singleauskopplung aus dem Deb\u00fctalbum Kopf\u00fcber in die Freiheit von Cat &amp; Vito ver\u00f6ffentlicht. Der Song vereint modernen Popschlager mit einem charmanten Augenzwinkern und liefert eine ehrliche wie lebensbejahende Botschaft: Mal l\u00e4uft\u2019s perfekt, und dann wieder daneben \u2013 herzlich willkommen, so ist das Leben. Der Text stammt aus der Feder von Alexander Scholz, f\u00fcr die Musik und Produktion zeichnet Hans Hensen verantwortlich, der bereits f\u00fcr namhafte K\u00fcnstler*innen wie Andrea Berg, Beatrice Egli und Ross Antony gearbeitet hat. Mit eing\u00e4ngigen Melodien, sommerlich-leichtem Groove und einer Prise Selbstironie erz\u00e4hlt der Song von den H\u00f6hen und Tiefen des Alltags \u2013&#8230;<\/p>\n","protected":false},"author":1,"featured_media":37230,"comment_status":"open","ping_status":"open","sticky":false,"template":"","format":"standard","meta":{"footnotes":""},"categories":[3231,2,3239],"tags":[3508],"class_list":["post-37229","post","type-post","status-publish","format-standard","has-post-thumbnail","hentry","category-bergers-schlagerparadies","category-schlager","category-telamo","tag-cat-vito","wpcat-3231-id","wpcat-2-id","wpcat-3239-id"],"_links":{"self":[{"href":"https:\/\/bergers-schlagerparadies.de\/index.php?rest_route=\/wp\/v2\/posts\/37229","targetHints":{"allow":["GET"]}}],"collection":[{"href":"https:\/\/bergers-schlagerparadies.de\/index.php?rest_route=\/wp\/v2\/posts"}],"about":[{"href":"https:\/\/bergers-schlagerparadies.de\/index.php?rest_route=\/wp\/v2\/types\/post"}],"author":[{"embeddable":true,"href":"https:\/\/bergers-schlagerparadies.de\/index.php?rest_route=\/wp\/v2\/users\/1"}],"replies":[{"embeddable":true,"href":"https:\/\/bergers-schlagerparadies.de\/index.php?rest_route=%2Fwp%2Fv2%2Fcomments&post=37229"}],"version-history":[{"count":1,"href":"https:\/\/bergers-schlagerparadies.de\/index.php?rest_route=\/wp\/v2\/posts\/37229\/revisions"}],"predecessor-version":[{"id":37231,"href":"https:\/\/bergers-schlagerparadies.de\/index.php?rest_route=\/wp\/v2\/posts\/37229\/revisions\/37231"}],"wp:featuredmedia":[{"embeddable":true,"href":"https:\/\/bergers-schlagerparadies.de\/index.php?rest_route=\/wp\/v2\/media\/37230"}],"wp:attachment":[{"href":"https:\/\/bergers-schlagerparadies.de\/index.php?rest_route=%2Fwp%2Fv2%2Fmedia&parent=37229"}],"wp:term":[{"taxonomy":"category","embeddable":true,"href":"https:\/\/bergers-schlagerparadies.de\/index.php?rest_route=%2Fwp%2Fv2%2Fcategories&post=37229"},{"taxonomy":"post_tag","embeddable":true,"href":"https:\/\/bergers-schlagerparadies.de\/index.php?rest_route=%2Fwp%2Fv2%2Ftags&post=37229"}],"curies":[{"name":"wp","href":"https:\/\/api.w.org\/{rel}","templated":true}]}}