{"id":37142,"date":"2025-08-04T10:30:13","date_gmt":"2025-08-04T08:30:13","guid":{"rendered":"https:\/\/bergers-schlagerparadies.de\/?p=37142"},"modified":"2025-08-05T23:38:46","modified_gmt":"2025-08-05T21:38:46","slug":"jens-kemper-aus-dir-werd-ich-nicht-schlau-%c2%b7-bergers-schlagerparadies","status":"publish","type":"post","link":"https:\/\/bergers-schlagerparadies.de\/?p=37142","title":{"rendered":"Jens Kemper &#8211; Aus Dir werd&#8216; ich nicht schlau \u00b7 Berger\u00b4s Schlagerparadies"},"content":{"rendered":"<p><img loading=\"lazy\" decoding=\"async\" class=\"size-medium wp-image-37143 alignleft\" src=\"https:\/\/bergers-schlagerparadies.de\/wp-content\/uploads\/2025\/08\/Jens-Kemper-Aus-Dir-werd-ich-nicht-schlau-300x300.jpeg\" alt=\"\" width=\"300\" height=\"300\" srcset=\"https:\/\/bergers-schlagerparadies.de\/wp-content\/uploads\/2025\/08\/Jens-Kemper-Aus-Dir-werd-ich-nicht-schlau-300x300.jpeg 300w, https:\/\/bergers-schlagerparadies.de\/wp-content\/uploads\/2025\/08\/Jens-Kemper-Aus-Dir-werd-ich-nicht-schlau-1024x1024.jpeg 1024w, https:\/\/bergers-schlagerparadies.de\/wp-content\/uploads\/2025\/08\/Jens-Kemper-Aus-Dir-werd-ich-nicht-schlau-150x150.jpeg 150w, https:\/\/bergers-schlagerparadies.de\/wp-content\/uploads\/2025\/08\/Jens-Kemper-Aus-Dir-werd-ich-nicht-schlau-768x768.jpeg 768w, https:\/\/bergers-schlagerparadies.de\/wp-content\/uploads\/2025\/08\/Jens-Kemper-Aus-Dir-werd-ich-nicht-schlau-1536x1536.jpeg 1536w, https:\/\/bergers-schlagerparadies.de\/wp-content\/uploads\/2025\/08\/Jens-Kemper-Aus-Dir-werd-ich-nicht-schlau-2048x2048.jpeg 2048w, https:\/\/bergers-schlagerparadies.de\/wp-content\/uploads\/2025\/08\/Jens-Kemper-Aus-Dir-werd-ich-nicht-schlau-1200x1200.jpeg 1200w, https:\/\/bergers-schlagerparadies.de\/wp-content\/uploads\/2025\/08\/Jens-Kemper-Aus-Dir-werd-ich-nicht-schlau-1188x1188.jpeg 1188w, https:\/\/bergers-schlagerparadies.de\/wp-content\/uploads\/2025\/08\/Jens-Kemper-Aus-Dir-werd-ich-nicht-schlau-100x100.jpeg 100w\" sizes=\"auto, (max-width: 300px) 100vw, 300px\" \/>Mit seiner neuen Single Aus Dir werd&#8216; ich nicht schlau bringt der Singer- und Songwriter Jens Kemper einen Song heraus, der emotionales Chaos und zwischenmenschliche Unsicherheit sowie die Ups und Downs einer noch jungen Beziehung musikalisch pointiert verarbeitet.<\/p>\n<p>\u201eAus Dir werd&#8216; ich nicht schlau erz\u00e4hlt die Geschichte eines Mannes, der von widerspr\u00fcchlichen Signalen einer Frau hin- und hergerissen ist.<\/p>\n<p>Mal ist da diese unglaubliche N\u00e4he und Zuneigung, die zu einem absoluten Hochgef\u00fchl f\u00fchrt, dann wieder gro\u00dfe Distanz und R\u00fcckzug, die einen schlichtweg verzweifeln lassen. Diese st\u00e4ndige Unsicherheit f\u00fchrt zu einem Gef\u00fchlschaos, in dem man nicht mehr wei\u00df, woran man ist.\u201c<\/p>\n<p>Der Song bringt genau dieses Auf und Ab, den Runaway der menschlichen Emotionen, auf den Punkt \u2013 ehrlich, direkt und leidenschaftlich.<\/p>\n<p><span style=\"color: #800000;\"><strong>Quelle: Fiesta Records<\/strong><\/span><\/p>\n<p><span style=\"color: #800000;\"><strong>Dieser Song ist ab dem 08.08.2025 auf allen Download- und Streaming-Portalen erh\u00e4ltlich.\u00a0<\/strong><\/span><\/p>\n<p><span style=\"color: #800000;\"><strong>Airdate (f\u00fcr Radiosender): 05.08.2025<\/strong><\/span><\/p>\n","protected":false},"excerpt":{"rendered":"<p>Mit seiner neuen Single Aus Dir werd&#8216; ich nicht schlau bringt der Singer- und Songwriter Jens Kemper einen Song heraus, der emotionales Chaos und zwischenmenschliche Unsicherheit sowie die Ups und Downs einer noch jungen Beziehung musikalisch pointiert verarbeitet. \u201eAus Dir werd&#8216; ich nicht schlau erz\u00e4hlt die Geschichte eines Mannes, der von widerspr\u00fcchlichen Signalen einer Frau hin- und hergerissen ist. Mal ist da diese unglaubliche N\u00e4he und Zuneigung, die zu einem absoluten Hochgef\u00fchl f\u00fchrt, dann wieder gro\u00dfe Distanz und R\u00fcckzug, die einen schlichtweg verzweifeln lassen. Diese st\u00e4ndige Unsicherheit f\u00fchrt zu einem Gef\u00fchlschaos, in dem man nicht mehr wei\u00df, woran man ist.\u201c Der Song bringt genau dieses&#8230;<\/p>\n","protected":false},"author":1,"featured_media":37143,"comment_status":"open","ping_status":"open","sticky":false,"template":"","format":"standard","meta":{"footnotes":""},"categories":[3231,3232,2],"tags":[2229],"class_list":["post-37142","post","type-post","status-publish","format-standard","has-post-thumbnail","hentry","category-bergers-schlagerparadies","category-fiesta-records","category-schlager","tag-jens-kemper","wpcat-3231-id","wpcat-3232-id","wpcat-2-id"],"_links":{"self":[{"href":"https:\/\/bergers-schlagerparadies.de\/index.php?rest_route=\/wp\/v2\/posts\/37142","targetHints":{"allow":["GET"]}}],"collection":[{"href":"https:\/\/bergers-schlagerparadies.de\/index.php?rest_route=\/wp\/v2\/posts"}],"about":[{"href":"https:\/\/bergers-schlagerparadies.de\/index.php?rest_route=\/wp\/v2\/types\/post"}],"author":[{"embeddable":true,"href":"https:\/\/bergers-schlagerparadies.de\/index.php?rest_route=\/wp\/v2\/users\/1"}],"replies":[{"embeddable":true,"href":"https:\/\/bergers-schlagerparadies.de\/index.php?rest_route=%2Fwp%2Fv2%2Fcomments&post=37142"}],"version-history":[{"count":2,"href":"https:\/\/bergers-schlagerparadies.de\/index.php?rest_route=\/wp\/v2\/posts\/37142\/revisions"}],"predecessor-version":[{"id":37252,"href":"https:\/\/bergers-schlagerparadies.de\/index.php?rest_route=\/wp\/v2\/posts\/37142\/revisions\/37252"}],"wp:featuredmedia":[{"embeddable":true,"href":"https:\/\/bergers-schlagerparadies.de\/index.php?rest_route=\/wp\/v2\/media\/37143"}],"wp:attachment":[{"href":"https:\/\/bergers-schlagerparadies.de\/index.php?rest_route=%2Fwp%2Fv2%2Fmedia&parent=37142"}],"wp:term":[{"taxonomy":"category","embeddable":true,"href":"https:\/\/bergers-schlagerparadies.de\/index.php?rest_route=%2Fwp%2Fv2%2Fcategories&post=37142"},{"taxonomy":"post_tag","embeddable":true,"href":"https:\/\/bergers-schlagerparadies.de\/index.php?rest_route=%2Fwp%2Fv2%2Ftags&post=37142"}],"curies":[{"name":"wp","href":"https:\/\/api.w.org\/{rel}","templated":true}]}}