{"id":37134,"date":"2025-08-04T10:30:51","date_gmt":"2025-08-04T08:30:51","guid":{"rendered":"https:\/\/bergers-schlagerparadies.de\/?p=37134"},"modified":"2025-08-05T23:44:17","modified_gmt":"2025-08-05T21:44:17","slug":"achim-petry-bianca-holzmann-tief-in-mir-drin-%c2%b7-bergers-schlagerparadies","status":"publish","type":"post","link":"https:\/\/bergers-schlagerparadies.de\/?p=37134","title":{"rendered":"Achim Petry &#038; Bianca Holzmann &#8211; Tief in mir drin \u00b7 Berger\u00b4s Schlagerparadies"},"content":{"rendered":"<p><img loading=\"lazy\" decoding=\"async\" class=\"size-medium wp-image-37135 alignleft\" src=\"https:\/\/bergers-schlagerparadies.de\/wp-content\/uploads\/2025\/08\/Achim-Petry-Bianca-Holzmann-Tief-in-mir-drin-300x300.jpeg\" alt=\"\" width=\"300\" height=\"300\" srcset=\"https:\/\/bergers-schlagerparadies.de\/wp-content\/uploads\/2025\/08\/Achim-Petry-Bianca-Holzmann-Tief-in-mir-drin-300x300.jpeg 300w, https:\/\/bergers-schlagerparadies.de\/wp-content\/uploads\/2025\/08\/Achim-Petry-Bianca-Holzmann-Tief-in-mir-drin-1024x1024.jpeg 1024w, https:\/\/bergers-schlagerparadies.de\/wp-content\/uploads\/2025\/08\/Achim-Petry-Bianca-Holzmann-Tief-in-mir-drin-150x150.jpeg 150w, https:\/\/bergers-schlagerparadies.de\/wp-content\/uploads\/2025\/08\/Achim-Petry-Bianca-Holzmann-Tief-in-mir-drin-768x768.jpeg 768w, https:\/\/bergers-schlagerparadies.de\/wp-content\/uploads\/2025\/08\/Achim-Petry-Bianca-Holzmann-Tief-in-mir-drin-1536x1536.jpeg 1536w, https:\/\/bergers-schlagerparadies.de\/wp-content\/uploads\/2025\/08\/Achim-Petry-Bianca-Holzmann-Tief-in-mir-drin-2048x2048.jpeg 2048w, https:\/\/bergers-schlagerparadies.de\/wp-content\/uploads\/2025\/08\/Achim-Petry-Bianca-Holzmann-Tief-in-mir-drin-1200x1200.jpeg 1200w, https:\/\/bergers-schlagerparadies.de\/wp-content\/uploads\/2025\/08\/Achim-Petry-Bianca-Holzmann-Tief-in-mir-drin-1188x1188.jpeg 1188w, https:\/\/bergers-schlagerparadies.de\/wp-content\/uploads\/2025\/08\/Achim-Petry-Bianca-Holzmann-Tief-in-mir-drin-100x100.jpeg 100w\" sizes=\"auto, (max-width: 300px) 100vw, 300px\" \/>Mit \u201eTief in mir drin\u201c kehrt Achim Petry nach neun Jahren Release Pause eindrucksvoll zur\u00fcck \u2013 und das mit einer ganz besonderen Premiere: einem emotionalen Duett mit der ausdrucksstarken \u00f6sterreichischen S\u00e4ngerin Bianca Holzmann. Gemeinsam interpretieren sie einen kraftvollen Song, der ber\u00fchrt und nachhallt. Es handelt sich um einen Song \u00fcber Liebe, \u00fcber Verf\u00fchrung, Freundschaft und \u00fcber einen v\u00f6lligen Neubeginn.<\/p>\n<p>Musikalisch vereint der Titel gef\u00fchlvollen Pop-Schlager mit tanzbaren Beats, dramatischen Spannungsb\u00f6gen und einem Refrain mit Ohrwurmqualit\u00e4t. Diese Elemente vereinen sich zu einem zeitlosen, modernen Sound. W\u00e4hrend Bianca Holzmann mit ihrem authentischen Stil und einer Art und Weise, die verzaubert dem Song eine besondere Note verleiht, bringt Achim Petry seine unverwechselbare Stimme ein.<\/p>\n<p>Hinter \u201eTief in mir drin\u201c steckt nicht nur musikalisches Gef\u00fchl, sondern auch eine beeindruckende Schlagergeschichte: Text und Musik stammen von niemand Geringerem als Schlagerikone Wolfgang Petry, produziert wurde der Song vom mehrfach ausgezeichneten Hitproduzenten Christian Geller, der f\u00fcr etliche Top-Hits der deutschen Musikszene wie z.B. Thomas Anders, No Angels oder dem Nr. 1 Album \u201eOur Songs\u201c von der bekannten S\u00e4ngerin Anastacia verantwortlich ist. Das Ergebnis ist ein kraftvolles Duett in modernem Sounddesign, das unter die Haut geht.<\/p>\n<p>Achim Petry ist in der deutschen Schlagerszene l\u00e4ngst kein unbeschriebenes Blatt. Als Wolfgang \u201eWolle\u201c Petry im Herbst 2006 die B\u00fchne verlie\u00df, trat sein Sohn Achim nur wenig sp\u00e4ter in dessen Fu\u00dfstapfen \u2013 und gab ihnen eine ganz eigene Richtung. Bereits 2007 erschien sein erstes Album \u201e&#8230;so wie ich\u201c, das mit Songs wie \u201eKeiner liebt dich&#8230;\u201c oder dem Dschungelcamp-Hit \u201eDschungel Wahnsinn\u201c f\u00fcr Aufsehen sorgte. Zeitgleich ging er unter dem Motto \u201eDer Wahnsinn geht weiter\u201c auf Tour \u2013 mit neu arrangierten Klassikern seines Vaters.<\/p>\n<p>Mit dem zweiten Studioalbum \u201eMein Weg\u201c (2013) und der Single \u201eDeine Liebe ist der Wahnsinn\u201c bewies Achim seine eigene k\u00fcnstlerische Handschrift. 2014 folgte mit dem Album \u201eMittendrin\u201c ein echtes Highlight: Das Duett \u201eRettungsboot\u201c mit Vater Wolfgang Petry stieg auf Platz 1 der DJ-Charts \u2013 ein musikalischer Meilenstein f\u00fcr Vater und Sohn. Ebenso ein gro\u00dfer Meilenstein war der Spitzentitel \u201eTinte\u201c, welcher mittlerweile auf 6 Alben zu h\u00f6ren ist.<\/p>\n<p>Seither hat Achim Petry zahlreiche gro\u00dfe B\u00fchnen bespielt: Kieler Woche, SWR-Festival, Der Berg bebt, Waldb\u00fchne Berlin, Stadtfeste in Dresden und Magdeburg \u2013 und 2017 als Teil der erfolgreichen Tour \u201eDie Schlagernacht des Jahres\u201c mit Stationen in K\u00f6ln, Hamburg, Leipzig und Mannheim. Seit 2024 ist er au\u00dferdem Teil des TV-Projekts \u201eDrews Cordalis Petry\u201c, bei dem er gemeinsam mit Joelina Drews und Lucas Cordalis die gr\u00f6\u00dften Hits ihrer V\u00e4ter neu interpretiert. Mit diesem Format ist er regelm\u00e4\u00dfig in gro\u00dfen TV-Shows wie dem \u201eSchlagerboom\u201c, \u201eZDF-Fernsehgarten\u201c, \u201eImmer wieder sonntags\u201c oder den \u201eSchlagerchampions\u201c vertreten.<\/p>\n<p>An seiner Seite in diesem neuen Kapitel steht Bianca Holzmann \u2013 eine S\u00e4ngerin, die mit ihrer Stimme nicht nur ber\u00fchrt, sondern auch zeigt, wie modern und emotional deutscher Schlager heute klingen kann. Auch Bianca ist kein unbekanntes Gesicht in der Schlagerwelt. Mit Titeln wie \u201eDu wei\u00dft es, ich wei\u00df es\u201c oder \u201eUnendlich\u201c hat sie sich mit ihrer einzigartigen Stimme und ihrer wundervollen Ausstrahlung schon ihren festen Platz im deutschen Schlager gesichert.<\/p>\n<p>\u201eTief in mir drin\u201c ist mehr als ein Song, es ist ein Duett voller Emotion, Tiefe und Ausdruck!<\/p>\n<p><span style=\"color: #800000;\"><strong>Quelle: Fiesta Records<\/strong><\/span><\/p>\n<p><span style=\"color: #800000;\"><strong>Dieser Song ist ab dem 08.08.2025 auf allen Download- und Streaming-Portalen erh\u00e4ltlich.\u00a0<\/strong><\/span><\/p>\n<p><span style=\"color: #800000;\"><strong>Airdate (f\u00fcr Radiosender): 05.08.2025<\/strong><\/span><\/p>\n","protected":false},"excerpt":{"rendered":"<p>Mit \u201eTief in mir drin\u201c kehrt Achim Petry nach neun Jahren Release Pause eindrucksvoll zur\u00fcck \u2013 und das mit einer ganz besonderen Premiere: einem emotionalen Duett mit der ausdrucksstarken \u00f6sterreichischen S\u00e4ngerin Bianca Holzmann. Gemeinsam interpretieren sie einen kraftvollen Song, der ber\u00fchrt und nachhallt. Es handelt sich um einen Song \u00fcber Liebe, \u00fcber Verf\u00fchrung, Freundschaft und \u00fcber einen v\u00f6lligen Neubeginn. Musikalisch vereint der Titel gef\u00fchlvollen Pop-Schlager mit tanzbaren Beats, dramatischen Spannungsb\u00f6gen und einem Refrain mit Ohrwurmqualit\u00e4t. Diese Elemente vereinen sich zu einem zeitlosen, modernen Sound. W\u00e4hrend Bianca Holzmann mit ihrem authentischen Stil und einer Art und Weise, die verzaubert dem Song eine besondere Note verleiht, bringt&#8230;<\/p>\n","protected":false},"author":1,"featured_media":37135,"comment_status":"open","ping_status":"open","sticky":false,"template":"","format":"standard","meta":{"footnotes":""},"categories":[3231,3232,2],"tags":[4161],"class_list":["post-37134","post","type-post","status-publish","format-standard","has-post-thumbnail","hentry","category-bergers-schlagerparadies","category-fiesta-records","category-schlager","tag-achim-petry-bianca-holzmann","wpcat-3231-id","wpcat-3232-id","wpcat-2-id"],"_links":{"self":[{"href":"https:\/\/bergers-schlagerparadies.de\/index.php?rest_route=\/wp\/v2\/posts\/37134","targetHints":{"allow":["GET"]}}],"collection":[{"href":"https:\/\/bergers-schlagerparadies.de\/index.php?rest_route=\/wp\/v2\/posts"}],"about":[{"href":"https:\/\/bergers-schlagerparadies.de\/index.php?rest_route=\/wp\/v2\/types\/post"}],"author":[{"embeddable":true,"href":"https:\/\/bergers-schlagerparadies.de\/index.php?rest_route=\/wp\/v2\/users\/1"}],"replies":[{"embeddable":true,"href":"https:\/\/bergers-schlagerparadies.de\/index.php?rest_route=%2Fwp%2Fv2%2Fcomments&post=37134"}],"version-history":[{"count":2,"href":"https:\/\/bergers-schlagerparadies.de\/index.php?rest_route=\/wp\/v2\/posts\/37134\/revisions"}],"predecessor-version":[{"id":37254,"href":"https:\/\/bergers-schlagerparadies.de\/index.php?rest_route=\/wp\/v2\/posts\/37134\/revisions\/37254"}],"wp:featuredmedia":[{"embeddable":true,"href":"https:\/\/bergers-schlagerparadies.de\/index.php?rest_route=\/wp\/v2\/media\/37135"}],"wp:attachment":[{"href":"https:\/\/bergers-schlagerparadies.de\/index.php?rest_route=%2Fwp%2Fv2%2Fmedia&parent=37134"}],"wp:term":[{"taxonomy":"category","embeddable":true,"href":"https:\/\/bergers-schlagerparadies.de\/index.php?rest_route=%2Fwp%2Fv2%2Fcategories&post=37134"},{"taxonomy":"post_tag","embeddable":true,"href":"https:\/\/bergers-schlagerparadies.de\/index.php?rest_route=%2Fwp%2Fv2%2Ftags&post=37134"}],"curies":[{"name":"wp","href":"https:\/\/api.w.org\/{rel}","templated":true}]}}