{"id":37131,"date":"2025-08-11T10:30:31","date_gmt":"2025-08-11T08:30:31","guid":{"rendered":"https:\/\/bergers-schlagerparadies.de\/?p=37131"},"modified":"2025-08-01T09:22:37","modified_gmt":"2025-08-01T07:22:37","slug":"phil-schaller-was-waere-wenn-%c2%b7-bergers-schlagerparadies","status":"publish","type":"post","link":"https:\/\/bergers-schlagerparadies.de\/?p=37131","title":{"rendered":"Phil Schaller &#8211; Was w\u00e4re wenn \u00b7 Berger\u00b4s Schlagerparadies"},"content":{"rendered":"<p><img loading=\"lazy\" decoding=\"async\" class=\"size-medium wp-image-37132 alignleft\" src=\"https:\/\/bergers-schlagerparadies.de\/wp-content\/uploads\/2025\/08\/Phil-Schaller-Was-waere-wenn-300x300.jpeg\" alt=\"\" width=\"300\" height=\"300\" srcset=\"https:\/\/bergers-schlagerparadies.de\/wp-content\/uploads\/2025\/08\/Phil-Schaller-Was-waere-wenn-300x300.jpeg 300w, https:\/\/bergers-schlagerparadies.de\/wp-content\/uploads\/2025\/08\/Phil-Schaller-Was-waere-wenn-1024x1024.jpeg 1024w, https:\/\/bergers-schlagerparadies.de\/wp-content\/uploads\/2025\/08\/Phil-Schaller-Was-waere-wenn-150x150.jpeg 150w, https:\/\/bergers-schlagerparadies.de\/wp-content\/uploads\/2025\/08\/Phil-Schaller-Was-waere-wenn-768x768.jpeg 768w, https:\/\/bergers-schlagerparadies.de\/wp-content\/uploads\/2025\/08\/Phil-Schaller-Was-waere-wenn-1200x1200.jpeg 1200w, https:\/\/bergers-schlagerparadies.de\/wp-content\/uploads\/2025\/08\/Phil-Schaller-Was-waere-wenn-1188x1188.jpeg 1188w, https:\/\/bergers-schlagerparadies.de\/wp-content\/uploads\/2025\/08\/Phil-Schaller-Was-waere-wenn-100x100.jpeg 100w, https:\/\/bergers-schlagerparadies.de\/wp-content\/uploads\/2025\/08\/Phil-Schaller-Was-waere-wenn.jpeg 1400w\" sizes=\"auto, (max-width: 300px) 100vw, 300px\" \/>In meinem neuen Song \u201eWas w\u00e4re wenn\u201c blicke ich zur\u00fcck auf meinen Weg \u2013 vom kleinen Jungen am Klavier bis zu dem, der ich heute bin. Ich erz\u00e4hle von ersten Auftritten im Wohnzimmer, von Zweifeln, Umwegen und der Frage, was passiert w\u00e4re, wenn ich nie an mich geglaubt h\u00e4tte.<br \/>\nDer Song ist sehr pers\u00f6nlich \u2013 und vielleicht erinnert er dich auch an deinen eigenen Weg.<\/p>\n<p><span style=\"color: #800000;\"><strong>Quelle: Phil Schaller<\/strong><\/span><\/p>\n<p><span style=\"color: #800000;\"><strong>Dieser Song ist ab dem 15.08.2025 auf allen Download- und Streaming-Portalen erh\u00e4ltlich.\u00a0<\/strong><\/span><\/p>\n<p><span style=\"color: #800000;\"><strong>Airdate (f\u00fcr Radiosender): 15.08.2025<\/strong><\/span><\/p>\n","protected":false},"excerpt":{"rendered":"<p>In meinem neuen Song \u201eWas w\u00e4re wenn\u201c blicke ich zur\u00fcck auf meinen Weg \u2013 vom kleinen Jungen am Klavier bis zu dem, der ich heute bin. Ich erz\u00e4hle von ersten Auftritten im Wohnzimmer, von Zweifeln, Umwegen und der Frage, was passiert w\u00e4re, wenn ich nie an mich geglaubt h\u00e4tte. Der Song ist sehr pers\u00f6nlich \u2013 und vielleicht erinnert er dich auch an deinen eigenen Weg. Quelle: Phil Schaller Dieser Song ist ab dem 15.08.2025 auf allen Download- und Streaming-Portalen erh\u00e4ltlich.\u00a0 Airdate (f\u00fcr Radiosender): 15.08.2025<\/p>\n","protected":false},"author":1,"featured_media":37132,"comment_status":"open","ping_status":"open","sticky":false,"template":"","format":"standard","meta":{"footnotes":""},"categories":[3231,3264,3842,3309],"tags":[1516],"class_list":["post-37131","post","type-post","status-publish","format-standard","has-post-thumbnail","hentry","category-bergers-schlagerparadies","category-deutsch-pop","category-independent","category-phil-schaller","tag-phil-schaller","wpcat-3231-id","wpcat-3264-id","wpcat-3842-id","wpcat-3309-id"],"_links":{"self":[{"href":"https:\/\/bergers-schlagerparadies.de\/index.php?rest_route=\/wp\/v2\/posts\/37131","targetHints":{"allow":["GET"]}}],"collection":[{"href":"https:\/\/bergers-schlagerparadies.de\/index.php?rest_route=\/wp\/v2\/posts"}],"about":[{"href":"https:\/\/bergers-schlagerparadies.de\/index.php?rest_route=\/wp\/v2\/types\/post"}],"author":[{"embeddable":true,"href":"https:\/\/bergers-schlagerparadies.de\/index.php?rest_route=\/wp\/v2\/users\/1"}],"replies":[{"embeddable":true,"href":"https:\/\/bergers-schlagerparadies.de\/index.php?rest_route=%2Fwp%2Fv2%2Fcomments&post=37131"}],"version-history":[{"count":1,"href":"https:\/\/bergers-schlagerparadies.de\/index.php?rest_route=\/wp\/v2\/posts\/37131\/revisions"}],"predecessor-version":[{"id":37133,"href":"https:\/\/bergers-schlagerparadies.de\/index.php?rest_route=\/wp\/v2\/posts\/37131\/revisions\/37133"}],"wp:featuredmedia":[{"embeddable":true,"href":"https:\/\/bergers-schlagerparadies.de\/index.php?rest_route=\/wp\/v2\/media\/37132"}],"wp:attachment":[{"href":"https:\/\/bergers-schlagerparadies.de\/index.php?rest_route=%2Fwp%2Fv2%2Fmedia&parent=37131"}],"wp:term":[{"taxonomy":"category","embeddable":true,"href":"https:\/\/bergers-schlagerparadies.de\/index.php?rest_route=%2Fwp%2Fv2%2Fcategories&post=37131"},{"taxonomy":"post_tag","embeddable":true,"href":"https:\/\/bergers-schlagerparadies.de\/index.php?rest_route=%2Fwp%2Fv2%2Ftags&post=37131"}],"curies":[{"name":"wp","href":"https:\/\/api.w.org\/{rel}","templated":true}]}}