{"id":37118,"date":"2025-07-29T23:03:22","date_gmt":"2025-07-29T21:03:22","guid":{"rendered":"https:\/\/bergers-schlagerparadies.de\/?p=37118"},"modified":"2025-07-29T23:03:22","modified_gmt":"2025-07-29T21:03:22","slug":"daniela-urich-sag-jetzt-nicht-vaya-con-dios-%c2%b7-bergers-schlagerparadies","status":"publish","type":"post","link":"https:\/\/bergers-schlagerparadies.de\/?p=37118","title":{"rendered":"Daniela Urich &#8211; Sag jetzt nicht Vaya con dios \u00b7 Berger\u00b4s Schlagerparadies"},"content":{"rendered":"<p><img loading=\"lazy\" decoding=\"async\" class=\"size-medium wp-image-37119 alignleft\" src=\"https:\/\/bergers-schlagerparadies.de\/wp-content\/uploads\/2025\/07\/Daniela-Urich-Sag-jetzt-nicht-Vaya-con-dios-300x300.jpeg\" alt=\"\" width=\"300\" height=\"300\" srcset=\"https:\/\/bergers-schlagerparadies.de\/wp-content\/uploads\/2025\/07\/Daniela-Urich-Sag-jetzt-nicht-Vaya-con-dios-300x300.jpeg 300w, https:\/\/bergers-schlagerparadies.de\/wp-content\/uploads\/2025\/07\/Daniela-Urich-Sag-jetzt-nicht-Vaya-con-dios-1024x1024.jpeg 1024w, https:\/\/bergers-schlagerparadies.de\/wp-content\/uploads\/2025\/07\/Daniela-Urich-Sag-jetzt-nicht-Vaya-con-dios-150x150.jpeg 150w, https:\/\/bergers-schlagerparadies.de\/wp-content\/uploads\/2025\/07\/Daniela-Urich-Sag-jetzt-nicht-Vaya-con-dios-768x768.jpeg 768w, https:\/\/bergers-schlagerparadies.de\/wp-content\/uploads\/2025\/07\/Daniela-Urich-Sag-jetzt-nicht-Vaya-con-dios-1188x1188.jpeg 1188w, https:\/\/bergers-schlagerparadies.de\/wp-content\/uploads\/2025\/07\/Daniela-Urich-Sag-jetzt-nicht-Vaya-con-dios-100x100.jpeg 100w, https:\/\/bergers-schlagerparadies.de\/wp-content\/uploads\/2025\/07\/Daniela-Urich-Sag-jetzt-nicht-Vaya-con-dios.jpeg 1200w\" sizes=\"auto, (max-width: 300px) 100vw, 300px\" \/>Nach ihrem gro\u00dfen Radio-Hit \u201eDa waren doch mal Schmetterlinge im Bauch\u201c, der im April 2024 ver\u00f6ffentlicht wurde und sich \u00fcber ein Jahr lang in den internationalen Hitparadencharts hielt- stets die Top\u202f10 erreichte und dabei viele Male auch Rang 1 belegte, meldet sich Daniela Urich mit einem neuen Sommer-Schlager zur\u00fcck: Sag jetzt nicht Vaya con dios.<\/p>\n<p>Die \u00f6sterreichische S\u00e4ngerin aus dem Salzkammergut \u00fcberzeugt mit ihrer unverkennbaren Stimme, einer gef\u00fchlvollen Melodie und einem ber\u00fchrenden Text \u00fcber Abschied und Herzschmerz. Der Song verbindet sanfte Live-Gitarren (Manuel Lopez), Chorharmonien (Oliver Trebron &amp; Elena Waerny) und eine moderne Schlagerproduktion aus der Feder von Ergi Raff &amp; Jack Fruno.<\/p>\n<p>Produziert wurde die Single von Langzeitpartner Jack Fruno f\u00fcr ENEF MEDIA \u2013 und steht in der Tradition von Daniela Urichs erfolgreichen Radio-Hits, die immer wieder auch in Luxemburg, der Schweiz, Deutschland, Holland, Belgien und S\u00fcdtirol f\u00fcr Furore sorgen. Zu ihren zahlreichen Live- und TV-Auftritten und einer stetig wachsenden Fangemeinde beweist die K\u00fcnstlerin auch nach 25\u202fB\u00fchnenjahren, dass sie mit ihrer Authentizit\u00e4t und Bodenst\u00e4ndigkeit die Herzen des Publikums ber\u00fchrt.<br \/>\nNun liefert Daniela Urich mit ihren neuen Titel den perfekten Sommerhit f\u00fcr die Herzen \u2013 emotional, modern und mitrei\u00dfend.<br \/>\nEin wundersch\u00f6nes Musikvideo begleitet den Song und macht ihn zu einem Must-Play f\u00fcr alle Schlager-Fans im DACH-Raum!<\/p>\n<p><span style=\"color: #800000;\"><strong>Quelle: ENEF MEDIA<\/strong><\/span><\/p>\n<p><span style=\"color: #800000;\"><strong>Dieser Song ist ab dem 29.07.2025 auf allen Download- und Streaming-Portalen erh\u00e4ltlich.\u00a0<\/strong><\/span><\/p>\n<p><span style=\"color: #800000;\"><strong>Airdate (f\u00fcr Radiosender): 29.07.2025<\/strong><\/span><\/p>\n","protected":false},"excerpt":{"rendered":"<p>Nach ihrem gro\u00dfen Radio-Hit \u201eDa waren doch mal Schmetterlinge im Bauch\u201c, der im April 2024 ver\u00f6ffentlicht wurde und sich \u00fcber ein Jahr lang in den internationalen Hitparadencharts hielt- stets die Top\u202f10 erreichte und dabei viele Male auch Rang 1 belegte, meldet sich Daniela Urich mit einem neuen Sommer-Schlager zur\u00fcck: Sag jetzt nicht Vaya con dios. Die \u00f6sterreichische S\u00e4ngerin aus dem Salzkammergut \u00fcberzeugt mit ihrer unverkennbaren Stimme, einer gef\u00fchlvollen Melodie und einem ber\u00fchrenden Text \u00fcber Abschied und Herzschmerz. Der Song verbindet sanfte Live-Gitarren (Manuel Lopez), Chorharmonien (Oliver Trebron &amp; Elena Waerny) und eine moderne Schlagerproduktion aus der Feder von Ergi Raff &amp; Jack Fruno. Produziert wurde&#8230;<\/p>\n","protected":false},"author":1,"featured_media":37119,"comment_status":"open","ping_status":"open","sticky":false,"template":"","format":"standard","meta":{"footnotes":""},"categories":[3231,3255,4158],"tags":[1699],"class_list":["post-37118","post","type-post","status-publish","format-standard","has-post-thumbnail","hentry","category-bergers-schlagerparadies","category-deutsch","category-enef-media","tag-daniela-urich","wpcat-3231-id","wpcat-3255-id","wpcat-4158-id"],"_links":{"self":[{"href":"https:\/\/bergers-schlagerparadies.de\/index.php?rest_route=\/wp\/v2\/posts\/37118","targetHints":{"allow":["GET"]}}],"collection":[{"href":"https:\/\/bergers-schlagerparadies.de\/index.php?rest_route=\/wp\/v2\/posts"}],"about":[{"href":"https:\/\/bergers-schlagerparadies.de\/index.php?rest_route=\/wp\/v2\/types\/post"}],"author":[{"embeddable":true,"href":"https:\/\/bergers-schlagerparadies.de\/index.php?rest_route=\/wp\/v2\/users\/1"}],"replies":[{"embeddable":true,"href":"https:\/\/bergers-schlagerparadies.de\/index.php?rest_route=%2Fwp%2Fv2%2Fcomments&post=37118"}],"version-history":[{"count":1,"href":"https:\/\/bergers-schlagerparadies.de\/index.php?rest_route=\/wp\/v2\/posts\/37118\/revisions"}],"predecessor-version":[{"id":37120,"href":"https:\/\/bergers-schlagerparadies.de\/index.php?rest_route=\/wp\/v2\/posts\/37118\/revisions\/37120"}],"wp:featuredmedia":[{"embeddable":true,"href":"https:\/\/bergers-schlagerparadies.de\/index.php?rest_route=\/wp\/v2\/media\/37119"}],"wp:attachment":[{"href":"https:\/\/bergers-schlagerparadies.de\/index.php?rest_route=%2Fwp%2Fv2%2Fmedia&parent=37118"}],"wp:term":[{"taxonomy":"category","embeddable":true,"href":"https:\/\/bergers-schlagerparadies.de\/index.php?rest_route=%2Fwp%2Fv2%2Fcategories&post=37118"},{"taxonomy":"post_tag","embeddable":true,"href":"https:\/\/bergers-schlagerparadies.de\/index.php?rest_route=%2Fwp%2Fv2%2Ftags&post=37118"}],"curies":[{"name":"wp","href":"https:\/\/api.w.org\/{rel}","templated":true}]}}