{"id":37006,"date":"2025-07-28T10:30:41","date_gmt":"2025-07-28T08:30:41","guid":{"rendered":"https:\/\/bergers-schlagerparadies.de\/?p=37006"},"modified":"2025-08-01T15:11:32","modified_gmt":"2025-08-01T13:11:32","slug":"sven-moll-der-moment-%c2%b7-bergers-schlagerparadies","status":"publish","type":"post","link":"https:\/\/bergers-schlagerparadies.de\/?p=37006","title":{"rendered":"Sven Moll &#8211; Der Moment \u00b7 Berger\u00b4s Schlagerparadies"},"content":{"rendered":"<figure id=\"attachment_37007\" aria-describedby=\"caption-attachment-37007\" style=\"width: 300px\" class=\"wp-caption alignleft\"><img loading=\"lazy\" decoding=\"async\" class=\"size-medium wp-image-37007\" src=\"https:\/\/bergers-schlagerparadies.de\/wp-content\/uploads\/2025\/07\/Sven-Moll-Der-Moment-300x300.jpeg\" alt=\"\" width=\"300\" height=\"300\" srcset=\"https:\/\/bergers-schlagerparadies.de\/wp-content\/uploads\/2025\/07\/Sven-Moll-Der-Moment-300x300.jpeg 300w, https:\/\/bergers-schlagerparadies.de\/wp-content\/uploads\/2025\/07\/Sven-Moll-Der-Moment-1024x1024.jpeg 1024w, https:\/\/bergers-schlagerparadies.de\/wp-content\/uploads\/2025\/07\/Sven-Moll-Der-Moment-150x150.jpeg 150w, https:\/\/bergers-schlagerparadies.de\/wp-content\/uploads\/2025\/07\/Sven-Moll-Der-Moment-768x768.jpeg 768w, https:\/\/bergers-schlagerparadies.de\/wp-content\/uploads\/2025\/07\/Sven-Moll-Der-Moment-1536x1536.jpeg 1536w, https:\/\/bergers-schlagerparadies.de\/wp-content\/uploads\/2025\/07\/Sven-Moll-Der-Moment-2048x2048.jpeg 2048w, https:\/\/bergers-schlagerparadies.de\/wp-content\/uploads\/2025\/07\/Sven-Moll-Der-Moment-1200x1200.jpeg 1200w, https:\/\/bergers-schlagerparadies.de\/wp-content\/uploads\/2025\/07\/Sven-Moll-Der-Moment-1188x1188.jpeg 1188w, https:\/\/bergers-schlagerparadies.de\/wp-content\/uploads\/2025\/07\/Sven-Moll-Der-Moment-100x100.jpeg 100w\" sizes=\"auto, (max-width: 300px) 100vw, 300px\" \/><figcaption id=\"caption-attachment-37007\" class=\"wp-caption-text\">Created with GIMP<\/figcaption><\/figure>\n<p>Mit \u201eDer Moment\u201c ver\u00f6ffentlicht Sven Moll seine neue Single, die ganz dem Zauber des Kennenlernens gewidmet ist. Der Song erz\u00e4hlt von einem ersten Blick, einem besonderen Date \u2013 und diesem einen Moment, in dem alles beginnt.<\/p>\n<p>\u201eDer Moment\u201c spricht Menschen an, die das Verlieben noch sp\u00fcren wollen. Ohne gro\u00dfe Gesten, aber mit viel Gef\u00fchl zeigt Sven Moll, wie bedeutend die kleinen Augenblicke sein k\u00f6nnen, die man nie vergisst.<\/p>\n<p>Produziert von Jack Price, bringt der Titel einen emotionalen, zugleich frischen Sound mit, der moderne Schlagermelodien mit echtem Gef\u00fchl verbindet. \u201eDer Moment\u201c ist eine musikalische Liebeserkl\u00e4rung an die kleinen Momente, die alles ver\u00e4ndern.<\/p>\n<p><span style=\"color: #800000;\"><strong>Quelle: Fiesta Records<\/strong><\/span><\/p>\n<p><span style=\"color: #800000;\"><strong>Dieser Song ist ab dem 01.08.2025 auf allen Download- und Streaming-Portalen erh\u00e4ltlich.\u00a0<\/strong><\/span><\/p>\n<p><span style=\"color: #800000;\"><strong>Airdate (f\u00fcr Radiosender): 30.07.2025<\/strong><\/span><\/p>\n","protected":false},"excerpt":{"rendered":"<p>Mit \u201eDer Moment\u201c ver\u00f6ffentlicht Sven Moll seine neue Single, die ganz dem Zauber des Kennenlernens gewidmet ist. Der Song erz\u00e4hlt von einem ersten Blick, einem besonderen Date \u2013 und diesem einen Moment, in dem alles beginnt. \u201eDer Moment\u201c spricht Menschen an, die das Verlieben noch sp\u00fcren wollen. Ohne gro\u00dfe Gesten, aber mit viel Gef\u00fchl zeigt Sven Moll, wie bedeutend die kleinen Augenblicke sein k\u00f6nnen, die man nie vergisst. Produziert von Jack Price, bringt der Titel einen emotionalen, zugleich frischen Sound mit, der moderne Schlagermelodien mit echtem Gef\u00fchl verbindet. \u201eDer Moment\u201c ist eine musikalische Liebeserkl\u00e4rung an die kleinen Momente, die alles ver\u00e4ndern. Quelle: Fiesta Records Dieser&#8230;<\/p>\n","protected":false},"author":1,"featured_media":37007,"comment_status":"open","ping_status":"open","sticky":false,"template":"","format":"standard","meta":{"footnotes":""},"categories":[3231,3232,2],"tags":[2746],"class_list":["post-37006","post","type-post","status-publish","format-standard","has-post-thumbnail","hentry","category-bergers-schlagerparadies","category-fiesta-records","category-schlager","tag-sven-moll","wpcat-3231-id","wpcat-3232-id","wpcat-2-id"],"_links":{"self":[{"href":"https:\/\/bergers-schlagerparadies.de\/index.php?rest_route=\/wp\/v2\/posts\/37006","targetHints":{"allow":["GET"]}}],"collection":[{"href":"https:\/\/bergers-schlagerparadies.de\/index.php?rest_route=\/wp\/v2\/posts"}],"about":[{"href":"https:\/\/bergers-schlagerparadies.de\/index.php?rest_route=\/wp\/v2\/types\/post"}],"author":[{"embeddable":true,"href":"https:\/\/bergers-schlagerparadies.de\/index.php?rest_route=\/wp\/v2\/users\/1"}],"replies":[{"embeddable":true,"href":"https:\/\/bergers-schlagerparadies.de\/index.php?rest_route=%2Fwp%2Fv2%2Fcomments&post=37006"}],"version-history":[{"count":3,"href":"https:\/\/bergers-schlagerparadies.de\/index.php?rest_route=\/wp\/v2\/posts\/37006\/revisions"}],"predecessor-version":[{"id":37199,"href":"https:\/\/bergers-schlagerparadies.de\/index.php?rest_route=\/wp\/v2\/posts\/37006\/revisions\/37199"}],"wp:featuredmedia":[{"embeddable":true,"href":"https:\/\/bergers-schlagerparadies.de\/index.php?rest_route=\/wp\/v2\/media\/37007"}],"wp:attachment":[{"href":"https:\/\/bergers-schlagerparadies.de\/index.php?rest_route=%2Fwp%2Fv2%2Fmedia&parent=37006"}],"wp:term":[{"taxonomy":"category","embeddable":true,"href":"https:\/\/bergers-schlagerparadies.de\/index.php?rest_route=%2Fwp%2Fv2%2Fcategories&post=37006"},{"taxonomy":"post_tag","embeddable":true,"href":"https:\/\/bergers-schlagerparadies.de\/index.php?rest_route=%2Fwp%2Fv2%2Ftags&post=37006"}],"curies":[{"name":"wp","href":"https:\/\/api.w.org\/{rel}","templated":true}]}}