{"id":36975,"date":"2025-07-23T22:28:01","date_gmt":"2025-07-23T20:28:01","guid":{"rendered":"https:\/\/bergers-schlagerparadies.de\/?p=36975"},"modified":"2025-07-23T22:28:01","modified_gmt":"2025-07-23T20:28:01","slug":"vivian-lindt-kopf-aus-%c2%b7-bergers-schlagerparadies","status":"publish","type":"post","link":"https:\/\/bergers-schlagerparadies.de\/?p=36975","title":{"rendered":"Vivian Lindt &#8211; Kopf aus \u00b7 Berger\u00b4s Schlagerparadies"},"content":{"rendered":"<p><strong><img loading=\"lazy\" decoding=\"async\" class=\"size-medium wp-image-36976 alignleft\" src=\"https:\/\/bergers-schlagerparadies.de\/wp-content\/uploads\/2025\/07\/Vivian-Lindt-Kopf-aus-300x300.jpg\" alt=\"\" width=\"300\" height=\"300\" srcset=\"https:\/\/bergers-schlagerparadies.de\/wp-content\/uploads\/2025\/07\/Vivian-Lindt-Kopf-aus-300x300.jpg 300w, https:\/\/bergers-schlagerparadies.de\/wp-content\/uploads\/2025\/07\/Vivian-Lindt-Kopf-aus-1024x1024.jpg 1024w, https:\/\/bergers-schlagerparadies.de\/wp-content\/uploads\/2025\/07\/Vivian-Lindt-Kopf-aus-150x150.jpg 150w, https:\/\/bergers-schlagerparadies.de\/wp-content\/uploads\/2025\/07\/Vivian-Lindt-Kopf-aus-768x768.jpg 768w, https:\/\/bergers-schlagerparadies.de\/wp-content\/uploads\/2025\/07\/Vivian-Lindt-Kopf-aus-1536x1536.jpg 1536w, https:\/\/bergers-schlagerparadies.de\/wp-content\/uploads\/2025\/07\/Vivian-Lindt-Kopf-aus-2048x2048.jpg 2048w, https:\/\/bergers-schlagerparadies.de\/wp-content\/uploads\/2025\/07\/Vivian-Lindt-Kopf-aus-1200x1200.jpg 1200w, https:\/\/bergers-schlagerparadies.de\/wp-content\/uploads\/2025\/07\/Vivian-Lindt-Kopf-aus-1188x1188.jpg 1188w, https:\/\/bergers-schlagerparadies.de\/wp-content\/uploads\/2025\/07\/Vivian-Lindt-Kopf-aus-100x100.jpg 100w\" sizes=\"auto, (max-width: 300px) 100vw, 300px\" \/>VIVIAN LINDT: \u201eKopf aus\u201c<\/strong><\/p>\n<p>ist ein Song, der bleibt \u2013 auch wenn der Moment vergeht!<\/p>\n<p>Der neue Song von VIVIAN ist ein Lied \u00fcber die Kraft des Augenblicks!<\/p>\n<p>Mit ihrer aktuellen Single \u201eKopf aus!\u201c pr\u00e4sentiert VIVIAN LINDT ein musikalisches Pl\u00e4doyer f\u00fcr das Leben im Hier und Jetzt. In einer Zeit, in der Sorgen, Planungen und der st\u00e4ndige Blick nach vorne oft den Alltag bestimmen, setzt Lindt mit diesem Lied einen Kontrapunkt \u2013 und zeigt, wie befreiend es sein kann, einfach mal loszulassen. Ganz untypisch f\u00fcr sonstige Schlagertexte, geht es hier um das Ausleben von hei\u00dfen W\u00fcnschen und NICHT um die gro\u00dfe romantische Liebe.<\/p>\n<p>\u201eKopf aus, ich mach&#8216; den Kopf aus\u201c \u2013 dieser eing\u00e4ngige Refrain ist nicht nur ein musikalischer Ohrwurm, sondern auch ein emotionales Statement. Der Song beschreibt eine intensive, aber bewusste Momentaufnahme zweier Menschen, die sich in einer fl\u00fcchtigen, ehrlichen Verbindung begegnen. Keine gro\u00dfen Versprechen, keine Zukunftspl\u00e4ne \u2013 vielmehr ist es einfach nur der gemeinsame Augenblick, der z\u00e4hlt.<\/p>\n<p>Der Textdichterin (und Labelchefin) SUSAN EBRAHIMI und den Komponisten WILLY KL\u00dcTER und MANFRED HOCHHOLZER gelingt es, durch poetische Bilder wie \u201ezwei Spuren im Sand\u201c oder \u201eFedern im Wind\u201c die Verg\u00e4nglichkeit der Liebe zart und gleichzeitig eindringlich zu erz\u00e4hlen. Das im renommierten Graffiti Tonstudio M\u00fcnchen produzierte Arrangement unterst\u00fctzt die emotionale Tiefe des Textes mit modernen Kl\u00e4ngen, ohne den typischen Schlager-Charme zu verlieren.<\/p>\n<p>Seit ihrem Deb\u00fct 1996 z\u00e4hlt VIVIAN LINDT zu den authentischsten Stimmen des deutschen Schlagers. Mit Auszeichnungen wie der Goldenen Stimmgabel und zahlreichen Chartplatzierungen hat sie sich l\u00e4ngst als feste Gr\u00f6\u00dfe etabliert. Was VIVIAN dabei stets auszeichnet, ist ihre F\u00e4higkeit, Gef\u00fchl und Haltung zu verbinden \u2013 in gef\u00fchlvollen Balladen genauso wie in tanzbaren Hits.<\/p>\n<p>In \u201eKopf aus!\u201c klingt genau diese Reife und Erfahrung durch. Der Song ist eine Einladung, das Gedankenkarussell zu stoppen und auf das eigene Herz zu h\u00f6ren. Eine Botschaft, die VIVIAN LINDT glaubw\u00fcrdig und mit viel Seele transportiert.<\/p>\n<p>VIVIAN steht \u00fcbrigens nicht nur f\u00fcr musikalische Qualit\u00e4t, sondern auch f\u00fcr soziales Engagement. Ihr Einsatz f\u00fcr Menschen mit Behinderungen, ihr Mut zu nachdenklichen Texten und ihr k\u00fcnstlerischer Anspruch machen sie zu einer Ausnahmek\u00fcnstlerin im Schlager.<\/p>\n<p>Mit \u201eKopf aus!\u201c gelingt VIVIAN LINDT ein zeitgem\u00e4\u00dfer, emotionaler Schlager, der zum Innehalten einl\u00e4dt, insbesondere aber Leichtigkeit schenkt. Eine Hymne an den Augenblick \u2013 gef\u00fchlvoll, ehrlich und musikalisch auf einem Top-Niveau, wie wir es von VIVIAN seit vielen Jahren kennen!<\/p>\n<p><span style=\"color: #800000;\"><strong>Quelle: KLONDIKE Records &amp; Songs<\/strong><\/span><\/p>\n<p><span style=\"color: #800000;\"><strong>Dieser Song ist ab dem 25.07.2025 auf allen Download- und Streaming-Portalen erh\u00e4ltlich.\u00a0<\/strong><\/span><\/p>\n<p><span style=\"color: #800000;\"><strong>Airdate (f\u00fcr Radiosender): 25.07.2025<\/strong><\/span><\/p>\n","protected":false},"excerpt":{"rendered":"<p>VIVIAN LINDT: \u201eKopf aus\u201c ist ein Song, der bleibt \u2013 auch wenn der Moment vergeht! Der neue Song von VIVIAN ist ein Lied \u00fcber die Kraft des Augenblicks! Mit ihrer aktuellen Single \u201eKopf aus!\u201c pr\u00e4sentiert VIVIAN LINDT ein musikalisches Pl\u00e4doyer f\u00fcr das Leben im Hier und Jetzt. In einer Zeit, in der Sorgen, Planungen und der st\u00e4ndige Blick nach vorne oft den Alltag bestimmen, setzt Lindt mit diesem Lied einen Kontrapunkt \u2013 und zeigt, wie befreiend es sein kann, einfach mal loszulassen. Ganz untypisch f\u00fcr sonstige Schlagertexte, geht es hier um das Ausleben von hei\u00dfen W\u00fcnschen und NICHT um die gro\u00dfe romantische Liebe. \u201eKopf aus,&#8230;<\/p>\n","protected":false},"author":1,"featured_media":36976,"comment_status":"open","ping_status":"open","sticky":false,"template":"","format":"standard","meta":{"footnotes":""},"categories":[3231,3437,2],"tags":[1264],"class_list":["post-36975","post","type-post","status-publish","format-standard","has-post-thumbnail","hentry","category-bergers-schlagerparadies","category-klondike-records-songs","category-schlager","tag-vivian-lindt","wpcat-3231-id","wpcat-3437-id","wpcat-2-id"],"_links":{"self":[{"href":"https:\/\/bergers-schlagerparadies.de\/index.php?rest_route=\/wp\/v2\/posts\/36975","targetHints":{"allow":["GET"]}}],"collection":[{"href":"https:\/\/bergers-schlagerparadies.de\/index.php?rest_route=\/wp\/v2\/posts"}],"about":[{"href":"https:\/\/bergers-schlagerparadies.de\/index.php?rest_route=\/wp\/v2\/types\/post"}],"author":[{"embeddable":true,"href":"https:\/\/bergers-schlagerparadies.de\/index.php?rest_route=\/wp\/v2\/users\/1"}],"replies":[{"embeddable":true,"href":"https:\/\/bergers-schlagerparadies.de\/index.php?rest_route=%2Fwp%2Fv2%2Fcomments&post=36975"}],"version-history":[{"count":1,"href":"https:\/\/bergers-schlagerparadies.de\/index.php?rest_route=\/wp\/v2\/posts\/36975\/revisions"}],"predecessor-version":[{"id":36977,"href":"https:\/\/bergers-schlagerparadies.de\/index.php?rest_route=\/wp\/v2\/posts\/36975\/revisions\/36977"}],"wp:featuredmedia":[{"embeddable":true,"href":"https:\/\/bergers-schlagerparadies.de\/index.php?rest_route=\/wp\/v2\/media\/36976"}],"wp:attachment":[{"href":"https:\/\/bergers-schlagerparadies.de\/index.php?rest_route=%2Fwp%2Fv2%2Fmedia&parent=36975"}],"wp:term":[{"taxonomy":"category","embeddable":true,"href":"https:\/\/bergers-schlagerparadies.de\/index.php?rest_route=%2Fwp%2Fv2%2Fcategories&post=36975"},{"taxonomy":"post_tag","embeddable":true,"href":"https:\/\/bergers-schlagerparadies.de\/index.php?rest_route=%2Fwp%2Fv2%2Ftags&post=36975"}],"curies":[{"name":"wp","href":"https:\/\/api.w.org\/{rel}","templated":true}]}}