{"id":36948,"date":"2025-07-21T22:00:45","date_gmt":"2025-07-21T20:00:45","guid":{"rendered":"https:\/\/bergers-schlagerparadies.de\/?p=36948"},"modified":"2025-07-21T22:00:55","modified_gmt":"2025-07-21T20:00:55","slug":"silvia-kaufmann-ich-werd-leben-%c2%b7-bergers-schlagerparadies","status":"publish","type":"post","link":"https:\/\/bergers-schlagerparadies.de\/?p=36948","title":{"rendered":"Silvia Kaufmann &#8211; Ich werd leben \u00b7 Berger\u00b4s Schlagerparadies"},"content":{"rendered":"<p><img loading=\"lazy\" decoding=\"async\" class=\"size-medium wp-image-36949 alignleft\" src=\"https:\/\/bergers-schlagerparadies.de\/wp-content\/uploads\/2025\/07\/Silvia-Kaufmann-Ich-werd-leben-300x300.jpeg\" alt=\"\" width=\"300\" height=\"300\" srcset=\"https:\/\/bergers-schlagerparadies.de\/wp-content\/uploads\/2025\/07\/Silvia-Kaufmann-Ich-werd-leben-300x300.jpeg 300w, https:\/\/bergers-schlagerparadies.de\/wp-content\/uploads\/2025\/07\/Silvia-Kaufmann-Ich-werd-leben-1024x1024.jpeg 1024w, https:\/\/bergers-schlagerparadies.de\/wp-content\/uploads\/2025\/07\/Silvia-Kaufmann-Ich-werd-leben-150x150.jpeg 150w, https:\/\/bergers-schlagerparadies.de\/wp-content\/uploads\/2025\/07\/Silvia-Kaufmann-Ich-werd-leben-768x768.jpeg 768w, https:\/\/bergers-schlagerparadies.de\/wp-content\/uploads\/2025\/07\/Silvia-Kaufmann-Ich-werd-leben-1536x1536.jpeg 1536w, https:\/\/bergers-schlagerparadies.de\/wp-content\/uploads\/2025\/07\/Silvia-Kaufmann-Ich-werd-leben-2048x2048.jpeg 2048w, https:\/\/bergers-schlagerparadies.de\/wp-content\/uploads\/2025\/07\/Silvia-Kaufmann-Ich-werd-leben-1200x1200.jpeg 1200w, https:\/\/bergers-schlagerparadies.de\/wp-content\/uploads\/2025\/07\/Silvia-Kaufmann-Ich-werd-leben-1188x1188.jpeg 1188w, https:\/\/bergers-schlagerparadies.de\/wp-content\/uploads\/2025\/07\/Silvia-Kaufmann-Ich-werd-leben-100x100.jpeg 100w\" sizes=\"auto, (max-width: 300px) 100vw, 300px\" \/>Silvia Kaufmann \u2013 die K\u00f6nigin von Mallorca bringt emotionale Coverversion auf Deutsch<br \/>\n\u201eIch werd leben\u201c erscheint am 25. Juli.<\/p>\n<p>Mit ihrer neuen Single \u201eIch werde leben\u201c meldet sich Silvia Kaufmann, bekannt als die K\u00f6nigin von Mallorca, eindrucksvoll zur\u00fcck. Der gef\u00fchlvolle Song ist die offizielle deutsche Version des holl\u00e4ndischen Klassikers \u201eIk Ga Leven\u201c von Rob van Daal. Zum ersten Mal gibt es diesen Titel jetzt in einer deutschsprachigen Version \u2013 emotional, ber\u00fchrend und absolut hitverd\u00e4chtig.<\/p>\n<p>\u201eIch werd leben\u201c ist ein Song \u00fcber das Weitermachen, das Zur\u00fcckkommen und den Glauben an sich selbst. Silvia Kaufmann verleiht dem Titel mit ihrer Stimme echte Tiefe und G\u00e4nsehautgef\u00fchl.<\/p>\n<p>Ver\u00f6ffentlicht wird der Song \u00fcber das Label Silvia Kaufmann Records, das f\u00fcr starke deutschsprachige Ver\u00f6ffentlichungen in der Schlager und Partyszene steht.<\/p>\n<p>Ver\u00f6ffentlichung am 25. Juli 2025 und auf allen Portalen verf\u00fcgbar.<\/p>\n<p><span style=\"color: #800000;\"><strong>Quelle: Silvia Kaufmann Records<\/strong><\/span><\/p>\n<p><span style=\"color: #800000;\"><strong>Dieser Song ist ab dem 25.07.2025 auf allen Download- und Streaming-Portalen erh\u00e4ltlich.\u00a0<\/strong><\/span><\/p>\n<p><span style=\"color: #800000;\"><strong>Airdate (f\u00fcr Radiosender): 21.07.2025<\/strong><\/span><\/p>\n","protected":false},"excerpt":{"rendered":"<p>Silvia Kaufmann \u2013 die K\u00f6nigin von Mallorca bringt emotionale Coverversion auf Deutsch \u201eIch werd leben\u201c erscheint am 25. Juli. Mit ihrer neuen Single \u201eIch werde leben\u201c meldet sich Silvia Kaufmann, bekannt als die K\u00f6nigin von Mallorca, eindrucksvoll zur\u00fcck. Der gef\u00fchlvolle Song ist die offizielle deutsche Version des holl\u00e4ndischen Klassikers \u201eIk Ga Leven\u201c von Rob van Daal. Zum ersten Mal gibt es diesen Titel jetzt in einer deutschsprachigen Version \u2013 emotional, ber\u00fchrend und absolut hitverd\u00e4chtig. \u201eIch werd leben\u201c ist ein Song \u00fcber das Weitermachen, das Zur\u00fcckkommen und den Glauben an sich selbst. Silvia Kaufmann verleiht dem Titel mit ihrer Stimme echte Tiefe und G\u00e4nsehautgef\u00fchl. Ver\u00f6ffentlicht wird&#8230;<\/p>\n","protected":false},"author":1,"featured_media":36949,"comment_status":"open","ping_status":"open","sticky":false,"template":"","format":"standard","meta":{"footnotes":""},"categories":[3231,2,4137],"tags":[846],"class_list":["post-36948","post","type-post","status-publish","format-standard","has-post-thumbnail","hentry","category-bergers-schlagerparadies","category-schlager","category-silvia-kaufmann-records","tag-silvia-kaufmann","wpcat-3231-id","wpcat-2-id","wpcat-4137-id"],"_links":{"self":[{"href":"https:\/\/bergers-schlagerparadies.de\/index.php?rest_route=\/wp\/v2\/posts\/36948","targetHints":{"allow":["GET"]}}],"collection":[{"href":"https:\/\/bergers-schlagerparadies.de\/index.php?rest_route=\/wp\/v2\/posts"}],"about":[{"href":"https:\/\/bergers-schlagerparadies.de\/index.php?rest_route=\/wp\/v2\/types\/post"}],"author":[{"embeddable":true,"href":"https:\/\/bergers-schlagerparadies.de\/index.php?rest_route=\/wp\/v2\/users\/1"}],"replies":[{"embeddable":true,"href":"https:\/\/bergers-schlagerparadies.de\/index.php?rest_route=%2Fwp%2Fv2%2Fcomments&post=36948"}],"version-history":[{"count":1,"href":"https:\/\/bergers-schlagerparadies.de\/index.php?rest_route=\/wp\/v2\/posts\/36948\/revisions"}],"predecessor-version":[{"id":36950,"href":"https:\/\/bergers-schlagerparadies.de\/index.php?rest_route=\/wp\/v2\/posts\/36948\/revisions\/36950"}],"wp:featuredmedia":[{"embeddable":true,"href":"https:\/\/bergers-schlagerparadies.de\/index.php?rest_route=\/wp\/v2\/media\/36949"}],"wp:attachment":[{"href":"https:\/\/bergers-schlagerparadies.de\/index.php?rest_route=%2Fwp%2Fv2%2Fmedia&parent=36948"}],"wp:term":[{"taxonomy":"category","embeddable":true,"href":"https:\/\/bergers-schlagerparadies.de\/index.php?rest_route=%2Fwp%2Fv2%2Fcategories&post=36948"},{"taxonomy":"post_tag","embeddable":true,"href":"https:\/\/bergers-schlagerparadies.de\/index.php?rest_route=%2Fwp%2Fv2%2Ftags&post=36948"}],"curies":[{"name":"wp","href":"https:\/\/api.w.org\/{rel}","templated":true}]}}