{"id":36945,"date":"2025-07-21T21:35:20","date_gmt":"2025-07-21T19:35:20","guid":{"rendered":"https:\/\/bergers-schlagerparadies.de\/?p=36945"},"modified":"2025-07-21T21:35:20","modified_gmt":"2025-07-21T19:35:20","slug":"patrick-lindner-komm-mach-das-nochmal-%c2%b7-bergers-schlagerparadies","status":"publish","type":"post","link":"https:\/\/bergers-schlagerparadies.de\/?p=36945","title":{"rendered":"Patrick Lindner &#8211; Komm mach das nochmal \u00b7 Berger\u00b4s Schlagerparadies"},"content":{"rendered":"<p><img loading=\"lazy\" decoding=\"async\" class=\"size-medium wp-image-36946 alignleft\" src=\"https:\/\/bergers-schlagerparadies.de\/wp-content\/uploads\/2025\/07\/Patrick-Lindner-Komm-mach-das-nochmal-300x300.jpeg\" alt=\"\" width=\"300\" height=\"300\" srcset=\"https:\/\/bergers-schlagerparadies.de\/wp-content\/uploads\/2025\/07\/Patrick-Lindner-Komm-mach-das-nochmal-300x300.jpeg 300w, https:\/\/bergers-schlagerparadies.de\/wp-content\/uploads\/2025\/07\/Patrick-Lindner-Komm-mach-das-nochmal-1024x1024.jpeg 1024w, https:\/\/bergers-schlagerparadies.de\/wp-content\/uploads\/2025\/07\/Patrick-Lindner-Komm-mach-das-nochmal-150x150.jpeg 150w, https:\/\/bergers-schlagerparadies.de\/wp-content\/uploads\/2025\/07\/Patrick-Lindner-Komm-mach-das-nochmal-768x768.jpeg 768w, https:\/\/bergers-schlagerparadies.de\/wp-content\/uploads\/2025\/07\/Patrick-Lindner-Komm-mach-das-nochmal-1200x1200.jpeg 1200w, https:\/\/bergers-schlagerparadies.de\/wp-content\/uploads\/2025\/07\/Patrick-Lindner-Komm-mach-das-nochmal-1188x1188.jpeg 1188w, https:\/\/bergers-schlagerparadies.de\/wp-content\/uploads\/2025\/07\/Patrick-Lindner-Komm-mach-das-nochmal-100x100.jpeg 100w, https:\/\/bergers-schlagerparadies.de\/wp-content\/uploads\/2025\/07\/Patrick-Lindner-Komm-mach-das-nochmal.jpeg 1400w\" sizes=\"auto, (max-width: 300px) 100vw, 300px\" \/>PATRICK LINDNER bringt den Sommer auf die Playlisten: Die neue Single \u201eKomm mach das nochmal\u201c<\/p>\n<p>++ ab dem 25. Juli 2025 im Stream verf\u00fcgbar ++<br \/>\n++ Live-Premiere bei \u201eImmer wieder sonntags\u201c am 27. Juli ++<\/p>\n<p>Auch dieser Tage viel unterwegs, um bei der einen oder anderen XL-Sommersause aufzutreten und f\u00fcr ganz viel gute Laune zu sorgen, schickt Patrick Lindner p\u00fcnktlich zum Start in die Feriensaison eine hundertprozentige Sommerhymne auf die Playlisten: \u201eKomm mach das nochmal\u201c hei\u00dft seine durch und durch sonnengetr\u00e4nkte neue Single, die am 25. Juli erscheint! Live pr\u00e4sentiert der sympathische Schlagers\u00e4nger die neue Sommerhymne schon wenige Tage sp\u00e4ter, wenn er am 27. Juli auch bei \u201eImmer wieder sonntags\u201c f\u00fcr maximale #SummerVibes sorgt.<\/p>\n<p>\u201eAn manchen Tagen scheint die Sonne nicht ganz so hell wie man es mag\u201c, muss der M\u00fcnchner zwar eingangs noch einr\u00e4umen, schiebt die Wolken aber auch gleich wieder aus dem Sichtfeld, indem er auf ein 100% feuriges, treibendes und maximal tanzbares Sommer-Arrangement setzt: Mit richtig viel Schwung bittet Patrick Lindner seine Fans zum Tanz, w\u00e4hrend der exotische Offbeat-Schwung alles in Bewegung setzt.<\/p>\n<p>\u201eEs ist das Wunder, das man Liebe nennt\u201c, verr\u00e4t er schlie\u00dflich auch den Grund f\u00fcr seinen temperamentvoll vertonten Gl\u00fccksrausch \u2013 ein Gef\u00fchl, von dem er offensichtlich nicht genug kriegen kann: \u201eKomm mach das nochmal, tu es wieder!\u201c W\u00e4hrend mediterrane Akzente und feurige Rhythmen \u201ediese W\u00e4rme\u201c direkt in H\u00fcften und Tanzbeine umleiten, bezeichnet auch Lindner selbst den neuen Titel als perfekten Hochsommer-Soundtrack: \u201eDas ist Sommer pur f\u00fcr mich\u201c, so der S\u00e4nger.<\/p>\n<p>Seit 1989 erfolgreich als Musiker, kennt man Patrick Lindner seit vielen, vielen Jahren auch als Koch, als Moderator, der auf mehrere Dutzend eigene Shows f\u00fcr ZDF und ARD zur\u00fcckblicken kann (u.a. \u201eSo ein Tag mit guten Freunden\u201c, \u201ePatrick Lindner pers\u00f6nlich\u201c, \u201ePatrick Lindner Show\u201c), sowie als Primetime-Schauspieler (u. a. \u201eTraumschiff\u201c, \u201eSOKO\u201c) und Operetten-Star (\u201eIm Wei\u00dfen R\u00f6ssl\u201c). Seit \u00fcber 10 Jahren zudem als Schirmherr der eigenen Patrick-Lindner-Stiftung aktiv \u2013 einer gemeinn\u00fctzigen Organisation, die jungen Menschen in der Selbstfindungsphase unter die Arme greift und sich u.a. f\u00fcr die Gleichstellung der LGBTQIA+-Gruppen stark macht \u2013, wurde dem vielfach pr\u00e4mierten S\u00e4nger erst im Herbst 2024 auch der Bayerische Verdienstorden f\u00fcr sein soziales Engagement verliehen. Das 35-j\u00e4hrige Jubil\u00e4um zelebrierte Lindner zuletzt mit dem aktuellen Hitalbum \u201eAll meine Farben\u201c (2024), das ihm neben massiven Streaming-Erfolgen (u.a. \u201eIch will, dass Du gl\u00fccklich bist\u201c, \u201eSo f\u00fchlt sich nur die Liebe an\u201c) auch reihenweise Airplay-Hits bescherte: An den #1-Erfolg der Titelsingle (\u201e(All) Deine Farben\u201c) kn\u00fcpfte er zuletzt mit dem Top-10-Airplayhit \u201eNa dann geh doch\u201c an, mit dem Lindner ins Jahr 2025 starten konnte.<\/p>\n<p>Die neue Single \u201eKomm mach das nochmal\u201c erscheint am 25. Juli 2025.<\/p>\n<p><span style=\"color: #800000;\"><strong>Quelle: Telamo<\/strong><\/span><\/p>\n<p><span style=\"color: #800000;\"><strong>Dieser Song ist ab dem 25.07.2025 auf allen Download- und Streaming-Portalen erh\u00e4ltlich.\u00a0<\/strong><\/span><\/p>\n<p><span style=\"color: #800000;\"><strong>Airdate (f\u00fcr Radiosender): 25.07.2025<\/strong><\/span><\/p>\n<p>&nbsp;<\/p>\n","protected":false},"excerpt":{"rendered":"<p>PATRICK LINDNER bringt den Sommer auf die Playlisten: Die neue Single \u201eKomm mach das nochmal\u201c ++ ab dem 25. Juli 2025 im Stream verf\u00fcgbar ++ ++ Live-Premiere bei \u201eImmer wieder sonntags\u201c am 27. Juli ++ Auch dieser Tage viel unterwegs, um bei der einen oder anderen XL-Sommersause aufzutreten und f\u00fcr ganz viel gute Laune zu sorgen, schickt Patrick Lindner p\u00fcnktlich zum Start in die Feriensaison eine hundertprozentige Sommerhymne auf die Playlisten: \u201eKomm mach das nochmal\u201c hei\u00dft seine durch und durch sonnengetr\u00e4nkte neue Single, die am 25. Juli erscheint! Live pr\u00e4sentiert der sympathische Schlagers\u00e4nger die neue Sommerhymne schon wenige Tage sp\u00e4ter, wenn er am 27. Juli&#8230;<\/p>\n","protected":false},"author":1,"featured_media":36946,"comment_status":"open","ping_status":"open","sticky":false,"template":"","format":"standard","meta":{"footnotes":""},"categories":[3231,2,3239],"tags":[869],"class_list":["post-36945","post","type-post","status-publish","format-standard","has-post-thumbnail","hentry","category-bergers-schlagerparadies","category-schlager","category-telamo","tag-patrick-lindner","wpcat-3231-id","wpcat-2-id","wpcat-3239-id"],"_links":{"self":[{"href":"https:\/\/bergers-schlagerparadies.de\/index.php?rest_route=\/wp\/v2\/posts\/36945","targetHints":{"allow":["GET"]}}],"collection":[{"href":"https:\/\/bergers-schlagerparadies.de\/index.php?rest_route=\/wp\/v2\/posts"}],"about":[{"href":"https:\/\/bergers-schlagerparadies.de\/index.php?rest_route=\/wp\/v2\/types\/post"}],"author":[{"embeddable":true,"href":"https:\/\/bergers-schlagerparadies.de\/index.php?rest_route=\/wp\/v2\/users\/1"}],"replies":[{"embeddable":true,"href":"https:\/\/bergers-schlagerparadies.de\/index.php?rest_route=%2Fwp%2Fv2%2Fcomments&post=36945"}],"version-history":[{"count":1,"href":"https:\/\/bergers-schlagerparadies.de\/index.php?rest_route=\/wp\/v2\/posts\/36945\/revisions"}],"predecessor-version":[{"id":36947,"href":"https:\/\/bergers-schlagerparadies.de\/index.php?rest_route=\/wp\/v2\/posts\/36945\/revisions\/36947"}],"wp:featuredmedia":[{"embeddable":true,"href":"https:\/\/bergers-schlagerparadies.de\/index.php?rest_route=\/wp\/v2\/media\/36946"}],"wp:attachment":[{"href":"https:\/\/bergers-schlagerparadies.de\/index.php?rest_route=%2Fwp%2Fv2%2Fmedia&parent=36945"}],"wp:term":[{"taxonomy":"category","embeddable":true,"href":"https:\/\/bergers-schlagerparadies.de\/index.php?rest_route=%2Fwp%2Fv2%2Fcategories&post=36945"},{"taxonomy":"post_tag","embeddable":true,"href":"https:\/\/bergers-schlagerparadies.de\/index.php?rest_route=%2Fwp%2Fv2%2Ftags&post=36945"}],"curies":[{"name":"wp","href":"https:\/\/api.w.org\/{rel}","templated":true}]}}