{"id":36937,"date":"2025-07-28T10:30:10","date_gmt":"2025-07-28T08:30:10","guid":{"rendered":"https:\/\/bergers-schlagerparadies.de\/?p=36937"},"modified":"2025-07-21T21:14:10","modified_gmt":"2025-07-21T19:14:10","slug":"sunnseitn-ha-le-lu-ja-%c2%b7-bergers-schlagerparadies","status":"publish","type":"post","link":"https:\/\/bergers-schlagerparadies.de\/?p=36937","title":{"rendered":"Sunnseitn &#8211; Ha-Le-Lu-Ja \u00b7 Berger\u00b4s Schlagerparadies"},"content":{"rendered":"<p><img loading=\"lazy\" decoding=\"async\" class=\"size-medium wp-image-36938 alignleft\" src=\"https:\/\/bergers-schlagerparadies.de\/wp-content\/uploads\/2025\/07\/Sunnseitn-Ha-Le-Lu-Ja-300x300.jpeg\" alt=\"\" width=\"300\" height=\"300\" srcset=\"https:\/\/bergers-schlagerparadies.de\/wp-content\/uploads\/2025\/07\/Sunnseitn-Ha-Le-Lu-Ja-300x300.jpeg 300w, https:\/\/bergers-schlagerparadies.de\/wp-content\/uploads\/2025\/07\/Sunnseitn-Ha-Le-Lu-Ja-1024x1024.jpeg 1024w, https:\/\/bergers-schlagerparadies.de\/wp-content\/uploads\/2025\/07\/Sunnseitn-Ha-Le-Lu-Ja-150x150.jpeg 150w, https:\/\/bergers-schlagerparadies.de\/wp-content\/uploads\/2025\/07\/Sunnseitn-Ha-Le-Lu-Ja-768x768.jpeg 768w, https:\/\/bergers-schlagerparadies.de\/wp-content\/uploads\/2025\/07\/Sunnseitn-Ha-Le-Lu-Ja-1188x1188.jpeg 1188w, https:\/\/bergers-schlagerparadies.de\/wp-content\/uploads\/2025\/07\/Sunnseitn-Ha-Le-Lu-Ja-100x100.jpeg 100w, https:\/\/bergers-schlagerparadies.de\/wp-content\/uploads\/2025\/07\/Sunnseitn-Ha-Le-Lu-Ja.jpeg 1200w\" sizes=\"auto, (max-width: 300px) 100vw, 300px\" \/>Die einzige steirische Band auf der M\u00fcnchner Wiesn, dem gr\u00f6\u00dften Volksfest der Welt.<br \/>\nDie steirische Formation Sunnseitn geh\u00f6rt wohl zu den aktivsten und am schnellsten aufstrebenden Bands.<br \/>\nMit rund 100 Live-Auftritten im Jahr unterhalten sie das Publikum nicht nur in \u00d6sterreich, Deutschland und der Schweiz, sondern gastieren mittlerweile auch regelm\u00e4\u00dfig auf Partys und Festen in Italien und den Niederlanden.<\/p>\n<p>Als Volksmusik-Trio im Jahr 2020 gegr\u00fcndet entwickelte sich die Junge Formation \u00fcber die Jahre immer weiter zu einem wahren Partykoloss. Die Auftritte f\u00fchren die 4 Jungs quer durch Mitteleuropa und auch zu namhaften Veranstaltungen wie dem Oktoberfest in M\u00fcnchen, wo sie in Kufflers Weinzelt mittlerweile zur Gesch\u00e4ftsausstattung z\u00e4hlen. Sie schaffen es ab der 1 Sekunde das Stimmungsbarometer auf Anschlag einzupendeln und lassen dies bis zum letzten Ton nicht mehr nach unten gleiten. Gepr\u00fcft wurde dies auch schon von der H\u00fcttenpolizei bei ihren Partys am Mittelmeer mit den Gummizwergen.<br \/>\nErgebnis: Pr\u00e4dikat Partyalarm. Im Winter nennen sie die Apre s Ski H\u00fctten ihr zu Hause.<br \/>\nAls Sommerdomizil bevorzugen sie die Zeltfeste der L\u00e4nder.<\/p>\n<p>Neues Release: Ha-Le-Lu-Ja \/ Single am 01.08.25<\/p>\n<p><span style=\"color: #800000;\"><strong>Quelle: Distrokid<\/strong><\/span><\/p>\n<p><span style=\"color: #800000;\"><strong>Dieser Song ist ab dem 01.08.2025 auf allen Download- und Streaming-Portalen erh\u00e4ltlich.\u00a0<\/strong><\/span><\/p>\n<p><span style=\"color: #800000;\"><strong>Airdate (f\u00fcr Radiosender): 01.08.2025<\/strong><\/span><\/p>\n","protected":false},"excerpt":{"rendered":"<p>Die einzige steirische Band auf der M\u00fcnchner Wiesn, dem gr\u00f6\u00dften Volksfest der Welt. Die steirische Formation Sunnseitn geh\u00f6rt wohl zu den aktivsten und am schnellsten aufstrebenden Bands. Mit rund 100 Live-Auftritten im Jahr unterhalten sie das Publikum nicht nur in \u00d6sterreich, Deutschland und der Schweiz, sondern gastieren mittlerweile auch regelm\u00e4\u00dfig auf Partys und Festen in Italien und den Niederlanden. Als Volksmusik-Trio im Jahr 2020 gegr\u00fcndet entwickelte sich die Junge Formation \u00fcber die Jahre immer weiter zu einem wahren Partykoloss. Die Auftritte f\u00fchren die 4 Jungs quer durch Mitteleuropa und auch zu namhaften Veranstaltungen wie dem Oktoberfest in M\u00fcnchen, wo sie in Kufflers Weinzelt mittlerweile zur&#8230;<\/p>\n","protected":false},"author":1,"featured_media":36938,"comment_status":"open","ping_status":"open","sticky":false,"template":"","format":"standard","meta":{"footnotes":""},"categories":[3231,4134,2,3265,3300],"tags":[4135],"class_list":["post-36937","post","type-post","status-publish","format-standard","has-post-thumbnail","hentry","category-bergers-schlagerparadies","category-distrokid","category-schlager","category-schlager-party","category-volksmusik","tag-sunnseitn","wpcat-3231-id","wpcat-4134-id","wpcat-2-id","wpcat-3265-id","wpcat-3300-id"],"_links":{"self":[{"href":"https:\/\/bergers-schlagerparadies.de\/index.php?rest_route=\/wp\/v2\/posts\/36937","targetHints":{"allow":["GET"]}}],"collection":[{"href":"https:\/\/bergers-schlagerparadies.de\/index.php?rest_route=\/wp\/v2\/posts"}],"about":[{"href":"https:\/\/bergers-schlagerparadies.de\/index.php?rest_route=\/wp\/v2\/types\/post"}],"author":[{"embeddable":true,"href":"https:\/\/bergers-schlagerparadies.de\/index.php?rest_route=\/wp\/v2\/users\/1"}],"replies":[{"embeddable":true,"href":"https:\/\/bergers-schlagerparadies.de\/index.php?rest_route=%2Fwp%2Fv2%2Fcomments&post=36937"}],"version-history":[{"count":1,"href":"https:\/\/bergers-schlagerparadies.de\/index.php?rest_route=\/wp\/v2\/posts\/36937\/revisions"}],"predecessor-version":[{"id":36939,"href":"https:\/\/bergers-schlagerparadies.de\/index.php?rest_route=\/wp\/v2\/posts\/36937\/revisions\/36939"}],"wp:featuredmedia":[{"embeddable":true,"href":"https:\/\/bergers-schlagerparadies.de\/index.php?rest_route=\/wp\/v2\/media\/36938"}],"wp:attachment":[{"href":"https:\/\/bergers-schlagerparadies.de\/index.php?rest_route=%2Fwp%2Fv2%2Fmedia&parent=36937"}],"wp:term":[{"taxonomy":"category","embeddable":true,"href":"https:\/\/bergers-schlagerparadies.de\/index.php?rest_route=%2Fwp%2Fv2%2Fcategories&post=36937"},{"taxonomy":"post_tag","embeddable":true,"href":"https:\/\/bergers-schlagerparadies.de\/index.php?rest_route=%2Fwp%2Fv2%2Ftags&post=36937"}],"curies":[{"name":"wp","href":"https:\/\/api.w.org\/{rel}","templated":true}]}}