{"id":36866,"date":"2025-07-17T21:52:54","date_gmt":"2025-07-17T19:52:54","guid":{"rendered":"https:\/\/bergers-schlagerparadies.de\/?p=36866"},"modified":"2025-07-17T21:52:54","modified_gmt":"2025-07-17T19:52:54","slug":"tanja-lasch-es-war-wunderbar-%c2%b7-bergers-schlagerparadies","status":"publish","type":"post","link":"https:\/\/bergers-schlagerparadies.de\/?p=36866","title":{"rendered":"Tanja Lasch &#8211; Es war wunderbar \u00b7 Berger\u00b4s Schlagerparadies"},"content":{"rendered":"<p><img loading=\"lazy\" decoding=\"async\" class=\"size-medium wp-image-36867 alignleft\" src=\"https:\/\/bergers-schlagerparadies.de\/wp-content\/uploads\/2025\/07\/Tanja-Lasch-Es-war-wunderbar-300x300.jpg\" alt=\"\" width=\"300\" height=\"300\" srcset=\"https:\/\/bergers-schlagerparadies.de\/wp-content\/uploads\/2025\/07\/Tanja-Lasch-Es-war-wunderbar-300x300.jpg 300w, https:\/\/bergers-schlagerparadies.de\/wp-content\/uploads\/2025\/07\/Tanja-Lasch-Es-war-wunderbar-1024x1024.jpg 1024w, https:\/\/bergers-schlagerparadies.de\/wp-content\/uploads\/2025\/07\/Tanja-Lasch-Es-war-wunderbar-150x150.jpg 150w, https:\/\/bergers-schlagerparadies.de\/wp-content\/uploads\/2025\/07\/Tanja-Lasch-Es-war-wunderbar-768x768.jpg 768w, https:\/\/bergers-schlagerparadies.de\/wp-content\/uploads\/2025\/07\/Tanja-Lasch-Es-war-wunderbar-1200x1200.jpg 1200w, https:\/\/bergers-schlagerparadies.de\/wp-content\/uploads\/2025\/07\/Tanja-Lasch-Es-war-wunderbar-1188x1188.jpg 1188w, https:\/\/bergers-schlagerparadies.de\/wp-content\/uploads\/2025\/07\/Tanja-Lasch-Es-war-wunderbar-100x100.jpg 100w, https:\/\/bergers-schlagerparadies.de\/wp-content\/uploads\/2025\/07\/Tanja-Lasch-Es-war-wunderbar.jpg 1400w\" sizes=\"auto, (max-width: 300px) 100vw, 300px\" \/>Bevor Ende August das neue Album von Tanja Lasch erscheint, ver\u00f6ffentlicht sie am 18. Juli 2025 ihre neue Single \u201eEs war wunderbar\u201c \u2013 ein Song \u00fcber das Ende einer langen Beziehung.<\/p>\n<p>Wenn es darum geht besondere Gef\u00fchle in poetische Texte zu verfassen, ist Tanja Lasch eine feste Institution in der Schlagerbranche. Ob Liebeskummer, Schmetterlinge im Bauch, eine neue Liebe oder eine schmerzhafte Trennung \u2013 kaum einer S\u00e4ngerin gelingt es so in Perfektion authentische Geschichten aus dem Leben in passende Worte zu packen. So d\u00fcrfen wir uns bereits jetzt auf den 29. August 2025 freuen, da ver\u00f6ffentlicht die Singer\/ Songwriterin ihr neues Album \u201eLaut &amp; Lebendig\u201c. Zur perfekten Einstimmung erscheint vorab die neue Single \u201eEs war wunderbar\u201c. Der Titel handelt von einer Trennung nach einer sehr langen Beziehung, denn manchmal geht die Liebe \u00fcber all die Jahre verloren.<\/p>\n<p>Tanja Lasch: \u201eMit ein bisschen Ironie wollte ich diesen Song angehen. In den meisten F\u00e4llen fallen nach einer Trennung keine guten Worte. Man bereut die gemeinsame Zeit, ohne sich einzugestehen, dass es auch gute Tage gab. Somit verabschiede ich mich freundlich von meiner Ex Beziehung mit den Worten: \u201aEs war wunderbar bis es Wunden war\u2019n\u2018 und lege noch einen drauf: \u201aDenn so wunderbar wie ich dich mal sah, nein so warst du nie.\u2018 Wenn man die rosarote Brille erst abnimmt, wenn sie beschl\u00e4gt, ist es zu sp\u00e4t.\u201c So geht es in dem Lied, um das Gef\u00fchl sich nach der Trennung in das viel zu gro\u00dfe Bett zu legen. Aber nicht in Trauer zu vergehen, sondern auch die Vorz\u00fcge zu sehen, die das Ende einer fr\u00fcheren Liebe mit sich bringen kann. Denn manchmal ist die Liebe einfach erloschen und man muss sich aus seiner gewohnten Komfortzone bewegen\u2026\u201c<\/p>\n<p>Auch diese Nummer hat Tanja Lasch wieder selbst geschrieben, produziert wurde sie von Jens L\u00fccking, die Musik stammt von Marvin Trecha. Mit ehrlichen, offen Worten und auch einem kleinen Schmunzeln gelingt es Tanja Lasch selbst ein eher trauriges Thema in wunderbares Kopfkino zu verwandeln!<\/p>\n<p>Die Single \u201eEs war wunderbar von Tanja Lasch erscheint am 18. Juli 2025 als Digital-Single bei TELAMO.<\/p>\n<p><span style=\"color: #800000;\"><strong>Quelle: Telamo<\/strong><\/span><\/p>\n<p><span style=\"color: #800000;\"><strong>Dieser Song ist ab dem 18.07.2025 auf allen Download- und Streaming-Portalen erh\u00e4ltlich.\u00a0<\/strong><\/span><\/p>\n<p><span style=\"color: #800000;\"><strong>Airdate (f\u00fcr Radiosender): 18.07.2025<\/strong><\/span><\/p>\n<p>&nbsp;<\/p>\n","protected":false},"excerpt":{"rendered":"<p>Bevor Ende August das neue Album von Tanja Lasch erscheint, ver\u00f6ffentlicht sie am 18. Juli 2025 ihre neue Single \u201eEs war wunderbar\u201c \u2013 ein Song \u00fcber das Ende einer langen Beziehung. Wenn es darum geht besondere Gef\u00fchle in poetische Texte zu verfassen, ist Tanja Lasch eine feste Institution in der Schlagerbranche. Ob Liebeskummer, Schmetterlinge im Bauch, eine neue Liebe oder eine schmerzhafte Trennung \u2013 kaum einer S\u00e4ngerin gelingt es so in Perfektion authentische Geschichten aus dem Leben in passende Worte zu packen. So d\u00fcrfen wir uns bereits jetzt auf den 29. August 2025 freuen, da ver\u00f6ffentlicht die Singer\/ Songwriterin ihr neues Album \u201eLaut &amp; Lebendig\u201c&#8230;.<\/p>\n","protected":false},"author":1,"featured_media":36867,"comment_status":"open","ping_status":"open","sticky":false,"template":"","format":"standard","meta":{"footnotes":""},"categories":[3231,2,3239],"tags":[1075],"class_list":["post-36866","post","type-post","status-publish","format-standard","has-post-thumbnail","hentry","category-bergers-schlagerparadies","category-schlager","category-telamo","tag-tanja-lasch","wpcat-3231-id","wpcat-2-id","wpcat-3239-id"],"_links":{"self":[{"href":"https:\/\/bergers-schlagerparadies.de\/index.php?rest_route=\/wp\/v2\/posts\/36866","targetHints":{"allow":["GET"]}}],"collection":[{"href":"https:\/\/bergers-schlagerparadies.de\/index.php?rest_route=\/wp\/v2\/posts"}],"about":[{"href":"https:\/\/bergers-schlagerparadies.de\/index.php?rest_route=\/wp\/v2\/types\/post"}],"author":[{"embeddable":true,"href":"https:\/\/bergers-schlagerparadies.de\/index.php?rest_route=\/wp\/v2\/users\/1"}],"replies":[{"embeddable":true,"href":"https:\/\/bergers-schlagerparadies.de\/index.php?rest_route=%2Fwp%2Fv2%2Fcomments&post=36866"}],"version-history":[{"count":1,"href":"https:\/\/bergers-schlagerparadies.de\/index.php?rest_route=\/wp\/v2\/posts\/36866\/revisions"}],"predecessor-version":[{"id":36868,"href":"https:\/\/bergers-schlagerparadies.de\/index.php?rest_route=\/wp\/v2\/posts\/36866\/revisions\/36868"}],"wp:featuredmedia":[{"embeddable":true,"href":"https:\/\/bergers-schlagerparadies.de\/index.php?rest_route=\/wp\/v2\/media\/36867"}],"wp:attachment":[{"href":"https:\/\/bergers-schlagerparadies.de\/index.php?rest_route=%2Fwp%2Fv2%2Fmedia&parent=36866"}],"wp:term":[{"taxonomy":"category","embeddable":true,"href":"https:\/\/bergers-schlagerparadies.de\/index.php?rest_route=%2Fwp%2Fv2%2Fcategories&post=36866"},{"taxonomy":"post_tag","embeddable":true,"href":"https:\/\/bergers-schlagerparadies.de\/index.php?rest_route=%2Fwp%2Fv2%2Ftags&post=36866"}],"curies":[{"name":"wp","href":"https:\/\/api.w.org\/{rel}","templated":true}]}}