{"id":36858,"date":"2025-07-17T21:32:59","date_gmt":"2025-07-17T19:32:59","guid":{"rendered":"https:\/\/bergers-schlagerparadies.de\/?p=36858"},"modified":"2025-07-17T21:32:59","modified_gmt":"2025-07-17T19:32:59","slug":"jenny-van-bree-das-cafe-am-rande-der-welt-%c2%b7-bergers-schlagerparadies","status":"publish","type":"post","link":"https:\/\/bergers-schlagerparadies.de\/?p=36858","title":{"rendered":"Jenny van Bree &#8211; Das Caf\u00e9 am Rande der Welt \u00b7 Berger\u00b4s Schlagerparadies"},"content":{"rendered":"<p><img loading=\"lazy\" decoding=\"async\" class=\"size-medium wp-image-36859 alignleft\" src=\"https:\/\/bergers-schlagerparadies.de\/wp-content\/uploads\/2025\/07\/Jenny-van-Bree-Das-Cafe-am-Rande-der-Welt-300x300.jpeg\" alt=\"\" width=\"300\" height=\"300\" srcset=\"https:\/\/bergers-schlagerparadies.de\/wp-content\/uploads\/2025\/07\/Jenny-van-Bree-Das-Cafe-am-Rande-der-Welt-300x300.jpeg 300w, https:\/\/bergers-schlagerparadies.de\/wp-content\/uploads\/2025\/07\/Jenny-van-Bree-Das-Cafe-am-Rande-der-Welt-1024x1024.jpeg 1024w, https:\/\/bergers-schlagerparadies.de\/wp-content\/uploads\/2025\/07\/Jenny-van-Bree-Das-Cafe-am-Rande-der-Welt-150x150.jpeg 150w, https:\/\/bergers-schlagerparadies.de\/wp-content\/uploads\/2025\/07\/Jenny-van-Bree-Das-Cafe-am-Rande-der-Welt-768x768.jpeg 768w, https:\/\/bergers-schlagerparadies.de\/wp-content\/uploads\/2025\/07\/Jenny-van-Bree-Das-Cafe-am-Rande-der-Welt-1188x1188.jpeg 1188w, https:\/\/bergers-schlagerparadies.de\/wp-content\/uploads\/2025\/07\/Jenny-van-Bree-Das-Cafe-am-Rande-der-Welt-100x100.jpeg 100w, https:\/\/bergers-schlagerparadies.de\/wp-content\/uploads\/2025\/07\/Jenny-van-Bree-Das-Cafe-am-Rande-der-Welt.jpeg 1200w\" sizes=\"auto, (max-width: 300px) 100vw, 300px\" \/>Ein frischer Schlager, der den Zauber des Bestsellers eingefangen hat<\/p>\n<p>Wenn Jenny van Bree Songs schreibt, dann kommen sie meistens aus einer anderen Welt. Die neue Single entf\u00fchrt die H\u00f6rer an einen ganz bezaubernden Ort. Basierend auf dem Bestseller \u201eDas Caf\u00e9 am Rande der Welt\u201c von John Strelecky bringt die norddeutsche S\u00e4ngerin das Gef\u00fchl von Ver\u00e4nderung und Hoffnung auf ein vollkommen gl\u00fcckseliges Leben in einem neuen Titel unter. Eine Hommage an den Autor.<\/p>\n<p>Musikalisch kommt der Song umrahmt von Italo-Schlager Elementen und tropischen Urlaubssounds daher. Wie eine warme Umarmung tragen Melodien und Gesang die Gedanken der Zuh\u00f6rer in die einzigartige Vision ihrer m\u00f6glichen Leben.<\/p>\n<p>Das Caf\u00e9 am Rande der Welt, da wo alles mit uns Zwei m\u00f6glich ist<\/p>\n<p>Das Refugium am Rande der Welt begeistert mit der Kernaussage, dass alles m\u00f6glich ist, was auch gedanklich m\u00f6glich ist. Immer mehr sp\u00fcren wir Menschen die Kraft der Gedanken und der eigenen Herzenergie. Dieser Song ist lichtumwoben und mehr als nur ein Lied. Er ist der Weg zur eigenen Zufriedenheit und macht gl\u00fccklich.<\/p>\n<p>Jenny van Bree erreichte die Airplay Charts im Bereich Konservativ Pop. Auch in Deutschland etablierte sich die sanftm\u00fctige S\u00e4ngerin und es folgten viele Interviews sowie TV Termine, wie zum Beispiel Studio 2 im ORF. Zahlreiche Auftritte schm\u00fccken ihren diesj\u00e4hrigen Kalender. Ihre Fans nennen sie liebevoll \u201eK\u00f6nigin des Romantik-Schlagers\u201c.<\/p>\n<p>Lumina Records als Leuchtturm der Musik<\/p>\n<p>Die neue Single zeigt eine noch z\u00e4rtlichere und weiblichere Jenny. Die Liebe zur Musik ist erkennbar, wenn man ihr in ihre gr\u00fcnen Augen schaut. Ein Leben f\u00fcr die Musik manifestiert sich mit Wolfgang Nadrag in ihrer gemeinsamen Plattenfirma Lumina Records. Jenny schrieb den Song nachdem sie das Buch gelesen hatte in der Badewanne und wurde verfeinert wurde er von Wolfgang Nadrag.<\/p>\n<p>Ein T\u00e4sschen Kaffee im Caf\u00e9 am Rande der Welt gef\u00e4llig?<\/p>\n<p>Die geb\u00fcrtige Norddeutsche liebt die Ostsee und lebt in der N\u00e4he von Schwerin. Das Ankerherz ist ihr Markenzeichen, auch bekannt unter dem Namen \u201eGlaube, Liebe, Hoffnung\u201c. Doch auch ihr weiterer Wohnsitz in der \u00f6sterreichischen Steiermark mit den wundersch\u00f6nen Bergen und Wanderwegen liegt ihr sehr am Herzen. Und nat\u00fcrlich hat sie auch eine Schw\u00e4che f\u00fcr sch\u00f6ne Caf\u00e9s und Kaffee-P\u00e4uschen.<\/p>\n<p>Ein mediterranes Musikvideo aus Valldemossa und Mallorcas sch\u00f6nsten Ecken<\/p>\n<p>\u00dcber ihre Firma Lumina Music &amp; Video Production wurde das Musikvideo in der beeindruckenden Stadt Valldemossa, wo schon der Dichter Chopin kreativ war, bestens in Szene gesetzt. Einsamel Buchten und sch\u00f6ne Refugien der spanischen Insel lassen die Zuschauer noch intensiver tr\u00e4umen. Der Schmuck von Verena Klinkan von Kettenpflicht aus Bruck an der Mur rundet alles perfekt ab.<\/p>\n<p>Star-Songwriterin<\/p>\n<p>Jenny van Bree schrieb bereits beeindruckende Hits. So zeichnet sie sich zum Beispiel f\u00fcr Songs wie \u201eIo canto per te\u201c von Rosanna &amp; Luca Rocci oder \u201eDas bleibt unter uns Ch\u00e9rie\u201c von Fantasy (Airplay Charts Platz 4 und Silbereisen ausgezeichnet) mit verantwortlich. F\u00fcr das Fantasy Album erhielt sie k\u00fcrzlich einen GFK Nummer-1 Award f\u00fcr Deutschland und auch f\u00fcr \u00d6sterreich.<\/p>\n<p>Jenny van Bree &#8211; Wie ein norddeutscher Leuchtturm, der die Herzen ber\u00fchrt!<\/p>\n<p><span style=\"color: #800000;\"><strong>Quelle: Lumina Records<\/strong><\/span><\/p>\n<p><span style=\"color: #800000;\"><strong>Dieser Song ist ab dem 18.07.2025 auf allen Download- und Streaming-Portalen erh\u00e4ltlich.\u00a0<\/strong><\/span><\/p>\n<p><span style=\"color: #800000;\"><strong>Airdate (f\u00fcr Radiosender): 16.07.2025<\/strong><\/span><\/p>\n","protected":false},"excerpt":{"rendered":"<p>Ein frischer Schlager, der den Zauber des Bestsellers eingefangen hat Wenn Jenny van Bree Songs schreibt, dann kommen sie meistens aus einer anderen Welt. Die neue Single entf\u00fchrt die H\u00f6rer an einen ganz bezaubernden Ort. Basierend auf dem Bestseller \u201eDas Caf\u00e9 am Rande der Welt\u201c von John Strelecky bringt die norddeutsche S\u00e4ngerin das Gef\u00fchl von Ver\u00e4nderung und Hoffnung auf ein vollkommen gl\u00fcckseliges Leben in einem neuen Titel unter. Eine Hommage an den Autor. Musikalisch kommt der Song umrahmt von Italo-Schlager Elementen und tropischen Urlaubssounds daher. Wie eine warme Umarmung tragen Melodien und Gesang die Gedanken der Zuh\u00f6rer in die einzigartige Vision ihrer m\u00f6glichen Leben. Das&#8230;<\/p>\n","protected":false},"author":1,"featured_media":36859,"comment_status":"open","ping_status":"open","sticky":false,"template":"","format":"standard","meta":{"footnotes":""},"categories":[3231,3616,3237,2],"tags":[3695],"class_list":["post-36858","post","type-post","status-publish","format-standard","has-post-thumbnail","hentry","category-bergers-schlagerparadies","category-lumina-records","category-pop","category-schlager","tag-jenny-van-bree","wpcat-3231-id","wpcat-3616-id","wpcat-3237-id","wpcat-2-id"],"_links":{"self":[{"href":"https:\/\/bergers-schlagerparadies.de\/index.php?rest_route=\/wp\/v2\/posts\/36858","targetHints":{"allow":["GET"]}}],"collection":[{"href":"https:\/\/bergers-schlagerparadies.de\/index.php?rest_route=\/wp\/v2\/posts"}],"about":[{"href":"https:\/\/bergers-schlagerparadies.de\/index.php?rest_route=\/wp\/v2\/types\/post"}],"author":[{"embeddable":true,"href":"https:\/\/bergers-schlagerparadies.de\/index.php?rest_route=\/wp\/v2\/users\/1"}],"replies":[{"embeddable":true,"href":"https:\/\/bergers-schlagerparadies.de\/index.php?rest_route=%2Fwp%2Fv2%2Fcomments&post=36858"}],"version-history":[{"count":1,"href":"https:\/\/bergers-schlagerparadies.de\/index.php?rest_route=\/wp\/v2\/posts\/36858\/revisions"}],"predecessor-version":[{"id":36861,"href":"https:\/\/bergers-schlagerparadies.de\/index.php?rest_route=\/wp\/v2\/posts\/36858\/revisions\/36861"}],"wp:featuredmedia":[{"embeddable":true,"href":"https:\/\/bergers-schlagerparadies.de\/index.php?rest_route=\/wp\/v2\/media\/36859"}],"wp:attachment":[{"href":"https:\/\/bergers-schlagerparadies.de\/index.php?rest_route=%2Fwp%2Fv2%2Fmedia&parent=36858"}],"wp:term":[{"taxonomy":"category","embeddable":true,"href":"https:\/\/bergers-schlagerparadies.de\/index.php?rest_route=%2Fwp%2Fv2%2Fcategories&post=36858"},{"taxonomy":"post_tag","embeddable":true,"href":"https:\/\/bergers-schlagerparadies.de\/index.php?rest_route=%2Fwp%2Fv2%2Ftags&post=36858"}],"curies":[{"name":"wp","href":"https:\/\/api.w.org\/{rel}","templated":true}]}}