{"id":36816,"date":"2025-07-14T22:02:02","date_gmt":"2025-07-14T20:02:02","guid":{"rendered":"https:\/\/bergers-schlagerparadies.de\/?p=36816"},"modified":"2025-07-14T22:02:02","modified_gmt":"2025-07-14T20:02:02","slug":"stimmen-der-berge-gente-di-mare-%c2%b7-bergers-schlagerparadies","status":"publish","type":"post","link":"https:\/\/bergers-schlagerparadies.de\/?p=36816","title":{"rendered":"Stimmen der Berge &#8211; Gente di mare \u00b7 Berger\u00b4s Schlagerparadies"},"content":{"rendered":"<p><img loading=\"lazy\" decoding=\"async\" class=\"size-medium wp-image-36818 alignleft\" src=\"https:\/\/bergers-schlagerparadies.de\/wp-content\/uploads\/2025\/07\/Stimmen-der-Berge-Gente-di-mare-300x298.jpeg\" alt=\"\" width=\"300\" height=\"298\" srcset=\"https:\/\/bergers-schlagerparadies.de\/wp-content\/uploads\/2025\/07\/Stimmen-der-Berge-Gente-di-mare-300x298.jpeg 300w, https:\/\/bergers-schlagerparadies.de\/wp-content\/uploads\/2025\/07\/Stimmen-der-Berge-Gente-di-mare-1024x1016.jpeg 1024w, https:\/\/bergers-schlagerparadies.de\/wp-content\/uploads\/2025\/07\/Stimmen-der-Berge-Gente-di-mare-150x150.jpeg 150w, https:\/\/bergers-schlagerparadies.de\/wp-content\/uploads\/2025\/07\/Stimmen-der-Berge-Gente-di-mare-768x762.jpeg 768w, https:\/\/bergers-schlagerparadies.de\/wp-content\/uploads\/2025\/07\/Stimmen-der-Berge-Gente-di-mare-1536x1524.jpeg 1536w, https:\/\/bergers-schlagerparadies.de\/wp-content\/uploads\/2025\/07\/Stimmen-der-Berge-Gente-di-mare-2048x2032.jpeg 2048w, https:\/\/bergers-schlagerparadies.de\/wp-content\/uploads\/2025\/07\/Stimmen-der-Berge-Gente-di-mare-1200x1190.jpeg 1200w, https:\/\/bergers-schlagerparadies.de\/wp-content\/uploads\/2025\/07\/Stimmen-der-Berge-Gente-di-mare-1188x1178.jpeg 1188w, https:\/\/bergers-schlagerparadies.de\/wp-content\/uploads\/2025\/07\/Stimmen-der-Berge-Gente-di-mare-100x100.jpeg 100w\" sizes=\"auto, (max-width: 300px) 100vw, 300px\" \/>Mit ihrer ersten Single aus dem kommenden Album \u201eAuch f\u00fcr Dich\u201c pr\u00e4sentieren die Stimmen der Berge eine emotionale Hommage an einen echten Klassiker: \u201eGente di mare\u201c \u2013 urspr\u00fcnglich geschrieben von Umberto Tozzi, z\u00e4hlt der Titel seit Jahrzehnten zu den gr\u00f6\u00dften europ\u00e4ischen Popballaden.<\/p>\n<p>In der neuen Interpretation verbinden die Stimmen der Berge ber\u00fchrende Mehrstimmigkeit mit moderner, feinf\u00fchliger Produktion. Produziert wurde die Coverversion von Ren\u00e9 M\u00f6ckel, der dem Song mit stilvollem Arrangement und klanglicher Tiefe neues Leben einhaucht \u2013 ohne dabei den zeitlosen Charakter des Originals zu verlieren.<\/p>\n<p>\u201eGente di mare\u201c ist mehr als ein nostalgischer R\u00fcckblick \u2013 es ist der emotionale Auftakt zu einem Album, das Br\u00fccken schl\u00e4gt: zwischen Tradition und Moderne, zwischen Melodie und Gef\u00fchl.<\/p>\n<p>Ein musikalisches Versprechen: \u201eAuch f\u00fcr Dich\u201c.<\/p>\n<p>Die Single \u201eGente di mare\u201c der Stimmen der Berge erscheint am 18.07.2025 bei TELAMO.<\/p>\n<p><span style=\"color: #800000;\"><strong>Quelle: Telamo<\/strong><\/span><\/p>\n<p><span style=\"color: #800000;\"><strong>Dieser Song ist ab dem 18.07.2025 auf allen Download- und Streaming-Portalen erh\u00e4ltlich.\u00a0<\/strong><\/span><\/p>\n<p><span style=\"color: #800000;\"><strong>Airdate (f\u00fcr Radiosender): 18.07.2025<\/strong><\/span><\/p>\n","protected":false},"excerpt":{"rendered":"<p>Mit ihrer ersten Single aus dem kommenden Album \u201eAuch f\u00fcr Dich\u201c pr\u00e4sentieren die Stimmen der Berge eine emotionale Hommage an einen echten Klassiker: \u201eGente di mare\u201c \u2013 urspr\u00fcnglich geschrieben von Umberto Tozzi, z\u00e4hlt der Titel seit Jahrzehnten zu den gr\u00f6\u00dften europ\u00e4ischen Popballaden. In der neuen Interpretation verbinden die Stimmen der Berge ber\u00fchrende Mehrstimmigkeit mit moderner, feinf\u00fchliger Produktion. Produziert wurde die Coverversion von Ren\u00e9 M\u00f6ckel, der dem Song mit stilvollem Arrangement und klanglicher Tiefe neues Leben einhaucht \u2013 ohne dabei den zeitlosen Charakter des Originals zu verlieren. \u201eGente di mare\u201c ist mehr als ein nostalgischer R\u00fcckblick \u2013 es ist der emotionale Auftakt zu einem Album, das&#8230;<\/p>\n","protected":false},"author":1,"featured_media":36818,"comment_status":"open","ping_status":"open","sticky":false,"template":"","format":"standard","meta":{"footnotes":""},"categories":[3231,2,3239],"tags":[296],"class_list":["post-36816","post","type-post","status-publish","format-standard","has-post-thumbnail","hentry","category-bergers-schlagerparadies","category-schlager","category-telamo","tag-stimmen-der-berge","wpcat-3231-id","wpcat-2-id","wpcat-3239-id"],"_links":{"self":[{"href":"https:\/\/bergers-schlagerparadies.de\/index.php?rest_route=\/wp\/v2\/posts\/36816","targetHints":{"allow":["GET"]}}],"collection":[{"href":"https:\/\/bergers-schlagerparadies.de\/index.php?rest_route=\/wp\/v2\/posts"}],"about":[{"href":"https:\/\/bergers-schlagerparadies.de\/index.php?rest_route=\/wp\/v2\/types\/post"}],"author":[{"embeddable":true,"href":"https:\/\/bergers-schlagerparadies.de\/index.php?rest_route=\/wp\/v2\/users\/1"}],"replies":[{"embeddable":true,"href":"https:\/\/bergers-schlagerparadies.de\/index.php?rest_route=%2Fwp%2Fv2%2Fcomments&post=36816"}],"version-history":[{"count":1,"href":"https:\/\/bergers-schlagerparadies.de\/index.php?rest_route=\/wp\/v2\/posts\/36816\/revisions"}],"predecessor-version":[{"id":36821,"href":"https:\/\/bergers-schlagerparadies.de\/index.php?rest_route=\/wp\/v2\/posts\/36816\/revisions\/36821"}],"wp:featuredmedia":[{"embeddable":true,"href":"https:\/\/bergers-schlagerparadies.de\/index.php?rest_route=\/wp\/v2\/media\/36818"}],"wp:attachment":[{"href":"https:\/\/bergers-schlagerparadies.de\/index.php?rest_route=%2Fwp%2Fv2%2Fmedia&parent=36816"}],"wp:term":[{"taxonomy":"category","embeddable":true,"href":"https:\/\/bergers-schlagerparadies.de\/index.php?rest_route=%2Fwp%2Fv2%2Fcategories&post=36816"},{"taxonomy":"post_tag","embeddable":true,"href":"https:\/\/bergers-schlagerparadies.de\/index.php?rest_route=%2Fwp%2Fv2%2Ftags&post=36816"}],"curies":[{"name":"wp","href":"https:\/\/api.w.org\/{rel}","templated":true}]}}