{"id":36802,"date":"2025-07-21T10:30:25","date_gmt":"2025-07-21T08:30:25","guid":{"rendered":"https:\/\/bergers-schlagerparadies.de\/?p=36802"},"modified":"2025-07-25T16:07:26","modified_gmt":"2025-07-25T14:07:26","slug":"juliana-wencke-ultraviolett-%c2%b7-bergers-schlagerparadies","status":"publish","type":"post","link":"https:\/\/bergers-schlagerparadies.de\/?p=36802","title":{"rendered":"Juliana Wencke &#8211; Ultraviolett \u00b7 Berger\u00b4s Schlagerparadies"},"content":{"rendered":"<p><span style=\"color: #800000;\"><strong><img loading=\"lazy\" decoding=\"async\" class=\"size-medium wp-image-36803 alignleft\" src=\"https:\/\/bergers-schlagerparadies.de\/wp-content\/uploads\/2025\/07\/Juliana-Wencke-Ultraviolett-300x300.jpeg\" alt=\"\" width=\"300\" height=\"300\" srcset=\"https:\/\/bergers-schlagerparadies.de\/wp-content\/uploads\/2025\/07\/Juliana-Wencke-Ultraviolett-300x300.jpeg 300w, https:\/\/bergers-schlagerparadies.de\/wp-content\/uploads\/2025\/07\/Juliana-Wencke-Ultraviolett-1024x1024.jpeg 1024w, https:\/\/bergers-schlagerparadies.de\/wp-content\/uploads\/2025\/07\/Juliana-Wencke-Ultraviolett-150x150.jpeg 150w, https:\/\/bergers-schlagerparadies.de\/wp-content\/uploads\/2025\/07\/Juliana-Wencke-Ultraviolett-768x768.jpeg 768w, https:\/\/bergers-schlagerparadies.de\/wp-content\/uploads\/2025\/07\/Juliana-Wencke-Ultraviolett-1536x1536.jpeg 1536w, https:\/\/bergers-schlagerparadies.de\/wp-content\/uploads\/2025\/07\/Juliana-Wencke-Ultraviolett-1200x1200.jpeg 1200w, https:\/\/bergers-schlagerparadies.de\/wp-content\/uploads\/2025\/07\/Juliana-Wencke-Ultraviolett-1188x1188.jpeg 1188w, https:\/\/bergers-schlagerparadies.de\/wp-content\/uploads\/2025\/07\/Juliana-Wencke-Ultraviolett-100x100.jpeg 100w, https:\/\/bergers-schlagerparadies.de\/wp-content\/uploads\/2025\/07\/Juliana-Wencke-Ultraviolett.jpeg 2000w\" sizes=\"auto, (max-width: 300px) 100vw, 300px\" \/><\/strong><\/span><\/p>\n<p>Mit \u201eUltraviolett\u201c ver\u00f6ffentlicht Juliana Wencke eine gef\u00fchlvolle Popschlager-Ballade, die die Grenzen des Sichtbaren sprengt und die Kraft einer Liebe beschreibt, die tiefer geht als Worte \u2013 eine Liebe, die man nicht immer sehen, aber umso st\u00e4rker f\u00fchlen kann.<br \/>\nWie das Licht jenseits des Regenbogenspektrums steht Ultraviolett sinnbildlich f\u00fcr eine seelennahe Verbindung, die auch im gr\u00f6\u00dften Chaos Geborgenheit und Orientierung schenkt. Die Person im Song ist nicht nur eine St\u00fctze, sondern ein inneres Leuchten \u2013 Hoffnung, W\u00e4rme und Leichtigkeit zugleich. Der Song stammt aus der Feder von Michael Dostal, der auch f\u00fcr die einf\u00fchlsame Komposition und Produktion verantwortlich zeichnet. Die melodische Tiefe, gepaart mit Juliana Wenckes warmer Stimme, l\u00e4sst Ultraviolett zu einem musikalischen Leuchtpunkt werden \u2013 intensiv, ehrlich und voller Gef\u00fchl.<\/p>\n<p>Mit Ultraviolett beweist Juliana Wencke einmal mehr, wie moderner Schlager ber\u00fchren kann: zeitlos in der Aussage, klar im Gef\u00fchl \u2013 und stark wie das unsichtbare Licht, das jeden Tag neu erstrahlt. \u201eUltraviolett\u201c erscheint am 25.07.2025 auf allen bekannten Download- und Streamingplattformen.<\/p>\n<p><span style=\"color: #800000;\"><strong>Quelle: EASY Records &amp; Media<\/strong><\/span><\/p>\n<p><span style=\"color: #800000;\"><strong>Dieser Song ist ab dem 25.07.2025 auf allen Download- und Streaming-Portalen erh\u00e4ltlich.\u00a0<\/strong><\/span><\/p>\n<p><span style=\"color: #800000;\"><strong>Airdate (f\u00fcr Radiosender): 18.07.2025<\/strong><\/span><\/p>\n","protected":false},"excerpt":{"rendered":"<p>Mit \u201eUltraviolett\u201c ver\u00f6ffentlicht Juliana Wencke eine gef\u00fchlvolle Popschlager-Ballade, die die Grenzen des Sichtbaren sprengt und die Kraft einer Liebe beschreibt, die tiefer geht als Worte \u2013 eine Liebe, die man nicht immer sehen, aber umso st\u00e4rker f\u00fchlen kann. Wie das Licht jenseits des Regenbogenspektrums steht Ultraviolett sinnbildlich f\u00fcr eine seelennahe Verbindung, die auch im gr\u00f6\u00dften Chaos Geborgenheit und Orientierung schenkt. Die Person im Song ist nicht nur eine St\u00fctze, sondern ein inneres Leuchten \u2013 Hoffnung, W\u00e4rme und Leichtigkeit zugleich. Der Song stammt aus der Feder von Michael Dostal, der auch f\u00fcr die einf\u00fchlsame Komposition und Produktion verantwortlich zeichnet. Die melodische Tiefe, gepaart mit Juliana Wenckes&#8230;<\/p>\n","protected":false},"author":1,"featured_media":36803,"comment_status":"open","ping_status":"open","sticky":false,"template":"","format":"standard","meta":{"footnotes":""},"categories":[3231,3255,4126],"tags":[2881],"class_list":["post-36802","post","type-post","status-publish","format-standard","has-post-thumbnail","hentry","category-bergers-schlagerparadies","category-deutsch","category-easy-records-media","tag-juliana-wencke","wpcat-3231-id","wpcat-3255-id","wpcat-4126-id"],"_links":{"self":[{"href":"https:\/\/bergers-schlagerparadies.de\/index.php?rest_route=\/wp\/v2\/posts\/36802","targetHints":{"allow":["GET"]}}],"collection":[{"href":"https:\/\/bergers-schlagerparadies.de\/index.php?rest_route=\/wp\/v2\/posts"}],"about":[{"href":"https:\/\/bergers-schlagerparadies.de\/index.php?rest_route=\/wp\/v2\/types\/post"}],"author":[{"embeddable":true,"href":"https:\/\/bergers-schlagerparadies.de\/index.php?rest_route=\/wp\/v2\/users\/1"}],"replies":[{"embeddable":true,"href":"https:\/\/bergers-schlagerparadies.de\/index.php?rest_route=%2Fwp%2Fv2%2Fcomments&post=36802"}],"version-history":[{"count":2,"href":"https:\/\/bergers-schlagerparadies.de\/index.php?rest_route=\/wp\/v2\/posts\/36802\/revisions"}],"predecessor-version":[{"id":37077,"href":"https:\/\/bergers-schlagerparadies.de\/index.php?rest_route=\/wp\/v2\/posts\/36802\/revisions\/37077"}],"wp:featuredmedia":[{"embeddable":true,"href":"https:\/\/bergers-schlagerparadies.de\/index.php?rest_route=\/wp\/v2\/media\/36803"}],"wp:attachment":[{"href":"https:\/\/bergers-schlagerparadies.de\/index.php?rest_route=%2Fwp%2Fv2%2Fmedia&parent=36802"}],"wp:term":[{"taxonomy":"category","embeddable":true,"href":"https:\/\/bergers-schlagerparadies.de\/index.php?rest_route=%2Fwp%2Fv2%2Fcategories&post=36802"},{"taxonomy":"post_tag","embeddable":true,"href":"https:\/\/bergers-schlagerparadies.de\/index.php?rest_route=%2Fwp%2Fv2%2Ftags&post=36802"}],"curies":[{"name":"wp","href":"https:\/\/api.w.org\/{rel}","templated":true}]}}