{"id":36712,"date":"2025-07-11T01:19:51","date_gmt":"2025-07-10T23:19:51","guid":{"rendered":"https:\/\/bergers-schlagerparadies.de\/?p=36712"},"modified":"2025-07-11T01:19:51","modified_gmt":"2025-07-10T23:19:51","slug":"jay-khan-verdammt-album-%c2%b7-bergers-schlagerparadies","status":"publish","type":"post","link":"https:\/\/bergers-schlagerparadies.de\/?p=36712","title":{"rendered":"Jay Khan &#8211; Verdammt! (Album) \u00b7 Berger\u00b4s Schlagerparadies"},"content":{"rendered":"<p><img loading=\"lazy\" decoding=\"async\" class=\"size-medium wp-image-36713 alignleft\" src=\"https:\/\/bergers-schlagerparadies.de\/wp-content\/uploads\/2025\/07\/Jay-Khan-Verdammt-Album-297x300.jpeg\" alt=\"\" width=\"297\" height=\"300\" srcset=\"https:\/\/bergers-schlagerparadies.de\/wp-content\/uploads\/2025\/07\/Jay-Khan-Verdammt-Album-297x300.jpeg 297w, https:\/\/bergers-schlagerparadies.de\/wp-content\/uploads\/2025\/07\/Jay-Khan-Verdammt-Album-1013x1024.jpeg 1013w, https:\/\/bergers-schlagerparadies.de\/wp-content\/uploads\/2025\/07\/Jay-Khan-Verdammt-Album-768x776.jpeg 768w, https:\/\/bergers-schlagerparadies.de\/wp-content\/uploads\/2025\/07\/Jay-Khan-Verdammt-Album-1187x1200.jpeg 1187w, https:\/\/bergers-schlagerparadies.de\/wp-content\/uploads\/2025\/07\/Jay-Khan-Verdammt-Album-1188x1201.jpeg 1188w, https:\/\/bergers-schlagerparadies.de\/wp-content\/uploads\/2025\/07\/Jay-Khan-Verdammt-Album-100x100.jpeg 100w, https:\/\/bergers-schlagerparadies.de\/wp-content\/uploads\/2025\/07\/Jay-Khan-Verdammt-Album.jpeg 1200w\" sizes=\"auto, (max-width: 297px) 100vw, 297px\" \/>Angek\u00fcndigt von den ersten Solo-Hitsingles wie \u201eMein Stern\u201c, \u201eBauchgef\u00fchl\u201c, \u201eDieser Kuss\u201c und dem #1-Airplay-Hit \u201eVerdammt!\u201c, pr\u00e4sentiert Boygroup-Titan Jay Khan in diesem Sommer das dazugeh\u00f6rige Soloalbum: Sein \u201eVerdammt!\u201c-Longplayer erscheint am 11. Juli 2025 bei TELAMO. Unter anderem auch als massiv erweiterte Fanbox-Edition erh\u00e4ltlich, flankiert der S\u00e4nger sein neuestes Sound-Update mit der eigenen Autobiografie, die ebenfalls im Sommer in den Buchhandel kommt. Jetzt das Solodeb\u00fct vorbestellen!<\/p>\n<p>Nachdem er schon letzten Sommer die Radiowellen mit den ersten Singlevorboten dominiert hatte, startet Jay Khan aktuell auf allen Kan\u00e4len durch: In den Socials so aktiv wie nie, hat er f\u00fcr sein Solodeb\u00fct insgesamt gleich 20 Titel aufgenommen, um auch wirklich s\u00e4mtliche Facetten seines Popschlager-Begriffs zu pr\u00e4sentieren. W\u00e4hrend die Fans die komplette Story in der Autobiografie \u201eTariq &amp; Ich \u2013 Lieben und L\u00fcgen meines Lebens\u201c (V\u00d6: 26.06.) nachlesen k\u00f6nnen, h\u00e4lt die erweiterte Fanbox-Edition obendrein reichlich Bonusmaterial bereit \u2013 f\u00fcr Karaoke-Partys und US5-Nostalgie-Trips! Auf direkte Tuchf\u00fchlung mit seinen Fans wird Jay auch gehen, wenn er im Sommer 2025 die n\u00e4chste gro\u00dfe Centertour antritt, um pers\u00f6nlich mit seiner Community abzuklatschen und Autogramme zu geben. Im Sp\u00e4tsommer wird\u2019s au\u00dferdem ein exklusives Solokonzert geben \u2013 Details dazu folgen in K\u00fcrze.<\/p>\n<p>Als er vor exakt 20 Jahren mit US5 auch international ins grellste Rampenlicht treten sollte, hatte der in Berlin aufgewachsene Jay Khan anderen Acts bereits etliche Hits auf den Leib geschrieben (u.a. f\u00fcr Overground): Dieses Hitgesp\u00fcr zeichnet auch sein kommendes \u201eVerdammt!\u201c-Soloalbum aus, das den Sweet-Spot zwischen Popschlager-Zeitgeist und zeitgen\u00f6ssischen Dancesounds immer wieder neu auslotet. Dass er in diesem Rahmen auch das zweite runde Jubil\u00e4um seiner ersten Hits mit US5 noch einmal zelebriert, belegt schon die n\u00e4chste Single \u201eMARIA `25\u201c: \u201eLang ist es her, jetzt sehen wir uns wieder\u201c, hei\u00dft es passend zum Sound-Update, denn der Y2K-Megahit (5 Wochen #1 in DE, dazu #6 in den US-Billboard-Charts!) seiner einstigen Boygroup klingt hier nicht nur maximal zeitgen\u00f6ssisch und exotisch, sondern kommt erstmals auch mit deutschen Lyrics daher (die englische Neuaufnahme gibt\u2019s obendrein dazu!). Die Reaktion darauf sieht man auch im ultranostalgischen Fangirl-Video, das l\u00e4ssig mit den Zeitebenen und Y2K-Elementen spielt: \u201eIch heb ab, einfach automatisch!\u201c<\/p>\n<p>Auch die zuvor ver\u00f6ffentlichte Single \u201eDieser Kuss\u201c z\u00e4hlt zu den vielen Highlights des Solo-Erstlings: \u201e\u2026 noch ein Kuss\/und dann Schluss\u201c, gelobt der geb\u00fcrtige Brite zwar \u00fcber dem packenden Arrangement, das er auch selbst geschrieben hat, aber man ahnt schon, dass diese eine Ausnahme die Anziehungskraft und somit das Problem nur versch\u00e4rfen wird. Eingerahmt von l\u00e4ssigen Eighties-Effekten und richtig wuchtigen E-Gitarren, druckvollen Build-ups und einer XL-Hook driften die zwei Lover unaufhaltsam aufeinander zu \u2013 denn \u201eauch wenn ich\u2019s bereu\u2019, kann ich dir nicht widerstehen\u201c.<\/p>\n<p>Auch die #1-Radiosingle \u201eVerdammt!\u201c, mit der Jay Khan sein Album er\u00f6ffnet, erz\u00e4hlt von K\u00fcssen, die sich zun\u00e4chst noch verboten anf\u00fchlen, doch schon der dritte davon stellt die ganze Welt auf den Kopf, weshalb alles schlie\u00dflich in die rhetorische Titelfrage m\u00fcndet: \u201eVerdammt, wie sch\u00f6n kann Liebe sein?!\u201c Dass sich Emotionalit\u00e4t und Dancefloor-Tauglichkeit keineswegs ausschlie\u00dfen, hatte er schon mit der allerersten Vorabsingle (\u201eMein Stern\u201c) klargestellt und damit den Nachthimmel erhellt. Auf den Dancefloor f\u00fchrt dabei auch sein \u201eBauchgef\u00fchl\u201c-Vorbote (jetzt remastered!), mit dem der 42-J\u00e4hrige alle Lebenss\u00e4fte aus dem Hirn abzieht, um sie in Richtung H\u00fcften und Beine umzuleiten \u2013 frei nach dem Motto \u201e\u2026 ganz ohne Ziel und ohne Plan, lass\u2019 einfach los und mal sehen, wo es hingeht\u2026\u201c<\/p>\n<p>Retrosounds und Popschlager-Zeitgeist bringt er f\u00fcr den Song \u201eBoomerang\u201c ins Spiel, ein St\u00fcck \u00fcber eine jahrzehntealte Liebe, die sich doch immer wieder ihren Weg bahnt: Schulhof-Nostalgie (\u201eWir waren mehr als nur \u2019ne Nineties-Story\u201c) ist das Fundament dieses Traums, \u201eder uns bis heut zusammenh\u00e4lt\u201c \u2013 und dessen emotionales On\/Off-Spielchen von satten Drops untermalt wird. Ein zentrales Thema seiner kommenden Autobiografie schneidet er schlie\u00dflich auch musikalisch auf \u201eTariq\u201c an, \u201edenn das, was keiner wei\u00df, ist, dass ich Tariq hei\u00df\u201c (und, ja: \u201eWenn du mich wirklich kennst, kannst du mich Tariq nennen\u201c) \u2013 so also klingt der ultrapers\u00f6nliche Popschlager-Soundtrack zum Buch \ud83d\ude09<\/p>\n<p>Bevor es zwischendurch auch kurz nach \u201eParis\u201c geht, liefert er mit \u201eAuf all die Jahre\u201c eine astreine Fankurvenhymne ab: Richtig viel Dancefloor-Druck, dazu satte Claps und Chants, um die Freundschaft zu feiern \u2013 \u201ekomm, lass uns tanzen, k\u00fcssen, weinen, lachen\u201c! Eine musikalische Klammer bis in die Eighties macht auch \u201eUnsere Zeit (Time Of Our Life)\u201c auf, um nach weiteren Neukompositionen (u.a. \u201eF\u00fcr immer jung\u201c) auch noch einer Handvoll US5-Hits ein zeitgen\u00f6ssisches Solo-Update zu verpassen: \u201eMARIA \u201925\u201c (hier auf Englisch) z\u00e4hlt da genauso dazu wie \u201eJust Because of You\u201c, \u201eCome Back To Me Baby\u201c und \u201eMama\u201c.<\/p>\n<p>Zus\u00e4tzlich zur Standard-Edition (CD\/digital) mit insgesamt 20 Tracks k\u00f6nnen sich die Fans auf die massiv erweiterte und limitierte Fanbox-Edition freuen \u2013 der gleich eine Bonus-CD beiliegt, die mit gleich vier US5-Karaokeversionen und einem exklusiven US5-Megamix daherkommt.<\/p>\n<p>Mit den Hashtags #reset und #solo startete Jay Khan erst vor knapp einem Jahr in dieses neue Solokapitel \u2013 und konnte seither bereits wochenlang die Airplay-Charts dominieren. Im Fr\u00fchjahr 1982 in London geboren, zog Tariq Jay Khan noch vor der Einschulung mit seiner Familie nach Berlin, wo er schon als Teenager erste Kontakte in die Musikwelt kn\u00fcpfen konnte. Da die ersten Erfolge als Songwriter nicht lange auf sich warten lie\u00dfen, wurde aus der angedachten Sportlerkarriere und dem Journalismus-Studium zum Gl\u00fcck doch nichts: Zum Platin-Deb\u00fctalbum der Boyband Overground steuerte Jay im Jahr 2003 allein sieben Songs bei. Sein eigener musikalischer Durchbruch gelang ihm schon zwei Jahre sp\u00e4ter als Bandmitglied der von Lou Pearlman (Backstreet Boys &amp; N\u2019Sync) gegr\u00fcndeten Boyband US5, die weltweit \u00fcber 12 Millionen Tontr\u00e4ger verkaufte und allein in Deutschland neun Top-10-Hits (!) landen konnte. Jay Khan war dabei nicht nur Bandmitglied, sondern auch als Songwriter (u.a. der auch in den USA vergoldete #1-Welthit \u201eMaria)\u201c ma\u00dfgeblich am Erfolg vom US5 beteiligt.<\/p>\n<p>Nach der Aufl\u00f6sung von US5 entdeckte Jay Khan seine Liebe zum Schlager und konnte mit seinem eigenen Label Neuland Entertainment zahlreiche Top-10-Erfolge in den offiziellen konservativen Radio-Charts feiern. Dazu schrieb er weiterhin auch anderen K\u00fcnstler :innen Hits auf den Leib (z.B. Maite Kellys \u201eHeute Nacht f\u00fcr immer\u201c, 2018). Ins aktuelle Jahrzehnt startete er mit TEAM 5\u00dcNF, deren Alben \u201eF\u00fcr die Ewigkeit\u201c (#9, 2023) und \u201eEinmal Boyband und zur\u00fcck\u201c (#20, 2021) sich erfolgreich in den vorderen R\u00e4ngen der deutschen Albumcharts platzieren konnten. Mit der explosiven ersten Single \u201eMein Stern\u201c, die er \u00fcbrigens seiner Gro\u00dfmutter gewidmet hat, schlug Jay Khan zuletzt das aktuelle Solokapitel auf und lie\u00df darauf wenig sp\u00e4ter die Singles \u201eBauchgef\u00fchl\u201c und \u201eVerdammt!\u201c folgen. Nachdem die Titelsingle zwischenzeitlich sogar die #1 der Offiziellen Deutschen Airplaycharts (\u201eKonservativ Pop\u201c) erst\u00fcrmt hatte, hielt sich \u201eVerdammt!\u201c wochenlang in den Top-5.<\/p>\n<p>Das neue Album \u201eVerdammt!\u201c erscheint am 11. Juli 2025.<\/p>\n<p><span style=\"color: #800000;\"><strong>Quelle: Telamo<\/strong><\/span><\/p>\n<p><span style=\"color: #800000;\"><strong>Dieses Album ist ab dem 11.07.2025 auf allen Download- und Streaming-Portalen erh\u00e4ltlich.\u00a0<\/strong><\/span><\/p>\n<p><span style=\"color: #800000;\"><strong>Airdate (f\u00fcr Radiosender): 11.07.2025<\/strong><\/span><\/p>\n","protected":false},"excerpt":{"rendered":"<p>Angek\u00fcndigt von den ersten Solo-Hitsingles wie \u201eMein Stern\u201c, \u201eBauchgef\u00fchl\u201c, \u201eDieser Kuss\u201c und dem #1-Airplay-Hit \u201eVerdammt!\u201c, pr\u00e4sentiert Boygroup-Titan Jay Khan in diesem Sommer das dazugeh\u00f6rige Soloalbum: Sein \u201eVerdammt!\u201c-Longplayer erscheint am 11. Juli 2025 bei TELAMO. Unter anderem auch als massiv erweiterte Fanbox-Edition erh\u00e4ltlich, flankiert der S\u00e4nger sein neuestes Sound-Update mit der eigenen Autobiografie, die ebenfalls im Sommer in den Buchhandel kommt. Jetzt das Solodeb\u00fct vorbestellen! Nachdem er schon letzten Sommer die Radiowellen mit den ersten Singlevorboten dominiert hatte, startet Jay Khan aktuell auf allen Kan\u00e4len durch: In den Socials so aktiv wie nie, hat er f\u00fcr sein Solodeb\u00fct insgesamt gleich 20 Titel aufgenommen, um auch wirklich&#8230;<\/p>\n","protected":false},"author":1,"featured_media":36713,"comment_status":"open","ping_status":"open","sticky":false,"template":"","format":"standard","meta":{"footnotes":""},"categories":[3257,3231,2,3239],"tags":[2727],"class_list":["post-36712","post","type-post","status-publish","format-standard","has-post-thumbnail","hentry","category-album","category-bergers-schlagerparadies","category-schlager","category-telamo","tag-jay-khan","wpcat-3257-id","wpcat-3231-id","wpcat-2-id","wpcat-3239-id"],"_links":{"self":[{"href":"https:\/\/bergers-schlagerparadies.de\/index.php?rest_route=\/wp\/v2\/posts\/36712","targetHints":{"allow":["GET"]}}],"collection":[{"href":"https:\/\/bergers-schlagerparadies.de\/index.php?rest_route=\/wp\/v2\/posts"}],"about":[{"href":"https:\/\/bergers-schlagerparadies.de\/index.php?rest_route=\/wp\/v2\/types\/post"}],"author":[{"embeddable":true,"href":"https:\/\/bergers-schlagerparadies.de\/index.php?rest_route=\/wp\/v2\/users\/1"}],"replies":[{"embeddable":true,"href":"https:\/\/bergers-schlagerparadies.de\/index.php?rest_route=%2Fwp%2Fv2%2Fcomments&post=36712"}],"version-history":[{"count":1,"href":"https:\/\/bergers-schlagerparadies.de\/index.php?rest_route=\/wp\/v2\/posts\/36712\/revisions"}],"predecessor-version":[{"id":36714,"href":"https:\/\/bergers-schlagerparadies.de\/index.php?rest_route=\/wp\/v2\/posts\/36712\/revisions\/36714"}],"wp:featuredmedia":[{"embeddable":true,"href":"https:\/\/bergers-schlagerparadies.de\/index.php?rest_route=\/wp\/v2\/media\/36713"}],"wp:attachment":[{"href":"https:\/\/bergers-schlagerparadies.de\/index.php?rest_route=%2Fwp%2Fv2%2Fmedia&parent=36712"}],"wp:term":[{"taxonomy":"category","embeddable":true,"href":"https:\/\/bergers-schlagerparadies.de\/index.php?rest_route=%2Fwp%2Fv2%2Fcategories&post=36712"},{"taxonomy":"post_tag","embeddable":true,"href":"https:\/\/bergers-schlagerparadies.de\/index.php?rest_route=%2Fwp%2Fv2%2Ftags&post=36712"}],"curies":[{"name":"wp","href":"https:\/\/api.w.org\/{rel}","templated":true}]}}