{"id":36608,"date":"2025-07-07T10:30:47","date_gmt":"2025-07-07T08:30:47","guid":{"rendered":"https:\/\/bergers-schlagerparadies.de\/?p=36608"},"modified":"2025-07-04T14:23:06","modified_gmt":"2025-07-04T12:23:06","slug":"mark-ed-achtung-fertig-los-%c2%b7-bergers-schlagerparadies","status":"publish","type":"post","link":"https:\/\/bergers-schlagerparadies.de\/?p=36608","title":{"rendered":"Mark Ed &#8211; Achtung fertig los \u00b7 Berger\u00b4s Schlagerparadies"},"content":{"rendered":"<p><img loading=\"lazy\" decoding=\"async\" class=\"size-medium wp-image-36609 alignleft\" src=\"https:\/\/bergers-schlagerparadies.de\/wp-content\/uploads\/2025\/07\/Mark-Ed-Achtung-fertig-los-300x300.jpeg\" alt=\"\" width=\"300\" height=\"300\" srcset=\"https:\/\/bergers-schlagerparadies.de\/wp-content\/uploads\/2025\/07\/Mark-Ed-Achtung-fertig-los-300x300.jpeg 300w, https:\/\/bergers-schlagerparadies.de\/wp-content\/uploads\/2025\/07\/Mark-Ed-Achtung-fertig-los-1024x1024.jpeg 1024w, https:\/\/bergers-schlagerparadies.de\/wp-content\/uploads\/2025\/07\/Mark-Ed-Achtung-fertig-los-150x150.jpeg 150w, https:\/\/bergers-schlagerparadies.de\/wp-content\/uploads\/2025\/07\/Mark-Ed-Achtung-fertig-los-768x768.jpeg 768w, https:\/\/bergers-schlagerparadies.de\/wp-content\/uploads\/2025\/07\/Mark-Ed-Achtung-fertig-los-1536x1536.jpeg 1536w, https:\/\/bergers-schlagerparadies.de\/wp-content\/uploads\/2025\/07\/Mark-Ed-Achtung-fertig-los-2048x2048.jpeg 2048w, https:\/\/bergers-schlagerparadies.de\/wp-content\/uploads\/2025\/07\/Mark-Ed-Achtung-fertig-los-1200x1200.jpeg 1200w, https:\/\/bergers-schlagerparadies.de\/wp-content\/uploads\/2025\/07\/Mark-Ed-Achtung-fertig-los-1188x1188.jpeg 1188w, https:\/\/bergers-schlagerparadies.de\/wp-content\/uploads\/2025\/07\/Mark-Ed-Achtung-fertig-los-100x100.jpeg 100w\" sizes=\"auto, (max-width: 300px) 100vw, 300px\" \/>Mit seiner neuen Single \u201eAchtung fertig los\u201c z\u00fcndet Mark Ed den n\u00e4chsten Karriereschritt \u2013 kraftvoll, direkt und mitrei\u00dfend. Der Song ist nicht nur ein musikalischer Aufbruch, sondern auch ein pers\u00f6nliches Bekenntnis: Jetzt ist die Zeit, loszugehen. Erst wenn wir anfangen, k\u00f6nnen wir etwas bewirken.<br \/>\nProduziert von Erfolgsproduzent Mike van Summeren und ver\u00f6ffentlicht \u00fcber Mike&#8217;s Music Media (Germany) unter dem Management von Karin Galinski, steht \u201eAchtung fertig los\u201c f\u00fcr alles, was Mark Ed ausmacht: emotionaler, moderner Pop, gepaart mit Haltung und einer klaren Botschaft.<br \/>\nAuthentizit\u00e4t, Selbstbestimmung und Aufbruch sind zentrale Werte, die Mark Ed nicht nur musikalisch lebt. Als K\u00fcnstler, der offen zur Regenbogencommunity geh\u00f6rt, zeigt er Flagge \u2013 auf den B\u00fchnen der Republik ebenso wie in den Medien. Seine Fans \u2013 liebevoll \u201eTraumf\u00e4nger\u201c genannt \u2013 sch\u00e4tzen ihn f\u00fcr seine Echtheit und klare Haltung.<br \/>\nAuch im Tierschutz geht Mark Ed voran: Er lebt vegan, spendet regelm\u00e4\u00dfig f\u00fcr Patenttiere und steht immer wieder f\u00fcr TV-Produktionen von Gut Aiderbichl vor der Kamera. Seine gerettete H\u00fcndin Mira aus Bulgarien ist dabei seine st\u00e4ndige Begleiterin. F\u00fcr Mark gilt auch hier: \u201eAchtung fertig los\u201c \u2013 nicht nur zuschauen, sondern handeln. Eine klare Haltung, f\u00fcr die er einsteht \u2013 auch wenn sie polarisiert.<br \/>\nIn zahlreichen Radiointerviews \u00fcberzeugt er mit Tiefgang, Charisma und einem klaren Blick auf gesellschaftliche Themen. Ob in regionalen Programmen oder bei \u00fcberregionalen Sendern \u2013 Mark Eds Stimme ist pr\u00e4sent, seine Botschaft wird geh\u00f6rt.<br \/>\n2024 war sein bisher erfolgreichstes Jahr: Beim renommierten 42. Deutschen Rock- und Pop Preis wurde Mark Ed als Bester S\u00e4nger und f\u00fcr den Besten Song ausgezeichnet. Mit seiner emotionalen Single \u201eLass mich der sein\u201c sorgte er f\u00fcr Begeisterung in Szene-Medien wie Mannschaft, Fresh Magazin, musix, Queer.de und Smago.<br \/>\nSeine Live-Pr\u00e4senz ist beeindruckend: Auftritte bei zahlreichen CSDs, Prides sowie der Arosa Gay Ski Week machen ihn zu einer festen Gr\u00f6\u00dfe innerhalb der LGBTQIA+-Community. Auch auf Mallorca sorgt er regelm\u00e4\u00dfig f\u00fcr musikalische Highlights \u2013 weit entfernt von Ballermann-Klischees, aber immer nah am Publikum.<br \/>\nAuch modisch setzt Mark Ed Akzente: Mit seinem bunten, mutigen Stil ist er ein echter Hingucker auf jedem Red Carpet \u2013 zuletzt bei Movie Meets Media in Hamburg. Sein Stil ist Ausdruck von Pers\u00f6nlichkeit und Haltung \u2013 keine Maske, sondern Identit\u00e4t.<br \/>\n\u201eAchtung fertig los\u201c ist mehr als eine neue Single \u2013 es ist das Startsignal f\u00fcr ein neues Kapitel. F\u00fcr Mark Ed. F\u00fcr seine Fans. F\u00fcr alle, die bereit sind, ihren eigenen Weg zu gehen.<br \/>\nMark Ed ist gekommen, um zu bleiben \u2013 und mit seiner Musik etwas zu bewegen.<\/p>\n<p><span style=\"color: #800000;\"><strong>Quelle: 100 % deutsch<\/strong><\/span><\/p>\n<p><span style=\"color: #800000;\"><strong>Dieser Song ist ab dem 11.07.2025 auf allen Download- und Streaming-Portalen erh\u00e4ltlich.\u00a0<\/strong><\/span><\/p>\n<p><span style=\"color: #800000;\"><strong>Airdate (f\u00fcr Radiosender): 11.07.2025<\/strong><\/span><\/p>\n","protected":false},"excerpt":{"rendered":"<p>Mit seiner neuen Single \u201eAchtung fertig los\u201c z\u00fcndet Mark Ed den n\u00e4chsten Karriereschritt \u2013 kraftvoll, direkt und mitrei\u00dfend. Der Song ist nicht nur ein musikalischer Aufbruch, sondern auch ein pers\u00f6nliches Bekenntnis: Jetzt ist die Zeit, loszugehen. Erst wenn wir anfangen, k\u00f6nnen wir etwas bewirken. Produziert von Erfolgsproduzent Mike van Summeren und ver\u00f6ffentlicht \u00fcber Mike&#8217;s Music Media (Germany) unter dem Management von Karin Galinski, steht \u201eAchtung fertig los\u201c f\u00fcr alles, was Mark Ed ausmacht: emotionaler, moderner Pop, gepaart mit Haltung und einer klaren Botschaft. Authentizit\u00e4t, Selbstbestimmung und Aufbruch sind zentrale Werte, die Mark Ed nicht nur musikalisch lebt. Als K\u00fcnstler, der offen zur Regenbogencommunity geh\u00f6rt, zeigt&#8230;<\/p>\n","protected":false},"author":1,"featured_media":36609,"comment_status":"open","ping_status":"open","sticky":false,"template":"","format":"standard","meta":{"footnotes":""},"categories":[3650,3231,3255,3298],"tags":[621],"class_list":["post-36608","post","type-post","status-publish","format-standard","has-post-thumbnail","hentry","category-100-deutsch","category-bergers-schlagerparadies","category-deutsch","category-pop-deutschsprachig","tag-mark-ed","wpcat-3650-id","wpcat-3231-id","wpcat-3255-id","wpcat-3298-id"],"_links":{"self":[{"href":"https:\/\/bergers-schlagerparadies.de\/index.php?rest_route=\/wp\/v2\/posts\/36608","targetHints":{"allow":["GET"]}}],"collection":[{"href":"https:\/\/bergers-schlagerparadies.de\/index.php?rest_route=\/wp\/v2\/posts"}],"about":[{"href":"https:\/\/bergers-schlagerparadies.de\/index.php?rest_route=\/wp\/v2\/types\/post"}],"author":[{"embeddable":true,"href":"https:\/\/bergers-schlagerparadies.de\/index.php?rest_route=\/wp\/v2\/users\/1"}],"replies":[{"embeddable":true,"href":"https:\/\/bergers-schlagerparadies.de\/index.php?rest_route=%2Fwp%2Fv2%2Fcomments&post=36608"}],"version-history":[{"count":1,"href":"https:\/\/bergers-schlagerparadies.de\/index.php?rest_route=\/wp\/v2\/posts\/36608\/revisions"}],"predecessor-version":[{"id":36611,"href":"https:\/\/bergers-schlagerparadies.de\/index.php?rest_route=\/wp\/v2\/posts\/36608\/revisions\/36611"}],"wp:featuredmedia":[{"embeddable":true,"href":"https:\/\/bergers-schlagerparadies.de\/index.php?rest_route=\/wp\/v2\/media\/36609"}],"wp:attachment":[{"href":"https:\/\/bergers-schlagerparadies.de\/index.php?rest_route=%2Fwp%2Fv2%2Fmedia&parent=36608"}],"wp:term":[{"taxonomy":"category","embeddable":true,"href":"https:\/\/bergers-schlagerparadies.de\/index.php?rest_route=%2Fwp%2Fv2%2Fcategories&post=36608"},{"taxonomy":"post_tag","embeddable":true,"href":"https:\/\/bergers-schlagerparadies.de\/index.php?rest_route=%2Fwp%2Fv2%2Ftags&post=36608"}],"curies":[{"name":"wp","href":"https:\/\/api.w.org\/{rel}","templated":true}]}}