{"id":36589,"date":"2025-07-04T10:39:09","date_gmt":"2025-07-04T08:39:09","guid":{"rendered":"https:\/\/bergers-schlagerparadies.de\/?p=36589"},"modified":"2025-07-04T10:39:09","modified_gmt":"2025-07-04T08:39:09","slug":"wolfgang-petry-feat-dfb-frauen-nationalmannschaft-verlieben-verloren-vergessen-verzeihn-team-hymne-em-2025-%c2%b7-bergers-schlagerparadies","status":"publish","type":"post","link":"https:\/\/bergers-schlagerparadies.de\/?p=36589","title":{"rendered":"Wolfgang Petry feat. DFB Frauen-Nationalmannschaft &#8211; Verlieben, verloren, vergessen, verzeih&#8217;n (Team Hymne EM 2025) \u00b7 Berger\u00b4s Schlagerparadies"},"content":{"rendered":"<p><img loading=\"lazy\" decoding=\"async\" class=\"size-medium wp-image-36590 alignleft\" src=\"https:\/\/bergers-schlagerparadies.de\/wp-content\/uploads\/2025\/07\/Wolfgang-Petry-feat.-DFB-Frauen-Nationalmannschaft-Verlieben-verloren-vergessen-verzeihn-Team-Hymne-EM-2025-300x300.jpeg\" alt=\"\" width=\"300\" height=\"300\" srcset=\"https:\/\/bergers-schlagerparadies.de\/wp-content\/uploads\/2025\/07\/Wolfgang-Petry-feat.-DFB-Frauen-Nationalmannschaft-Verlieben-verloren-vergessen-verzeihn-Team-Hymne-EM-2025-300x300.jpeg 300w, https:\/\/bergers-schlagerparadies.de\/wp-content\/uploads\/2025\/07\/Wolfgang-Petry-feat.-DFB-Frauen-Nationalmannschaft-Verlieben-verloren-vergessen-verzeihn-Team-Hymne-EM-2025-1024x1024.jpeg 1024w, https:\/\/bergers-schlagerparadies.de\/wp-content\/uploads\/2025\/07\/Wolfgang-Petry-feat.-DFB-Frauen-Nationalmannschaft-Verlieben-verloren-vergessen-verzeihn-Team-Hymne-EM-2025-150x150.jpeg 150w, https:\/\/bergers-schlagerparadies.de\/wp-content\/uploads\/2025\/07\/Wolfgang-Petry-feat.-DFB-Frauen-Nationalmannschaft-Verlieben-verloren-vergessen-verzeihn-Team-Hymne-EM-2025-768x768.jpeg 768w, https:\/\/bergers-schlagerparadies.de\/wp-content\/uploads\/2025\/07\/Wolfgang-Petry-feat.-DFB-Frauen-Nationalmannschaft-Verlieben-verloren-vergessen-verzeihn-Team-Hymne-EM-2025-1188x1188.jpeg 1188w, https:\/\/bergers-schlagerparadies.de\/wp-content\/uploads\/2025\/07\/Wolfgang-Petry-feat.-DFB-Frauen-Nationalmannschaft-Verlieben-verloren-vergessen-verzeihn-Team-Hymne-EM-2025-100x100.jpeg 100w, https:\/\/bergers-schlagerparadies.de\/wp-content\/uploads\/2025\/07\/Wolfgang-Petry-feat.-DFB-Frauen-Nationalmannschaft-Verlieben-verloren-vergessen-verzeihn-Team-Hymne-EM-2025.jpeg 1200w\" sizes=\"auto, (max-width: 300px) 100vw, 300px\" \/>Mit \u201eVerlieben, verloren, vergessen, verzeih`n\u201c hat Wolfgang Petry Anfang der 1990er einen unsterblichen Megahit ver\u00f6ffentlicht, der bis heute auf keiner echten Schlager-Party fehlen darf. P\u00fcnktlich zum Start der diesj\u00e4hrigen Fu\u00dfballeuropameisterschaft der Frauen erscheint der Kultsong nun als modernisierte Neufassung, auf der Wolle diesmal ganz besondere Unterst\u00fctzung bekommt: Gemeinsam mit der deutschen Frauen-Nationalmannschaft verwandelt er das St\u00fcck zur offiziellen Team Hymne und liefert schon jetzt den packenden Soundtrack zum n\u00e4chsten gro\u00dfen<br \/>\nSommerm\u00e4rchen!<br \/>\nEs ist eine echte Sensation: Seit einer gef\u00fchlten Ewigkeit war Wolfgang Petry nicht mehr im Rampenlicht zu sehen \u2013 w\u00e4hrend eines spontanen \u00dcberraschungsbesuchs bei der DFB Frauen-Nationalmannschaft hat die K\u00f6lner Schlager-Ikone Ende Juni zum ersten Mal in \u00fcber 26 Jahren erstmals wieder all seine liebgewonnen Megahits performt. So wie den erkl\u00e4rten Lieblingssong unserer Fu\u00dfballdamen, bei denen Wolles \u201eVerlieben, verloren, vergessen, verzeih`n\u201c zum unverzichtbaren Warm-Up-Ritual vor jedem Spiel und nat\u00fcrlich auch zum festen DJ-Set auf jeder Siegesfeier geh\u00f6rt.<br \/>\nUm ihren Coach Christian W\u00fcck (ebenfalls riesiger Petry-Fan) zu \u00fcberraschen, lud das deutsche Frauen-Team den charismatischen S\u00e4nger und Musiker per Videobotschaft ein zu einem Besuch im Trainingscamp \u2013 und Wolfgang sagte tats\u00e4chlich zu! Ehrensache, dass es nicht nur bei einem<br \/>\nkleinen Privatkonzert f\u00fcr Mannschaftskapit\u00e4nin Giulia Gwinn und ihre Teamkolleginnen blieb. Gemeinsam haben Wolle und die DFB-Damen ihre Energie in einer mitrei\u00dfenden Neufassung von \u201eVerlieben, verloren, vergessen, verzeih`n\u201c geb\u00fcndelt, die im Refrain nur so vor unb\u00e4ndiger<br \/>\nFrauenpower strotzt!<br \/>\nNach knapp zwanzig Millionen verkauften Einheiten seiner insgesamt 27 Studioalben (davon f\u00fcnf Top 1-Scheiben und neun Top 5-Entrys in den deutschen Album-Charts) sowie unz\u00e4hligen Auszeichnungen wie mehreren goldenen Schallplatten, einem Multiplatin-Award, f\u00fcnf ECHOs in der<br \/>\nKategorie \u201eSchlager\/Volksmusik\u201c sowie zehn Goldenen Stimmgabeln (inklusive zwei \u201ePlatinum Life Award\u201c-Stimmgabeln f\u00fcr sein Lebenswerk) pr\u00e4sentiert sich Wolfgang Petry auf dem Remake von \u201eVerlieben, verloren, vergessen, verzeih`n\u201c so kraftvoll wie nie zuvor. Nachdem die Bilder des<br \/>\nTreffens in den letzten Tagen bereits in den Socials viral gegangen sind, erscheint der Ohrwurm nun p\u00fcnktlich zum ersten Vorrundenspiel der deutschen Frauen-Nationalmannschaft am 7. Juli als offizielle Team Hymne zur EM 2025.<br \/>\nWolfgang Petry, der zum Dank ein Trikot mit der Aufschrift \u201eWolle Petry\u201c und der Zahl 12 \u00fcberreicht bekam und zum 12. Teammitglied ernannt wurde, \u00fcber seine neue Single: \u201eIch kann nicht viel, aber wenn ich die DFB-Damen mit dem bisschen, was ich kann, unterst\u00fctzen kann, ist es mir eine<br \/>\ngro\u00dfe Freude!\u201c Mit \u201eVerlieben, verloren, vergessen, verzeih`n (Team Hymne EM 2025)\u201c schreiben Wolfgang Petry und DFB Frauen-Nationalmannschaft nun das erste Kapitel des n\u00e4chsten deutschen Sommerm\u00e4rchens! Wolfgang Petrys Single \u201eVerlieben, verloren, vergessen, verzeih\u2019n (Team Hymne EM<br \/>\n2025)\u201c und das zugeh\u00f6rige Musikvideo werden zeitgleich zum ersten EM-Spiel der deutschen Frauen-Nationalmannschaft am 04.07.2025 als Team Hymne ver\u00f6ffentlicht.<\/p>\n<p><span style=\"color: #800000;\"><strong>Quelle: SMD\/ Sony Music Catalog<\/strong><\/span><\/p>\n<p><span style=\"color: #800000;\"><strong>Dieser Song ist ab dem 04.07.2025 auf allen Download- und Streaming-Portalen erh\u00e4ltlich.\u00a0<\/strong><\/span><\/p>\n<p><span style=\"color: #800000;\"><strong>Airdate (f\u00fcr Radiosender): 04.07.2025<\/strong><\/span><\/p>\n","protected":false},"excerpt":{"rendered":"<p>Mit \u201eVerlieben, verloren, vergessen, verzeih`n\u201c hat Wolfgang Petry Anfang der 1990er einen unsterblichen Megahit ver\u00f6ffentlicht, der bis heute auf keiner echten Schlager-Party fehlen darf. P\u00fcnktlich zum Start der diesj\u00e4hrigen Fu\u00dfballeuropameisterschaft der Frauen erscheint der Kultsong nun als modernisierte Neufassung, auf der Wolle diesmal ganz besondere Unterst\u00fctzung bekommt: Gemeinsam mit der deutschen Frauen-Nationalmannschaft verwandelt er das St\u00fcck zur offiziellen Team Hymne und liefert schon jetzt den packenden Soundtrack zum n\u00e4chsten gro\u00dfen Sommerm\u00e4rchen! Es ist eine echte Sensation: Seit einer gef\u00fchlten Ewigkeit war Wolfgang Petry nicht mehr im Rampenlicht zu sehen \u2013 w\u00e4hrend eines spontanen \u00dcberraschungsbesuchs bei der DFB Frauen-Nationalmannschaft hat die K\u00f6lner Schlager-Ikone Ende Juni zum&#8230;<\/p>\n","protected":false},"author":1,"featured_media":36590,"comment_status":"open","ping_status":"open","sticky":false,"template":"","format":"standard","meta":{"footnotes":""},"categories":[3231,3237,2,3799],"tags":[4098],"class_list":["post-36589","post","type-post","status-publish","format-standard","has-post-thumbnail","hentry","category-bergers-schlagerparadies","category-pop","category-schlager","category-smd-sony-music-catalog","tag-wolfgang-petry-feat-dfb-frauen-nationalmannschaft","wpcat-3231-id","wpcat-3237-id","wpcat-2-id","wpcat-3799-id"],"_links":{"self":[{"href":"https:\/\/bergers-schlagerparadies.de\/index.php?rest_route=\/wp\/v2\/posts\/36589","targetHints":{"allow":["GET"]}}],"collection":[{"href":"https:\/\/bergers-schlagerparadies.de\/index.php?rest_route=\/wp\/v2\/posts"}],"about":[{"href":"https:\/\/bergers-schlagerparadies.de\/index.php?rest_route=\/wp\/v2\/types\/post"}],"author":[{"embeddable":true,"href":"https:\/\/bergers-schlagerparadies.de\/index.php?rest_route=\/wp\/v2\/users\/1"}],"replies":[{"embeddable":true,"href":"https:\/\/bergers-schlagerparadies.de\/index.php?rest_route=%2Fwp%2Fv2%2Fcomments&post=36589"}],"version-history":[{"count":1,"href":"https:\/\/bergers-schlagerparadies.de\/index.php?rest_route=\/wp\/v2\/posts\/36589\/revisions"}],"predecessor-version":[{"id":36591,"href":"https:\/\/bergers-schlagerparadies.de\/index.php?rest_route=\/wp\/v2\/posts\/36589\/revisions\/36591"}],"wp:featuredmedia":[{"embeddable":true,"href":"https:\/\/bergers-schlagerparadies.de\/index.php?rest_route=\/wp\/v2\/media\/36590"}],"wp:attachment":[{"href":"https:\/\/bergers-schlagerparadies.de\/index.php?rest_route=%2Fwp%2Fv2%2Fmedia&parent=36589"}],"wp:term":[{"taxonomy":"category","embeddable":true,"href":"https:\/\/bergers-schlagerparadies.de\/index.php?rest_route=%2Fwp%2Fv2%2Fcategories&post=36589"},{"taxonomy":"post_tag","embeddable":true,"href":"https:\/\/bergers-schlagerparadies.de\/index.php?rest_route=%2Fwp%2Fv2%2Ftags&post=36589"}],"curies":[{"name":"wp","href":"https:\/\/api.w.org\/{rel}","templated":true}]}}