{"id":36569,"date":"2025-07-04T09:31:13","date_gmt":"2025-07-04T07:31:13","guid":{"rendered":"https:\/\/bergers-schlagerparadies.de\/?p=36569"},"modified":"2025-07-04T09:31:13","modified_gmt":"2025-07-04T07:31:13","slug":"buergermeister-markuss-du-bist-mein-sommerradio-%c2%b7-bergers-schlagerparadies","status":"publish","type":"post","link":"https:\/\/bergers-schlagerparadies.de\/?p=36569","title":{"rendered":"B\u00fcrgermeister MarKuss &#8211; Du bist mein Sommerradio \u00b7 Berger\u00b4s Schlagerparadies"},"content":{"rendered":"<p><img loading=\"lazy\" decoding=\"async\" class=\"size-medium wp-image-36570 alignleft\" src=\"https:\/\/bergers-schlagerparadies.de\/wp-content\/uploads\/2025\/07\/Buergermeister-MarKuss-Du-bist-mein-Sommerradio-300x300.jpeg\" alt=\"\" width=\"300\" height=\"300\" srcset=\"https:\/\/bergers-schlagerparadies.de\/wp-content\/uploads\/2025\/07\/Buergermeister-MarKuss-Du-bist-mein-Sommerradio-300x300.jpeg 300w, https:\/\/bergers-schlagerparadies.de\/wp-content\/uploads\/2025\/07\/Buergermeister-MarKuss-Du-bist-mein-Sommerradio-1024x1024.jpeg 1024w, https:\/\/bergers-schlagerparadies.de\/wp-content\/uploads\/2025\/07\/Buergermeister-MarKuss-Du-bist-mein-Sommerradio-150x150.jpeg 150w, https:\/\/bergers-schlagerparadies.de\/wp-content\/uploads\/2025\/07\/Buergermeister-MarKuss-Du-bist-mein-Sommerradio-768x768.jpeg 768w, https:\/\/bergers-schlagerparadies.de\/wp-content\/uploads\/2025\/07\/Buergermeister-MarKuss-Du-bist-mein-Sommerradio-1536x1536.jpeg 1536w, https:\/\/bergers-schlagerparadies.de\/wp-content\/uploads\/2025\/07\/Buergermeister-MarKuss-Du-bist-mein-Sommerradio-2048x2048.jpeg 2048w, https:\/\/bergers-schlagerparadies.de\/wp-content\/uploads\/2025\/07\/Buergermeister-MarKuss-Du-bist-mein-Sommerradio-1200x1200.jpeg 1200w, https:\/\/bergers-schlagerparadies.de\/wp-content\/uploads\/2025\/07\/Buergermeister-MarKuss-Du-bist-mein-Sommerradio-1188x1188.jpeg 1188w, https:\/\/bergers-schlagerparadies.de\/wp-content\/uploads\/2025\/07\/Buergermeister-MarKuss-Du-bist-mein-Sommerradio-100x100.jpeg 100w\" sizes=\"auto, (max-width: 300px) 100vw, 300px\" \/>Wenn morgens der Kaffee noch nicht wirkt, aber im Radio schon \u201eDu bist mein Sommerradio\u201c l\u00e4uft \u2013 dann wei\u00df man: B\u00fcrgermeister MarKuss ist zur\u00fcck! Mit seiner neuen Single liefert der singende Stadtchef den Soundtrack f\u00fcr Verliebte, Fr\u00fchaufsteher \u2013 und alle, die selbst bei Schneefall innerlich Flip-Flops tragen.<\/p>\n<p>Der Song ist ein musikalisches Liebesgest\u00e4ndnis an die Person, die immer sendet \u2013 egal ob unter der Dusche, mit dem ersten Kaffee oder im Dauerplappermodus. \u201eDu bist mein Sommerradio\u201c hei\u00dft es im Refrain \u2013 ein treffsicherer Ohrwurm, der sp\u00e4testens beim dritten H\u00f6ren f\u00fcr lautes Mitsingen im Auto sorgt. Achtung: Gute Laune garantiert \u2013 sogar bei Stau und Montagmorgenblues!<\/p>\n<p>Von der Morgenshow bis zum Kuschelabend auf Balkonien \u2013 \u201eDu bist mein Sommerradio\u201c ist der musikalische Dauerl\u00e4ufer f\u00fcr alle, die das ganze Jahr Sommer im Kopf haben. Einschalten, aufdrehen, mitsingen \u2013 B\u00fcrgermeister MarKuss ist auf Sendung!<\/p>\n<p><span style=\"color: #800000;\"><strong>Quelle: ARTISTS &amp; ACTS<\/strong><\/span><\/p>\n<p><span style=\"color: #800000;\"><strong>Dieser Song ist ab dem 04.07.2025 auf allen Download- und Streaming-Portalen erh\u00e4ltlich.\u00a0<\/strong><\/span><\/p>\n<p><span style=\"color: #800000;\"><strong>Airdate (f\u00fcr Radiosender): 04.07.2025<\/strong><\/span><\/p>\n","protected":false},"excerpt":{"rendered":"<p>Wenn morgens der Kaffee noch nicht wirkt, aber im Radio schon \u201eDu bist mein Sommerradio\u201c l\u00e4uft \u2013 dann wei\u00df man: B\u00fcrgermeister MarKuss ist zur\u00fcck! Mit seiner neuen Single liefert der singende Stadtchef den Soundtrack f\u00fcr Verliebte, Fr\u00fchaufsteher \u2013 und alle, die selbst bei Schneefall innerlich Flip-Flops tragen. Der Song ist ein musikalisches Liebesgest\u00e4ndnis an die Person, die immer sendet \u2013 egal ob unter der Dusche, mit dem ersten Kaffee oder im Dauerplappermodus. \u201eDu bist mein Sommerradio\u201c hei\u00dft es im Refrain \u2013 ein treffsicherer Ohrwurm, der sp\u00e4testens beim dritten H\u00f6ren f\u00fcr lautes Mitsingen im Auto sorgt. Achtung: Gute Laune garantiert \u2013 sogar bei Stau und Montagmorgenblues!&#8230;<\/p>\n","protected":false},"author":1,"featured_media":36570,"comment_status":"open","ping_status":"open","sticky":false,"template":"","format":"standard","meta":{"footnotes":""},"categories":[3280,3231,3255,2],"tags":[1840],"class_list":["post-36569","post","type-post","status-publish","format-standard","has-post-thumbnail","hentry","category-artists-acts","category-bergers-schlagerparadies","category-deutsch","category-schlager","tag-buergermeister-markuss","wpcat-3280-id","wpcat-3231-id","wpcat-3255-id","wpcat-2-id"],"_links":{"self":[{"href":"https:\/\/bergers-schlagerparadies.de\/index.php?rest_route=\/wp\/v2\/posts\/36569","targetHints":{"allow":["GET"]}}],"collection":[{"href":"https:\/\/bergers-schlagerparadies.de\/index.php?rest_route=\/wp\/v2\/posts"}],"about":[{"href":"https:\/\/bergers-schlagerparadies.de\/index.php?rest_route=\/wp\/v2\/types\/post"}],"author":[{"embeddable":true,"href":"https:\/\/bergers-schlagerparadies.de\/index.php?rest_route=\/wp\/v2\/users\/1"}],"replies":[{"embeddable":true,"href":"https:\/\/bergers-schlagerparadies.de\/index.php?rest_route=%2Fwp%2Fv2%2Fcomments&post=36569"}],"version-history":[{"count":1,"href":"https:\/\/bergers-schlagerparadies.de\/index.php?rest_route=\/wp\/v2\/posts\/36569\/revisions"}],"predecessor-version":[{"id":36571,"href":"https:\/\/bergers-schlagerparadies.de\/index.php?rest_route=\/wp\/v2\/posts\/36569\/revisions\/36571"}],"wp:featuredmedia":[{"embeddable":true,"href":"https:\/\/bergers-schlagerparadies.de\/index.php?rest_route=\/wp\/v2\/media\/36570"}],"wp:attachment":[{"href":"https:\/\/bergers-schlagerparadies.de\/index.php?rest_route=%2Fwp%2Fv2%2Fmedia&parent=36569"}],"wp:term":[{"taxonomy":"category","embeddable":true,"href":"https:\/\/bergers-schlagerparadies.de\/index.php?rest_route=%2Fwp%2Fv2%2Fcategories&post=36569"},{"taxonomy":"post_tag","embeddable":true,"href":"https:\/\/bergers-schlagerparadies.de\/index.php?rest_route=%2Fwp%2Fv2%2Ftags&post=36569"}],"curies":[{"name":"wp","href":"https:\/\/api.w.org\/{rel}","templated":true}]}}