{"id":36558,"date":"2025-07-11T10:30:29","date_gmt":"2025-07-11T08:30:29","guid":{"rendered":"https:\/\/bergers-schlagerparadies.de\/?p=36558"},"modified":"2025-07-04T09:06:27","modified_gmt":"2025-07-04T07:06:27","slug":"marie-vell-viel-zu-schnell-radio-edit-%c2%b7-bergers-schlagerparadies","status":"publish","type":"post","link":"https:\/\/bergers-schlagerparadies.de\/?p=36558","title":{"rendered":"Marie Vell &#8211; Viel zu schnell (Radio Edit) \u00b7 Berger\u00b4s Schlagerparadies"},"content":{"rendered":"<p><img loading=\"lazy\" decoding=\"async\" class=\"size-medium wp-image-36559 alignleft\" src=\"https:\/\/bergers-schlagerparadies.de\/wp-content\/uploads\/2025\/07\/Marie-Vell-Viel-zu-schnell-Radio-Edit-300x300.jpeg\" alt=\"\" width=\"300\" height=\"300\" srcset=\"https:\/\/bergers-schlagerparadies.de\/wp-content\/uploads\/2025\/07\/Marie-Vell-Viel-zu-schnell-Radio-Edit-300x300.jpeg 300w, https:\/\/bergers-schlagerparadies.de\/wp-content\/uploads\/2025\/07\/Marie-Vell-Viel-zu-schnell-Radio-Edit-1024x1024.jpeg 1024w, https:\/\/bergers-schlagerparadies.de\/wp-content\/uploads\/2025\/07\/Marie-Vell-Viel-zu-schnell-Radio-Edit-150x150.jpeg 150w, https:\/\/bergers-schlagerparadies.de\/wp-content\/uploads\/2025\/07\/Marie-Vell-Viel-zu-schnell-Radio-Edit-768x768.jpeg 768w, https:\/\/bergers-schlagerparadies.de\/wp-content\/uploads\/2025\/07\/Marie-Vell-Viel-zu-schnell-Radio-Edit-1536x1536.jpeg 1536w, https:\/\/bergers-schlagerparadies.de\/wp-content\/uploads\/2025\/07\/Marie-Vell-Viel-zu-schnell-Radio-Edit-1200x1200.jpeg 1200w, https:\/\/bergers-schlagerparadies.de\/wp-content\/uploads\/2025\/07\/Marie-Vell-Viel-zu-schnell-Radio-Edit-1188x1188.jpeg 1188w, https:\/\/bergers-schlagerparadies.de\/wp-content\/uploads\/2025\/07\/Marie-Vell-Viel-zu-schnell-Radio-Edit-100x100.jpeg 100w, https:\/\/bergers-schlagerparadies.de\/wp-content\/uploads\/2025\/07\/Marie-Vell-Viel-zu-schnell-Radio-Edit.jpeg 2000w\" sizes=\"auto, (max-width: 300px) 100vw, 300px\" \/>Nach einer gro\u00dfen Karriere, mit zwei erfolgreichen Duetten mit Dr. Maibach, mitrei\u00dfenden Solo-Ver\u00f6ffentlichung wie dem Chartnotierten \u201eHals \u00fcber Kopf\u201c hat sich Schlager-Legende Marie Vell nun etwas ganz Besonderes einfallen lassen: Zur Kr\u00f6nung ihrer jahrzehntelangen Karriere ver\u00f6ffentlicht sie eine Serie mit f\u00fcnf Single-Ver\u00f6ffentlichungen, die durch zwei Dinge bestechen: eine hohe Qualit\u00e4t und viel Chartpotenz. Den Start machte ihre ebenso souver\u00e4ne wie gelungene Interpretation eines zwar unbekannten aber sehr kultigen Hanne Haller-Songs: Mit \u201eHans du hast mein Herz gestohlen\u201c, der Titel \u201eSpanische N\u00e4chte\u201c l\u00e4utete den Sommer ein. Jetzt ver\u00f6ffentlicht sie ihre Single \u201eViel zu schnell\u201c in einer neuen Radio Edit \u2013 ein Pop-Schlager erster G\u00fcte.<\/p>\n<p>Marie Vell, weitgereist und hochausgebildet, blickt auf ein wahrlich aufregendes Leben zur\u00fcck. In Karlsruhe geboren hat sie als Schauspielerin und Moderatorin gearbeitet, re\u00fcssierte als T\u00e4nzerin, Model und Hotelchefin \u2013 und dies weltweit.<\/p>\n<p>Man darf gespannt sein, was die attraktive Powerfrau noch im K\u00f6cher hat.<\/p>\n<p><span style=\"color: #800000;\"><strong>Quelle: Herz7<\/strong><\/span><\/p>\n<p><span style=\"color: #800000;\"><strong>Dieser Song ist ab dem 11.07.2025 auf allen Download- und Streaming-Portalen erh\u00e4ltlich.\u00a0<\/strong><\/span><\/p>\n<p><span style=\"color: #800000;\"><strong>Airdate (f\u00fcr Radiosender): 04.07.2025<\/strong><\/span><\/p>\n","protected":false},"excerpt":{"rendered":"<p>Nach einer gro\u00dfen Karriere, mit zwei erfolgreichen Duetten mit Dr. Maibach, mitrei\u00dfenden Solo-Ver\u00f6ffentlichung wie dem Chartnotierten \u201eHals \u00fcber Kopf\u201c hat sich Schlager-Legende Marie Vell nun etwas ganz Besonderes einfallen lassen: Zur Kr\u00f6nung ihrer jahrzehntelangen Karriere ver\u00f6ffentlicht sie eine Serie mit f\u00fcnf Single-Ver\u00f6ffentlichungen, die durch zwei Dinge bestechen: eine hohe Qualit\u00e4t und viel Chartpotenz. Den Start machte ihre ebenso souver\u00e4ne wie gelungene Interpretation eines zwar unbekannten aber sehr kultigen Hanne Haller-Songs: Mit \u201eHans du hast mein Herz gestohlen\u201c, der Titel \u201eSpanische N\u00e4chte\u201c l\u00e4utete den Sommer ein. Jetzt ver\u00f6ffentlicht sie ihre Single \u201eViel zu schnell\u201c in einer neuen Radio Edit \u2013 ein Pop-Schlager erster G\u00fcte. Marie Vell,&#8230;<\/p>\n","protected":false},"author":1,"featured_media":36559,"comment_status":"open","ping_status":"open","sticky":false,"template":"","format":"standard","meta":{"footnotes":""},"categories":[3231,3255,3451,2],"tags":[515],"class_list":["post-36558","post","type-post","status-publish","format-standard","has-post-thumbnail","hentry","category-bergers-schlagerparadies","category-deutsch","category-herz7","category-schlager","tag-marie-vell","wpcat-3231-id","wpcat-3255-id","wpcat-3451-id","wpcat-2-id"],"_links":{"self":[{"href":"https:\/\/bergers-schlagerparadies.de\/index.php?rest_route=\/wp\/v2\/posts\/36558","targetHints":{"allow":["GET"]}}],"collection":[{"href":"https:\/\/bergers-schlagerparadies.de\/index.php?rest_route=\/wp\/v2\/posts"}],"about":[{"href":"https:\/\/bergers-schlagerparadies.de\/index.php?rest_route=\/wp\/v2\/types\/post"}],"author":[{"embeddable":true,"href":"https:\/\/bergers-schlagerparadies.de\/index.php?rest_route=\/wp\/v2\/users\/1"}],"replies":[{"embeddable":true,"href":"https:\/\/bergers-schlagerparadies.de\/index.php?rest_route=%2Fwp%2Fv2%2Fcomments&post=36558"}],"version-history":[{"count":1,"href":"https:\/\/bergers-schlagerparadies.de\/index.php?rest_route=\/wp\/v2\/posts\/36558\/revisions"}],"predecessor-version":[{"id":36560,"href":"https:\/\/bergers-schlagerparadies.de\/index.php?rest_route=\/wp\/v2\/posts\/36558\/revisions\/36560"}],"wp:featuredmedia":[{"embeddable":true,"href":"https:\/\/bergers-schlagerparadies.de\/index.php?rest_route=\/wp\/v2\/media\/36559"}],"wp:attachment":[{"href":"https:\/\/bergers-schlagerparadies.de\/index.php?rest_route=%2Fwp%2Fv2%2Fmedia&parent=36558"}],"wp:term":[{"taxonomy":"category","embeddable":true,"href":"https:\/\/bergers-schlagerparadies.de\/index.php?rest_route=%2Fwp%2Fv2%2Fcategories&post=36558"},{"taxonomy":"post_tag","embeddable":true,"href":"https:\/\/bergers-schlagerparadies.de\/index.php?rest_route=%2Fwp%2Fv2%2Ftags&post=36558"}],"curies":[{"name":"wp","href":"https:\/\/api.w.org\/{rel}","templated":true}]}}