{"id":36549,"date":"2025-07-11T10:30:22","date_gmt":"2025-07-11T08:30:22","guid":{"rendered":"https:\/\/bergers-schlagerparadies.de\/?p=36549"},"modified":"2025-07-04T08:56:13","modified_gmt":"2025-07-04T06:56:13","slug":"bruno-maccallini-alessandro-morgan-il-duo-volare-italo-hit-mix-%c2%b7-bergers-schlagerparadies","status":"publish","type":"post","link":"https:\/\/bergers-schlagerparadies.de\/?p=36549","title":{"rendered":"Bruno Maccallini &#038; Alessandro Morgan &#8211; Il Duo Volare (Italo Hit-Mix) \u00b7 Berger\u00b4s Schlagerparadies"},"content":{"rendered":"<p><img loading=\"lazy\" decoding=\"async\" class=\"size-medium wp-image-36550 alignleft\" src=\"https:\/\/bergers-schlagerparadies.de\/wp-content\/uploads\/2025\/07\/Bruno-Maccallini-Alessandro-Morgan-Il-Duo-Volare-Italo-Hit-Mix-300x300.jpeg\" alt=\"\" width=\"300\" height=\"300\" srcset=\"https:\/\/bergers-schlagerparadies.de\/wp-content\/uploads\/2025\/07\/Bruno-Maccallini-Alessandro-Morgan-Il-Duo-Volare-Italo-Hit-Mix-300x300.jpeg 300w, https:\/\/bergers-schlagerparadies.de\/wp-content\/uploads\/2025\/07\/Bruno-Maccallini-Alessandro-Morgan-Il-Duo-Volare-Italo-Hit-Mix-1024x1024.jpeg 1024w, https:\/\/bergers-schlagerparadies.de\/wp-content\/uploads\/2025\/07\/Bruno-Maccallini-Alessandro-Morgan-Il-Duo-Volare-Italo-Hit-Mix-150x150.jpeg 150w, https:\/\/bergers-schlagerparadies.de\/wp-content\/uploads\/2025\/07\/Bruno-Maccallini-Alessandro-Morgan-Il-Duo-Volare-Italo-Hit-Mix-768x768.jpeg 768w, https:\/\/bergers-schlagerparadies.de\/wp-content\/uploads\/2025\/07\/Bruno-Maccallini-Alessandro-Morgan-Il-Duo-Volare-Italo-Hit-Mix-1536x1536.jpeg 1536w, https:\/\/bergers-schlagerparadies.de\/wp-content\/uploads\/2025\/07\/Bruno-Maccallini-Alessandro-Morgan-Il-Duo-Volare-Italo-Hit-Mix-2048x2048.jpeg 2048w, https:\/\/bergers-schlagerparadies.de\/wp-content\/uploads\/2025\/07\/Bruno-Maccallini-Alessandro-Morgan-Il-Duo-Volare-Italo-Hit-Mix-1200x1200.jpeg 1200w, https:\/\/bergers-schlagerparadies.de\/wp-content\/uploads\/2025\/07\/Bruno-Maccallini-Alessandro-Morgan-Il-Duo-Volare-Italo-Hit-Mix-1188x1188.jpeg 1188w, https:\/\/bergers-schlagerparadies.de\/wp-content\/uploads\/2025\/07\/Bruno-Maccallini-Alessandro-Morgan-Il-Duo-Volare-Italo-Hit-Mix-100x100.jpeg 100w\" sizes=\"auto, (max-width: 300px) 100vw, 300px\" \/>Mit mediterraner Leichtigkeit, tanzbaren Rhythmen und echtem Dolce-Vita-Feeling liefern Bruno<br \/>\nMaccallini und Alessandro Morgan alias Il Duo Volare mit ihrem brandneuen Italo Summer Mix den<br \/>\nperfekten Soundtrack f\u00fcr hei\u00dfe Tage und lange N\u00e4chte.<\/p>\n<p>Ein charmantes Duo \u2013 ein R\u00f6mer trifft auf einen Neapolitaner \u2013 vereint in ihrer Liebe zur italienischen<br \/>\nMusik.<\/p>\n<p>Ob Strand, Piazza oder Party: Dieser Hit-Mix bringt Urlaubsstimmung pur und ist der Auftakt einer<br \/>\nbesonderen musikalischen Zusammenarbeit. Jetzt reinh\u00f6ren und Sommerlaune tanken!<\/p>\n<p><span style=\"color: #800000;\"><strong>Quelle: Fiesta Records<\/strong><\/span><\/p>\n<p><span style=\"color: #800000;\"><strong>Dieser Song ist ab dem 11.07.2025 auf allen Download- und Streaming-Portalen erh\u00e4ltlich.\u00a0<\/strong><\/span><\/p>\n<p><span style=\"color: #800000;\"><strong>Airdate (f\u00fcr Radiosender): 04.07.2025<\/strong><\/span><\/p>\n","protected":false},"excerpt":{"rendered":"<p>Mit mediterraner Leichtigkeit, tanzbaren Rhythmen und echtem Dolce-Vita-Feeling liefern Bruno Maccallini und Alessandro Morgan alias Il Duo Volare mit ihrem brandneuen Italo Summer Mix den perfekten Soundtrack f\u00fcr hei\u00dfe Tage und lange N\u00e4chte. Ein charmantes Duo \u2013 ein R\u00f6mer trifft auf einen Neapolitaner \u2013 vereint in ihrer Liebe zur italienischen Musik. Ob Strand, Piazza oder Party: Dieser Hit-Mix bringt Urlaubsstimmung pur und ist der Auftakt einer besonderen musikalischen Zusammenarbeit. Jetzt reinh\u00f6ren und Sommerlaune tanken! Quelle: Fiesta Records Dieser Song ist ab dem 11.07.2025 auf allen Download- und Streaming-Portalen erh\u00e4ltlich.\u00a0 Airdate (f\u00fcr Radiosender): 04.07.2025<\/p>\n","protected":false},"author":1,"featured_media":36550,"comment_status":"open","ping_status":"open","sticky":false,"template":"","format":"standard","meta":{"footnotes":""},"categories":[3231,3232,3471,3237,3265],"tags":[4096],"class_list":["post-36549","post","type-post","status-publish","format-standard","has-post-thumbnail","hentry","category-bergers-schlagerparadies","category-fiesta-records","category-italo-pop","category-pop","category-schlager-party","tag-bruno-maccallini-alessandro-morgan","wpcat-3231-id","wpcat-3232-id","wpcat-3471-id","wpcat-3237-id","wpcat-3265-id"],"_links":{"self":[{"href":"https:\/\/bergers-schlagerparadies.de\/index.php?rest_route=\/wp\/v2\/posts\/36549","targetHints":{"allow":["GET"]}}],"collection":[{"href":"https:\/\/bergers-schlagerparadies.de\/index.php?rest_route=\/wp\/v2\/posts"}],"about":[{"href":"https:\/\/bergers-schlagerparadies.de\/index.php?rest_route=\/wp\/v2\/types\/post"}],"author":[{"embeddable":true,"href":"https:\/\/bergers-schlagerparadies.de\/index.php?rest_route=\/wp\/v2\/users\/1"}],"replies":[{"embeddable":true,"href":"https:\/\/bergers-schlagerparadies.de\/index.php?rest_route=%2Fwp%2Fv2%2Fcomments&post=36549"}],"version-history":[{"count":1,"href":"https:\/\/bergers-schlagerparadies.de\/index.php?rest_route=\/wp\/v2\/posts\/36549\/revisions"}],"predecessor-version":[{"id":36552,"href":"https:\/\/bergers-schlagerparadies.de\/index.php?rest_route=\/wp\/v2\/posts\/36549\/revisions\/36552"}],"wp:featuredmedia":[{"embeddable":true,"href":"https:\/\/bergers-schlagerparadies.de\/index.php?rest_route=\/wp\/v2\/media\/36550"}],"wp:attachment":[{"href":"https:\/\/bergers-schlagerparadies.de\/index.php?rest_route=%2Fwp%2Fv2%2Fmedia&parent=36549"}],"wp:term":[{"taxonomy":"category","embeddable":true,"href":"https:\/\/bergers-schlagerparadies.de\/index.php?rest_route=%2Fwp%2Fv2%2Fcategories&post=36549"},{"taxonomy":"post_tag","embeddable":true,"href":"https:\/\/bergers-schlagerparadies.de\/index.php?rest_route=%2Fwp%2Fv2%2Ftags&post=36549"}],"curies":[{"name":"wp","href":"https:\/\/api.w.org\/{rel}","templated":true}]}}