{"id":36493,"date":"2025-07-02T21:41:54","date_gmt":"2025-07-02T19:41:54","guid":{"rendered":"https:\/\/bergers-schlagerparadies.de\/?p=36493"},"modified":"2025-07-02T21:41:54","modified_gmt":"2025-07-02T19:41:54","slug":"mario-steffen-weil-das-leben-gewinnt-%c2%b7-bergers-schlagerparadies","status":"publish","type":"post","link":"https:\/\/bergers-schlagerparadies.de\/?p=36493","title":{"rendered":"Mario Steffen &#8211; Weil das Leben gewinnt \u00b7 Berger\u00b4s Schlagerparadies"},"content":{"rendered":"<p><img loading=\"lazy\" decoding=\"async\" class=\"size-medium wp-image-36494 alignleft\" src=\"https:\/\/bergers-schlagerparadies.de\/wp-content\/uploads\/2025\/07\/Mario-Steffen-Weil-das-Leben-gewinnt-300x300.jpeg\" alt=\"\" width=\"300\" height=\"300\" srcset=\"https:\/\/bergers-schlagerparadies.de\/wp-content\/uploads\/2025\/07\/Mario-Steffen-Weil-das-Leben-gewinnt-300x300.jpeg 300w, https:\/\/bergers-schlagerparadies.de\/wp-content\/uploads\/2025\/07\/Mario-Steffen-Weil-das-Leben-gewinnt-1024x1024.jpeg 1024w, https:\/\/bergers-schlagerparadies.de\/wp-content\/uploads\/2025\/07\/Mario-Steffen-Weil-das-Leben-gewinnt-150x150.jpeg 150w, https:\/\/bergers-schlagerparadies.de\/wp-content\/uploads\/2025\/07\/Mario-Steffen-Weil-das-Leben-gewinnt-768x768.jpeg 768w, https:\/\/bergers-schlagerparadies.de\/wp-content\/uploads\/2025\/07\/Mario-Steffen-Weil-das-Leben-gewinnt-1200x1200.jpeg 1200w, https:\/\/bergers-schlagerparadies.de\/wp-content\/uploads\/2025\/07\/Mario-Steffen-Weil-das-Leben-gewinnt-1188x1188.jpeg 1188w, https:\/\/bergers-schlagerparadies.de\/wp-content\/uploads\/2025\/07\/Mario-Steffen-Weil-das-Leben-gewinnt-100x100.jpeg 100w, https:\/\/bergers-schlagerparadies.de\/wp-content\/uploads\/2025\/07\/Mario-Steffen-Weil-das-Leben-gewinnt.jpeg 1400w\" sizes=\"auto, (max-width: 300px) 100vw, 300px\" \/>Mario Steffen zelebriert die Freiheit: Mit der neuen Single \u201eWeil das Leben gewinnt\u201c k\u00fcndigt der Schlagers\u00e4nger aus Unterfranken sein n\u00e4chstes Album an!<\/p>\n<p>++ Das Album \u201eHerzgeschichten\u201c kommt am 10. Oktober und kann ab dem 04. Juli vorbestellt werden ++<\/p>\n<p>Nachdem er letztes Jahr sein 20. B\u00fchnenjubil\u00e4um (!) mit den ersten Singles f\u00fcr PALM Records\/TELAMO besiegelt hatte, schl\u00e4gt Mario Steffen (\u201eVergessen, dass es Dich gibt\u201c) im Sommer 2025 nun das n\u00e4chste Kapitel auf \u2013 denn er nimmt ab sofort Kurs aufs neue Album! Mit der Auftaktsingle \u201eWeil das Leben gewinnt\u201c pr\u00e4sentiert der gelernte B\u00e4cker die erste von ganz vielen vertonten \u201eHerzgeschichten\u201c, die er auf seinem kommenden Album besingt. W\u00e4hrend das \u201eHerzgeschichten\u201c-Album am 10. Oktober erscheint, landet die neue Single parallel dazu am 04. Juli auf den Popschlager-Playlisten!<\/p>\n<p>\u201eIch schenk dir Fl\u00fcgel und geb\u2019 dich frei\u201c, singt Mario Steffen an einer Stelle dieses l\u00e4ssig vertonten Schlussstrichs \u2013 der jedoch kein bisschen melancholisch, sondern vor allem nach Aufbruchsstimmung und Neuanfang klingt: Seine ganze Dankbarkeit f\u00fcr die gemeinsame Zeit und die Freude dar\u00fcber, dass \u201eheut was Neues beginnt\u201c, bringt der Bayer zum Ausdruck, wobei auch die euphorischen Synthesizer-Sounds dieses Gef\u00fchl perfekt einrahmen.<\/p>\n<p>\u201eIch setz die Segel \u2013 wir sind frei\u201c<\/p>\n<p>Auch wenn die Liebe verflogen und die letzte Chance vertan ist, schl\u00e4gt das Herz in diesem Abschiedsmoment ein bisschen schneller: Dazu passend pulsiert auch der Beat ab dem ersten Takt \u2013 und vertreibt die letzten Fragezeichen, die \u00fcber dieser Trennung schweben. Es geht um einen einvernehmlichen Schlussstrich ohne Schmerz, um einen ehrlichen Umgang miteinander (\u201eIch w\u00fcnsch dir nur viel Gl\u00fcck\u201c), vor allem auch um Vorfreude aufs n\u00e4chste Abenteuer, \u201edenn Liebe, die kommt und geht\u201c.<\/p>\n<p>Geb\u00fcrtig aus Erlenbach in Unterfranken, war die Musik schon immer die gr\u00f6\u00dfte Leidenschaft von Mario Steffen. Tats\u00e4chlich war er schon als kleiner Junge derma\u00dfen schlagerverr\u00fcckt, dass er bereits in jungen Jahren u.a. die Leitung eines Andrea-J\u00fcrgens-Fanclubs \u00fcbernahm. Ansonsten eher an S\u00fc\u00dfem als an Herzhaftem interessiert, konzentrierte er sich nach der B\u00e4ckerlehre zun\u00e4chst f\u00fcr ein paar Jahre auf Nussecken, Krapfen &amp; Co. \u2013 bis er es dann doch noch mal mit der Musik versuchte: Schon 2004 legte er die Single \u201eWie ein Bilderbuch\u201c vor und avancierte wenig sp\u00e4ter zum \u201eNewcomer des Jahres\u201c. Seither halbtags berufst\u00e4tig (medizinische Messger\u00e4te) und parallel dazu mit maximalem Herzblut Musiker, mischten Singles wie \u201eDie Spanische Nacht\u201c oder auch \u201eVergessen, dass es Dich gibt\u201c zum Teil monatelang die Airplaycharts auf. Auch live ein absoluter Gute-Laune-Garant, der sich bereits mit etlichen Gr\u00f6\u00dfen die B\u00fchne teilen konnte (u.a. Beatrice Egli, Michelle, Die Amigos, Kerstin Ott), startet Mario Steffen dieser Tage ins dritte Jahrzehnt seiner Karriere \u2013 mit dem neuen Album \u201eHerzgeschichten\u201c.<\/p>\n<p>Die neue Single \u201eWeil das Leben gewinnt\u201c erscheint am 04. Juli 2025.<\/p>\n<p><span style=\"color: #800000;\"><strong>Quelle: Telamo<\/strong><\/span><\/p>\n<p><span style=\"color: #800000;\"><strong>Dieser Song ist ab dem 04.07.2025 auf allen Download- und Streaming-Portalen erh\u00e4ltlich.\u00a0<\/strong><\/span><\/p>\n<p><span style=\"color: #800000;\"><strong>Airdate (f\u00fcr Radiosender): 04.07.2025<\/strong><\/span><\/p>\n","protected":false},"excerpt":{"rendered":"<p>Mario Steffen zelebriert die Freiheit: Mit der neuen Single \u201eWeil das Leben gewinnt\u201c k\u00fcndigt der Schlagers\u00e4nger aus Unterfranken sein n\u00e4chstes Album an! ++ Das Album \u201eHerzgeschichten\u201c kommt am 10. Oktober und kann ab dem 04. Juli vorbestellt werden ++ Nachdem er letztes Jahr sein 20. B\u00fchnenjubil\u00e4um (!) mit den ersten Singles f\u00fcr PALM Records\/TELAMO besiegelt hatte, schl\u00e4gt Mario Steffen (\u201eVergessen, dass es Dich gibt\u201c) im Sommer 2025 nun das n\u00e4chste Kapitel auf \u2013 denn er nimmt ab sofort Kurs aufs neue Album! Mit der Auftaktsingle \u201eWeil das Leben gewinnt\u201c pr\u00e4sentiert der gelernte B\u00e4cker die erste von ganz vielen vertonten \u201eHerzgeschichten\u201c, die er auf seinem kommenden&#8230;<\/p>\n","protected":false},"author":1,"featured_media":36494,"comment_status":"open","ping_status":"open","sticky":false,"template":"","format":"standard","meta":{"footnotes":""},"categories":[3231,2,3239],"tags":[150],"class_list":["post-36493","post","type-post","status-publish","format-standard","has-post-thumbnail","hentry","category-bergers-schlagerparadies","category-schlager","category-telamo","tag-mario-steffen","wpcat-3231-id","wpcat-2-id","wpcat-3239-id"],"_links":{"self":[{"href":"https:\/\/bergers-schlagerparadies.de\/index.php?rest_route=\/wp\/v2\/posts\/36493","targetHints":{"allow":["GET"]}}],"collection":[{"href":"https:\/\/bergers-schlagerparadies.de\/index.php?rest_route=\/wp\/v2\/posts"}],"about":[{"href":"https:\/\/bergers-schlagerparadies.de\/index.php?rest_route=\/wp\/v2\/types\/post"}],"author":[{"embeddable":true,"href":"https:\/\/bergers-schlagerparadies.de\/index.php?rest_route=\/wp\/v2\/users\/1"}],"replies":[{"embeddable":true,"href":"https:\/\/bergers-schlagerparadies.de\/index.php?rest_route=%2Fwp%2Fv2%2Fcomments&post=36493"}],"version-history":[{"count":1,"href":"https:\/\/bergers-schlagerparadies.de\/index.php?rest_route=\/wp\/v2\/posts\/36493\/revisions"}],"predecessor-version":[{"id":36495,"href":"https:\/\/bergers-schlagerparadies.de\/index.php?rest_route=\/wp\/v2\/posts\/36493\/revisions\/36495"}],"wp:featuredmedia":[{"embeddable":true,"href":"https:\/\/bergers-schlagerparadies.de\/index.php?rest_route=\/wp\/v2\/media\/36494"}],"wp:attachment":[{"href":"https:\/\/bergers-schlagerparadies.de\/index.php?rest_route=%2Fwp%2Fv2%2Fmedia&parent=36493"}],"wp:term":[{"taxonomy":"category","embeddable":true,"href":"https:\/\/bergers-schlagerparadies.de\/index.php?rest_route=%2Fwp%2Fv2%2Fcategories&post=36493"},{"taxonomy":"post_tag","embeddable":true,"href":"https:\/\/bergers-schlagerparadies.de\/index.php?rest_route=%2Fwp%2Fv2%2Ftags&post=36493"}],"curies":[{"name":"wp","href":"https:\/\/api.w.org\/{rel}","templated":true}]}}