{"id":3649,"date":"2021-04-10T15:27:27","date_gmt":"2021-04-10T13:27:27","guid":{"rendered":"http:\/\/bergers-schlagerparadies.de\/?p=3649"},"modified":"2021-04-10T15:27:27","modified_gmt":"2021-04-10T13:27:27","slug":"sebastian-gomez-fiesta-con-te-bergers-schlagerparadies","status":"publish","type":"post","link":"https:\/\/bergers-schlagerparadies.de\/?p=3649","title":{"rendered":"Sebastian G\u00f3mez &#8211; Fiesta con te | Berger\u00b4s Schlagerparadies"},"content":{"rendered":"<p><img loading=\"lazy\" decoding=\"async\" class=\"size-medium wp-image-3651 alignleft\" src=\"https:\/\/bergers-schlagerparadies.de\/wp-content\/uploads\/2021\/04\/Sebastian-Gomez-Fiesta-con-te-300x300.jpg\" alt=\"\" width=\"300\" height=\"300\" srcset=\"https:\/\/bergers-schlagerparadies.de\/wp-content\/uploads\/2021\/04\/Sebastian-Gomez-Fiesta-con-te-300x300.jpg 300w, https:\/\/bergers-schlagerparadies.de\/wp-content\/uploads\/2021\/04\/Sebastian-Gomez-Fiesta-con-te-150x150.jpg 150w, https:\/\/bergers-schlagerparadies.de\/wp-content\/uploads\/2021\/04\/Sebastian-Gomez-Fiesta-con-te-100x100.jpg 100w, https:\/\/bergers-schlagerparadies.de\/wp-content\/uploads\/2021\/04\/Sebastian-Gomez-Fiesta-con-te.jpg 580w\" sizes=\"auto, (max-width: 300px) 100vw, 300px\" \/>&#8222;Fiesta Con Te\u201c, \u201eKomm tanz mit mir\u201c, \u201eBarfu\u00df im Sand\u201c \u2013 Sebastian G\u00f3mez hat den richtigen Soundtrack f\u00fcr den Latino Schlagersommer 2021 mit seinem neuen Titel \u201eFiesta Con Te\u201c!<\/p>\n<p>\u201eIm Namen der Liebe\u201c, das ist das Programm f\u00fcr laue Sommern\u00e4chte zu Zweit oder auch zum gemeinsamen Abfeiern.<\/p>\n<p>Durchtanzte N\u00e4chte, romantische Momente und ganz viel Amor mit \u201eFiesta Con Te\u201c. Sebastian G\u00f3mez feiert mit dir in den Sommer.<\/p>\n<div><strong>Dieser Song ist ab dem\u00a016.04.2021\u00a0in allen bekannten Onlineshops erh\u00e4ltlich!<\/strong><\/div>\n<div><\/div>\n<div><\/div>\n<div><\/div>\n<div><\/div>\n<div><\/div>\n<p><iframe style=\"width: 120px; height: 240px;\" src=\"\/\/ws-eu.amazon-adsystem.com\/widgets\/q?ServiceVersion=20070822&amp;OneJS=1&amp;Operation=GetAdHtml&amp;MarketPlace=DE&amp;source=ss&amp;ref=as_ss_li_til&amp;ad_type=product_link&amp;tracking_id=bergers-21&amp;language=de_DE&amp;marketplace=amazon&amp;region=DE&amp;placement=B091B8TR9H&amp;asins=B091B8TR9H&amp;linkId=a294444b8ef8d839f13142d5067371a2&amp;show_border=true&amp;link_opens_in_new_window=true\" frameborder=\"0\" marginwidth=\"0\" marginheight=\"0\" scrolling=\"no\"><\/iframe><\/p>\n","protected":false},"excerpt":{"rendered":"<p>&#8222;Fiesta Con Te\u201c, \u201eKomm tanz mit mir\u201c, \u201eBarfu\u00df im Sand\u201c \u2013 Sebastian G\u00f3mez hat den richtigen Soundtrack f\u00fcr den Latino Schlagersommer 2021 mit seinem neuen Titel \u201eFiesta Con Te\u201c! \u201eIm Namen der Liebe\u201c, das ist das Programm f\u00fcr laue Sommern\u00e4chte zu Zweit oder auch zum gemeinsamen Abfeiern. Durchtanzte N\u00e4chte, romantische Momente und ganz viel Amor mit \u201eFiesta Con Te\u201c. Sebastian G\u00f3mez feiert mit dir in den Sommer. Dieser Song ist ab dem\u00a016.04.2021\u00a0in allen bekannten Onlineshops erh\u00e4ltlich!<\/p>\n","protected":false},"author":1,"featured_media":3651,"comment_status":"open","ping_status":"open","sticky":false,"template":"","format":"standard","meta":{"footnotes":""},"categories":[2],"tags":[302],"class_list":["post-3649","post","type-post","status-publish","format-standard","has-post-thumbnail","hentry","category-schlager","tag-sebastian-gomez","wpcat-2-id"],"_links":{"self":[{"href":"https:\/\/bergers-schlagerparadies.de\/index.php?rest_route=\/wp\/v2\/posts\/3649","targetHints":{"allow":["GET"]}}],"collection":[{"href":"https:\/\/bergers-schlagerparadies.de\/index.php?rest_route=\/wp\/v2\/posts"}],"about":[{"href":"https:\/\/bergers-schlagerparadies.de\/index.php?rest_route=\/wp\/v2\/types\/post"}],"author":[{"embeddable":true,"href":"https:\/\/bergers-schlagerparadies.de\/index.php?rest_route=\/wp\/v2\/users\/1"}],"replies":[{"embeddable":true,"href":"https:\/\/bergers-schlagerparadies.de\/index.php?rest_route=%2Fwp%2Fv2%2Fcomments&post=3649"}],"version-history":[{"count":1,"href":"https:\/\/bergers-schlagerparadies.de\/index.php?rest_route=\/wp\/v2\/posts\/3649\/revisions"}],"predecessor-version":[{"id":3652,"href":"https:\/\/bergers-schlagerparadies.de\/index.php?rest_route=\/wp\/v2\/posts\/3649\/revisions\/3652"}],"wp:featuredmedia":[{"embeddable":true,"href":"https:\/\/bergers-schlagerparadies.de\/index.php?rest_route=\/wp\/v2\/media\/3651"}],"wp:attachment":[{"href":"https:\/\/bergers-schlagerparadies.de\/index.php?rest_route=%2Fwp%2Fv2%2Fmedia&parent=3649"}],"wp:term":[{"taxonomy":"category","embeddable":true,"href":"https:\/\/bergers-schlagerparadies.de\/index.php?rest_route=%2Fwp%2Fv2%2Fcategories&post=3649"},{"taxonomy":"post_tag","embeddable":true,"href":"https:\/\/bergers-schlagerparadies.de\/index.php?rest_route=%2Fwp%2Fv2%2Ftags&post=3649"}],"curies":[{"name":"wp","href":"https:\/\/api.w.org\/{rel}","templated":true}]}}