{"id":36484,"date":"2025-07-02T21:07:34","date_gmt":"2025-07-02T19:07:34","guid":{"rendered":"https:\/\/bergers-schlagerparadies.de\/?p=36484"},"modified":"2025-07-02T21:07:34","modified_gmt":"2025-07-02T19:07:34","slug":"olaf-berger-mamacita-%c2%b7-bergers-schlagerparadies","status":"publish","type":"post","link":"https:\/\/bergers-schlagerparadies.de\/?p=36484","title":{"rendered":"Olaf Berger &#8211; Mamacita \u00b7 Berger\u00b4s Schlagerparadies"},"content":{"rendered":"<p><img loading=\"lazy\" decoding=\"async\" class=\"size-medium wp-image-36485 alignleft\" src=\"https:\/\/bergers-schlagerparadies.de\/wp-content\/uploads\/2025\/07\/Olaf-Berger-Mamacita-300x300.jpeg\" alt=\"\" width=\"300\" height=\"300\" srcset=\"https:\/\/bergers-schlagerparadies.de\/wp-content\/uploads\/2025\/07\/Olaf-Berger-Mamacita-300x300.jpeg 300w, https:\/\/bergers-schlagerparadies.de\/wp-content\/uploads\/2025\/07\/Olaf-Berger-Mamacita-1024x1024.jpeg 1024w, https:\/\/bergers-schlagerparadies.de\/wp-content\/uploads\/2025\/07\/Olaf-Berger-Mamacita-150x150.jpeg 150w, https:\/\/bergers-schlagerparadies.de\/wp-content\/uploads\/2025\/07\/Olaf-Berger-Mamacita-768x768.jpeg 768w, https:\/\/bergers-schlagerparadies.de\/wp-content\/uploads\/2025\/07\/Olaf-Berger-Mamacita-1536x1536.jpeg 1536w, https:\/\/bergers-schlagerparadies.de\/wp-content\/uploads\/2025\/07\/Olaf-Berger-Mamacita-2048x2048.jpeg 2048w, https:\/\/bergers-schlagerparadies.de\/wp-content\/uploads\/2025\/07\/Olaf-Berger-Mamacita-1200x1200.jpeg 1200w, https:\/\/bergers-schlagerparadies.de\/wp-content\/uploads\/2025\/07\/Olaf-Berger-Mamacita-1188x1188.jpeg 1188w, https:\/\/bergers-schlagerparadies.de\/wp-content\/uploads\/2025\/07\/Olaf-Berger-Mamacita-100x100.jpeg 100w\" sizes=\"auto, (max-width: 300px) 100vw, 300px\" \/>Olaf Berger pr\u00e4sentiert seine neue Single \u201eMamacita\u201c \u2013 Ein musikalischer Kurzurlaub mit spanischem Flair<\/p>\n<p>Mit seiner brandneuen Single \u201eMamacita\u201c \u00fcberrascht Olaf Berger erneut sein Publikum und sorgt f\u00fcr sommerliche Stimmung. Es geht auf eine klangvolle Reise in den sonnigen S\u00fcden \u2013 begleitet von temperamentvollen Gitarrenkl\u00e4ngen und beschwingten Rhythmen im spanischen Stil.<br \/>\n\u201eMamacita\u201c vereint Olaf Bergers unverwechselbaren Sound mit einem Hauch mediterraner Lebensfreude. Die pulsierende Melodie und das lebendige Arrangement laden sofort zum Tanzen, Tr\u00e4umen und Mitsingen ein. Es entsteht ein musikalisches Urlaubsgef\u00fchl, das die W\u00e4rme und Leidenschaft Spaniens sp\u00fcrbar macht. \u201eMamacita\u201c ist mehr als nur ein Song: Es ist ein Feel-Good-Track, der das Urlaubsfeeling direkt in die Playlist bringt \u2013 der ideale Soundtrack f\u00fcr laue Sommerabende.<\/p>\n<p>Jetzt reinh\u00f6ren und den Sommer mit \u201eMamacita\u201c von Olaf Berger feiern!<\/p>\n<p><span style=\"color: #800000;\"><strong>Quelle: Bergerstark<\/strong><\/span><\/p>\n<p><span style=\"color: #800000;\"><strong>Dieser Song ist ab dem 11.07.2025 auf allen Download- und Streaming-Portalen erh\u00e4ltlich.\u00a0<\/strong><\/span><\/p>\n<p><span style=\"color: #800000;\"><strong>Airdate (f\u00fcr Radiosender): 04.07.2025<\/strong><\/span><\/p>\n","protected":false},"excerpt":{"rendered":"<p>Olaf Berger pr\u00e4sentiert seine neue Single \u201eMamacita\u201c \u2013 Ein musikalischer Kurzurlaub mit spanischem Flair Mit seiner brandneuen Single \u201eMamacita\u201c \u00fcberrascht Olaf Berger erneut sein Publikum und sorgt f\u00fcr sommerliche Stimmung. Es geht auf eine klangvolle Reise in den sonnigen S\u00fcden \u2013 begleitet von temperamentvollen Gitarrenkl\u00e4ngen und beschwingten Rhythmen im spanischen Stil. \u201eMamacita\u201c vereint Olaf Bergers unverwechselbaren Sound mit einem Hauch mediterraner Lebensfreude. Die pulsierende Melodie und das lebendige Arrangement laden sofort zum Tanzen, Tr\u00e4umen und Mitsingen ein. Es entsteht ein musikalisches Urlaubsgef\u00fchl, das die W\u00e4rme und Leidenschaft Spaniens sp\u00fcrbar macht. \u201eMamacita\u201c ist mehr als nur ein Song: Es ist ein Feel-Good-Track, der das Urlaubsfeeling direkt&#8230;<\/p>\n","protected":false},"author":1,"featured_media":36485,"comment_status":"open","ping_status":"open","sticky":false,"template":"","format":"standard","meta":{"footnotes":""},"categories":[3231,3765,2],"tags":[1332],"class_list":["post-36484","post","type-post","status-publish","format-standard","has-post-thumbnail","hentry","category-bergers-schlagerparadies","category-bergerstark","category-schlager","tag-olaf-berger","wpcat-3231-id","wpcat-3765-id","wpcat-2-id"],"_links":{"self":[{"href":"https:\/\/bergers-schlagerparadies.de\/index.php?rest_route=\/wp\/v2\/posts\/36484","targetHints":{"allow":["GET"]}}],"collection":[{"href":"https:\/\/bergers-schlagerparadies.de\/index.php?rest_route=\/wp\/v2\/posts"}],"about":[{"href":"https:\/\/bergers-schlagerparadies.de\/index.php?rest_route=\/wp\/v2\/types\/post"}],"author":[{"embeddable":true,"href":"https:\/\/bergers-schlagerparadies.de\/index.php?rest_route=\/wp\/v2\/users\/1"}],"replies":[{"embeddable":true,"href":"https:\/\/bergers-schlagerparadies.de\/index.php?rest_route=%2Fwp%2Fv2%2Fcomments&post=36484"}],"version-history":[{"count":1,"href":"https:\/\/bergers-schlagerparadies.de\/index.php?rest_route=\/wp\/v2\/posts\/36484\/revisions"}],"predecessor-version":[{"id":36486,"href":"https:\/\/bergers-schlagerparadies.de\/index.php?rest_route=\/wp\/v2\/posts\/36484\/revisions\/36486"}],"wp:featuredmedia":[{"embeddable":true,"href":"https:\/\/bergers-schlagerparadies.de\/index.php?rest_route=\/wp\/v2\/media\/36485"}],"wp:attachment":[{"href":"https:\/\/bergers-schlagerparadies.de\/index.php?rest_route=%2Fwp%2Fv2%2Fmedia&parent=36484"}],"wp:term":[{"taxonomy":"category","embeddable":true,"href":"https:\/\/bergers-schlagerparadies.de\/index.php?rest_route=%2Fwp%2Fv2%2Fcategories&post=36484"},{"taxonomy":"post_tag","embeddable":true,"href":"https:\/\/bergers-schlagerparadies.de\/index.php?rest_route=%2Fwp%2Fv2%2Ftags&post=36484"}],"curies":[{"name":"wp","href":"https:\/\/api.w.org\/{rel}","templated":true}]}}