{"id":36281,"date":"2025-07-07T10:30:50","date_gmt":"2025-07-07T08:30:50","guid":{"rendered":"https:\/\/bergers-schlagerparadies.de\/?p=36281"},"modified":"2025-06-23T08:38:32","modified_gmt":"2025-06-23T06:38:32","slug":"ki-sunshine-band-schoene-toechter-%c2%b7-bergers-schlagerparadies","status":"publish","type":"post","link":"https:\/\/bergers-schlagerparadies.de\/?p=36281","title":{"rendered":"KI Sunshine Band &#8211; Sch\u00f6ne T\u00f6chter \u00b7 Berger\u00b4s Schlagerparadies"},"content":{"rendered":"<p><img loading=\"lazy\" decoding=\"async\" class=\"size-medium wp-image-36282 alignleft\" src=\"https:\/\/bergers-schlagerparadies.de\/wp-content\/uploads\/2025\/06\/KI-Sunshine-Band-Schoene-Toechter-300x300.jpeg\" alt=\"\" width=\"300\" height=\"300\" srcset=\"https:\/\/bergers-schlagerparadies.de\/wp-content\/uploads\/2025\/06\/KI-Sunshine-Band-Schoene-Toechter-300x300.jpeg 300w, https:\/\/bergers-schlagerparadies.de\/wp-content\/uploads\/2025\/06\/KI-Sunshine-Band-Schoene-Toechter-1024x1024.jpeg 1024w, https:\/\/bergers-schlagerparadies.de\/wp-content\/uploads\/2025\/06\/KI-Sunshine-Band-Schoene-Toechter-150x150.jpeg 150w, https:\/\/bergers-schlagerparadies.de\/wp-content\/uploads\/2025\/06\/KI-Sunshine-Band-Schoene-Toechter-768x768.jpeg 768w, https:\/\/bergers-schlagerparadies.de\/wp-content\/uploads\/2025\/06\/KI-Sunshine-Band-Schoene-Toechter-1536x1536.jpeg 1536w, https:\/\/bergers-schlagerparadies.de\/wp-content\/uploads\/2025\/06\/KI-Sunshine-Band-Schoene-Toechter-2048x2048.jpeg 2048w, https:\/\/bergers-schlagerparadies.de\/wp-content\/uploads\/2025\/06\/KI-Sunshine-Band-Schoene-Toechter-1200x1200.jpeg 1200w, https:\/\/bergers-schlagerparadies.de\/wp-content\/uploads\/2025\/06\/KI-Sunshine-Band-Schoene-Toechter-1188x1188.jpeg 1188w, https:\/\/bergers-schlagerparadies.de\/wp-content\/uploads\/2025\/06\/KI-Sunshine-Band-Schoene-Toechter-100x100.jpeg 100w\" sizes=\"auto, (max-width: 300px) 100vw, 300px\" \/>Die KI Sunshine Band erz\u00e4hlt in ihrer neuen Single \u201eSch\u00f6ne T\u00f6chter\u201c die Geschichte einer unerwiderten Sehnsucht, die sich nicht absch\u00fctteln l\u00e4sst \u2013 selbst nicht durch gut gemeinte Ratschl\u00e4ge wie: \u201eAndere M\u00fctter haben auch sch\u00f6ne T\u00f6chter\u201c.<br \/>\nDer Song erscheint in zwei Versionen: Neben der kraftvollen Rock-Version pr\u00e4sentiert sich der Track auch als radiotaugliche Disco-Version \u2013 mit leichterem Groove, aber gleichem emotionalen Tiefgang.<br \/>\nStilistisch bewegt sich das Projekt zwischen Deutschrock, Pop und 80er-inspirierter Melancholie \u2013 getragen von einer k\u00fcnstlichen Stimme, die echter kaum klingen k\u00f6nnte.<br \/>\nNach mehreren Platzierungen in den Amazon- und iTunes-Charts sowie \u00fcber 300.000 TikTok-Views startet die KI Sunshine Band nun auch in den Radios \u2013 mit einem Titel, der emotional zug\u00e4nglich, tanzbar und zugleich \u00fcberraschend zeitlos ist.<\/p>\n<p><span style=\"color: #800000;\"><strong>Quelle: Noisebureau<\/strong><\/span><\/p>\n<p><span style=\"color: #800000;\"><strong>Dieser Song ist ab dem 11.07.2025 auf allen Download- und Streaming-Portalen erh\u00e4ltlich.\u00a0<\/strong><\/span><\/p>\n<p><span style=\"color: #800000;\"><strong>Airdate (f\u00fcr Radiosender): 20.06.2025<\/strong><\/span><\/p>\n<p>&nbsp;<\/p>\n","protected":false},"excerpt":{"rendered":"<p>Die KI Sunshine Band erz\u00e4hlt in ihrer neuen Single \u201eSch\u00f6ne T\u00f6chter\u201c die Geschichte einer unerwiderten Sehnsucht, die sich nicht absch\u00fctteln l\u00e4sst \u2013 selbst nicht durch gut gemeinte Ratschl\u00e4ge wie: \u201eAndere M\u00fctter haben auch sch\u00f6ne T\u00f6chter\u201c. Der Song erscheint in zwei Versionen: Neben der kraftvollen Rock-Version pr\u00e4sentiert sich der Track auch als radiotaugliche Disco-Version \u2013 mit leichterem Groove, aber gleichem emotionalen Tiefgang. Stilistisch bewegt sich das Projekt zwischen Deutschrock, Pop und 80er-inspirierter Melancholie \u2013 getragen von einer k\u00fcnstlichen Stimme, die echter kaum klingen k\u00f6nnte. Nach mehreren Platzierungen in den Amazon- und iTunes-Charts sowie \u00fcber 300.000 TikTok-Views startet die KI Sunshine Band nun auch in den Radios&#8230;<\/p>\n","protected":false},"author":1,"featured_media":36282,"comment_status":"open","ping_status":"open","sticky":false,"template":"","format":"standard","meta":{"footnotes":""},"categories":[3231,3316,3264,3423,4078],"tags":[4077],"class_list":["post-36281","post","type-post","status-publish","format-standard","has-post-thumbnail","hentry","category-bergers-schlagerparadies","category-deutsch-rock-pop","category-deutsch-pop","category-disco","category-noisebureau","tag-ki-sunshine-band","wpcat-3231-id","wpcat-3316-id","wpcat-3264-id","wpcat-3423-id","wpcat-4078-id"],"_links":{"self":[{"href":"https:\/\/bergers-schlagerparadies.de\/index.php?rest_route=\/wp\/v2\/posts\/36281","targetHints":{"allow":["GET"]}}],"collection":[{"href":"https:\/\/bergers-schlagerparadies.de\/index.php?rest_route=\/wp\/v2\/posts"}],"about":[{"href":"https:\/\/bergers-schlagerparadies.de\/index.php?rest_route=\/wp\/v2\/types\/post"}],"author":[{"embeddable":true,"href":"https:\/\/bergers-schlagerparadies.de\/index.php?rest_route=\/wp\/v2\/users\/1"}],"replies":[{"embeddable":true,"href":"https:\/\/bergers-schlagerparadies.de\/index.php?rest_route=%2Fwp%2Fv2%2Fcomments&post=36281"}],"version-history":[{"count":1,"href":"https:\/\/bergers-schlagerparadies.de\/index.php?rest_route=\/wp\/v2\/posts\/36281\/revisions"}],"predecessor-version":[{"id":36284,"href":"https:\/\/bergers-schlagerparadies.de\/index.php?rest_route=\/wp\/v2\/posts\/36281\/revisions\/36284"}],"wp:featuredmedia":[{"embeddable":true,"href":"https:\/\/bergers-schlagerparadies.de\/index.php?rest_route=\/wp\/v2\/media\/36282"}],"wp:attachment":[{"href":"https:\/\/bergers-schlagerparadies.de\/index.php?rest_route=%2Fwp%2Fv2%2Fmedia&parent=36281"}],"wp:term":[{"taxonomy":"category","embeddable":true,"href":"https:\/\/bergers-schlagerparadies.de\/index.php?rest_route=%2Fwp%2Fv2%2Fcategories&post=36281"},{"taxonomy":"post_tag","embeddable":true,"href":"https:\/\/bergers-schlagerparadies.de\/index.php?rest_route=%2Fwp%2Fv2%2Ftags&post=36281"}],"curies":[{"name":"wp","href":"https:\/\/api.w.org\/{rel}","templated":true}]}}