{"id":3628,"date":"2021-04-10T10:46:01","date_gmt":"2021-04-10T08:46:01","guid":{"rendered":"http:\/\/bergers-schlagerparadies.de\/?p=3628"},"modified":"2021-04-10T10:46:01","modified_gmt":"2021-04-10T08:46:01","slug":"jean-claude-wenn-du-mich-beruehrst-bergers-schlagerparadies","status":"publish","type":"post","link":"https:\/\/bergers-schlagerparadies.de\/?p=3628","title":{"rendered":"Jean-Claude &#8211; Wenn du mich ber\u00fchrst | Berger\u00b4s Schlagerparadies"},"content":{"rendered":"<p><img loading=\"lazy\" decoding=\"async\" class=\"size-medium wp-image-3630 alignleft\" src=\"https:\/\/bergers-schlagerparadies.de\/wp-content\/uploads\/2021\/04\/Jean-Claude-Wenn-du-mich-beruehrst-300x300.jpg\" alt=\"\" width=\"300\" height=\"300\" srcset=\"https:\/\/bergers-schlagerparadies.de\/wp-content\/uploads\/2021\/04\/Jean-Claude-Wenn-du-mich-beruehrst-300x300.jpg 300w, https:\/\/bergers-schlagerparadies.de\/wp-content\/uploads\/2021\/04\/Jean-Claude-Wenn-du-mich-beruehrst-150x150.jpg 150w, https:\/\/bergers-schlagerparadies.de\/wp-content\/uploads\/2021\/04\/Jean-Claude-Wenn-du-mich-beruehrst-100x100.jpg 100w, https:\/\/bergers-schlagerparadies.de\/wp-content\/uploads\/2021\/04\/Jean-Claude-Wenn-du-mich-beruehrst.jpg 580w\" sizes=\"auto, (max-width: 300px) 100vw, 300px\" \/>Der in Trier geborene Jean-Claude durchlebte 2019 ein sehr schwieriges Jahr, das ihn auch emotional an einen Tiefpunkt brachte.<\/p>\n<p>Gest\u00e4rkt und ermutigt durch eine neue Liebe, die ihm half, diese Zeit zu \u00fcberwinden, geht Jean-Claude, der aus Spa\u00df an der Freude nur auf privaten Veranstaltungen auftrat, nun neue Wege.<\/p>\n<p>Mit dem Cover-Titel \u201eWenn du mich ber\u00fchrst\u201c, der ihn seit seiner neuen Beziehung sehr inspiriert hat, tritt der im Kreis Aachen sesshafte Jean-Claude nun in die \u00d6ffentlichkeit.<\/p>\n<p>Mit dem Produzenten Antonio Gomez, der den Titel eingespielt, arrangiert und neu abgemischt hat, fand Jean-Claude eine gro\u00dfe Starthilfe f\u00fcr sein neues Vorhaben.<\/p>\n<div><strong>Dieser Song ist ab dem\u00a016.04.2021\u00a0in allen bekannten Onlineshops erh\u00e4ltlich!<\/strong><\/div>\n<div><\/div>\n<div><\/div>\n<p><iframe style=\"width: 120px; height: 240px;\" src=\"\/\/ws-eu.amazon-adsystem.com\/widgets\/q?ServiceVersion=20070822&amp;OneJS=1&amp;Operation=GetAdHtml&amp;MarketPlace=DE&amp;source=ss&amp;ref=as_ss_li_til&amp;ad_type=product_link&amp;tracking_id=bergers-21&amp;language=de_DE&amp;marketplace=amazon&amp;region=DE&amp;placement=B091B7ZZB5&amp;asins=B091B7ZZB5&amp;linkId=08593ce14b97991143fb2d4e982ce3b7&amp;show_border=true&amp;link_opens_in_new_window=true\" frameborder=\"0\" marginwidth=\"0\" marginheight=\"0\" scrolling=\"no\"><\/iframe><\/p>\n","protected":false},"excerpt":{"rendered":"<p>Der in Trier geborene Jean-Claude durchlebte 2019 ein sehr schwieriges Jahr, das ihn auch emotional an einen Tiefpunkt brachte. Gest\u00e4rkt und ermutigt durch eine neue Liebe, die ihm half, diese Zeit zu \u00fcberwinden, geht Jean-Claude, der aus Spa\u00df an der Freude nur auf privaten Veranstaltungen auftrat, nun neue Wege. Mit dem Cover-Titel \u201eWenn du mich ber\u00fchrst\u201c, der ihn seit seiner neuen Beziehung sehr inspiriert hat, tritt der im Kreis Aachen sesshafte Jean-Claude nun in die \u00d6ffentlichkeit. Mit dem Produzenten Antonio Gomez, der den Titel eingespielt, arrangiert und neu abgemischt hat, fand Jean-Claude eine gro\u00dfe Starthilfe f\u00fcr sein neues Vorhaben. Dieser Song ist ab dem\u00a016.04.2021\u00a0in allen&#8230;<\/p>\n","protected":false},"author":1,"featured_media":3630,"comment_status":"open","ping_status":"open","sticky":false,"template":"","format":"standard","meta":{"footnotes":""},"categories":[2],"tags":[493],"class_list":["post-3628","post","type-post","status-publish","format-standard","has-post-thumbnail","hentry","category-schlager","tag-jean-claude","wpcat-2-id"],"_links":{"self":[{"href":"https:\/\/bergers-schlagerparadies.de\/index.php?rest_route=\/wp\/v2\/posts\/3628","targetHints":{"allow":["GET"]}}],"collection":[{"href":"https:\/\/bergers-schlagerparadies.de\/index.php?rest_route=\/wp\/v2\/posts"}],"about":[{"href":"https:\/\/bergers-schlagerparadies.de\/index.php?rest_route=\/wp\/v2\/types\/post"}],"author":[{"embeddable":true,"href":"https:\/\/bergers-schlagerparadies.de\/index.php?rest_route=\/wp\/v2\/users\/1"}],"replies":[{"embeddable":true,"href":"https:\/\/bergers-schlagerparadies.de\/index.php?rest_route=%2Fwp%2Fv2%2Fcomments&post=3628"}],"version-history":[{"count":1,"href":"https:\/\/bergers-schlagerparadies.de\/index.php?rest_route=\/wp\/v2\/posts\/3628\/revisions"}],"predecessor-version":[{"id":3631,"href":"https:\/\/bergers-schlagerparadies.de\/index.php?rest_route=\/wp\/v2\/posts\/3628\/revisions\/3631"}],"wp:featuredmedia":[{"embeddable":true,"href":"https:\/\/bergers-schlagerparadies.de\/index.php?rest_route=\/wp\/v2\/media\/3630"}],"wp:attachment":[{"href":"https:\/\/bergers-schlagerparadies.de\/index.php?rest_route=%2Fwp%2Fv2%2Fmedia&parent=3628"}],"wp:term":[{"taxonomy":"category","embeddable":true,"href":"https:\/\/bergers-schlagerparadies.de\/index.php?rest_route=%2Fwp%2Fv2%2Fcategories&post=3628"},{"taxonomy":"post_tag","embeddable":true,"href":"https:\/\/bergers-schlagerparadies.de\/index.php?rest_route=%2Fwp%2Fv2%2Ftags&post=3628"}],"curies":[{"name":"wp","href":"https:\/\/api.w.org\/{rel}","templated":true}]}}