{"id":36232,"date":"2025-06-20T12:51:34","date_gmt":"2025-06-20T10:51:34","guid":{"rendered":"https:\/\/bergers-schlagerparadies.de\/?p=36232"},"modified":"2025-06-20T12:51:34","modified_gmt":"2025-06-20T10:51:34","slug":"stefanie-hertel-und-weils-so-schoen-war-noch-einmal-%c2%b7-bergers-schlagerparadies","status":"publish","type":"post","link":"https:\/\/bergers-schlagerparadies.de\/?p=36232","title":{"rendered":"Stefanie Hertel &#8211; Und weil\u2019s so sch\u00f6n war noch einmal \u00b7 Berger\u00b4s Schlagerparadies"},"content":{"rendered":"<p><img loading=\"lazy\" decoding=\"async\" class=\"size-medium wp-image-36233 alignleft\" src=\"https:\/\/bergers-schlagerparadies.de\/wp-content\/uploads\/2025\/06\/Stefanie-Hertel-Und-weils-so-schoen-war-noch-einmal-300x300.jpeg\" alt=\"\" width=\"300\" height=\"300\" srcset=\"https:\/\/bergers-schlagerparadies.de\/wp-content\/uploads\/2025\/06\/Stefanie-Hertel-Und-weils-so-schoen-war-noch-einmal-300x300.jpeg 300w, https:\/\/bergers-schlagerparadies.de\/wp-content\/uploads\/2025\/06\/Stefanie-Hertel-Und-weils-so-schoen-war-noch-einmal-1024x1024.jpeg 1024w, https:\/\/bergers-schlagerparadies.de\/wp-content\/uploads\/2025\/06\/Stefanie-Hertel-Und-weils-so-schoen-war-noch-einmal-150x150.jpeg 150w, https:\/\/bergers-schlagerparadies.de\/wp-content\/uploads\/2025\/06\/Stefanie-Hertel-Und-weils-so-schoen-war-noch-einmal-768x768.jpeg 768w, https:\/\/bergers-schlagerparadies.de\/wp-content\/uploads\/2025\/06\/Stefanie-Hertel-Und-weils-so-schoen-war-noch-einmal-1536x1536.jpeg 1536w, https:\/\/bergers-schlagerparadies.de\/wp-content\/uploads\/2025\/06\/Stefanie-Hertel-Und-weils-so-schoen-war-noch-einmal-2048x2048.jpeg 2048w, https:\/\/bergers-schlagerparadies.de\/wp-content\/uploads\/2025\/06\/Stefanie-Hertel-Und-weils-so-schoen-war-noch-einmal-1200x1200.jpeg 1200w, https:\/\/bergers-schlagerparadies.de\/wp-content\/uploads\/2025\/06\/Stefanie-Hertel-Und-weils-so-schoen-war-noch-einmal-1188x1188.jpeg 1188w, https:\/\/bergers-schlagerparadies.de\/wp-content\/uploads\/2025\/06\/Stefanie-Hertel-Und-weils-so-schoen-war-noch-einmal-100x100.jpeg 100w\" sizes=\"auto, (max-width: 300px) 100vw, 300px\" \/>Zum 40-j\u00e4hrigen TV-Jubil\u00e4um h\u00e4lt Stefanie Hertel eine ganz pers\u00f6nliche \u00dcberraschung bereit: Mit ihrer neuen Single legt die vielseitige S\u00e4ngerin und Moderatorin einen ihrer beliebtesten, zeitlosen Klassiker in neuem Gewand auf \u2013 kraftvoll, modern und mitrei\u00dfend arrangiert. Mit \u201eUnd weil\u2019s so sch\u00f6n war noch einmal\u201c (Bernd Meinunger \/ Jean Frankfurter) k\u00f6nnte die Titelauswahl nicht passender sein. Diese Neuauflage ist eine nostalgische Hommage an ihre Anf\u00e4nge &#8211; und zugleich, als Auftakt f\u00fcr eine emotionale Zeitreise durch vier Jahrzehnte ihrer erlebnisreichen TV- und B\u00fchnenkarriere, Ausdruck ihres Lebensgef\u00fchls voller Dankbarkeit und Vorfreude auf alles, was noch kommt.<\/p>\n<p>\u201eUnd weil\u2019s so sch\u00f6n war noch einmal\u201c pr\u00e4sentiert sich, von Petra Bonmassar und Simon Allert mit frischen Beats in den modernen Schlagersound \u00fcbersetzt, tanzbar und energiegeladen! Dieser Ohrwurm verspr\u00fcht Lebenslust und Optimismus pur.<br \/>\nBereits als Kind bezauberte Stefanie Hertel auf den gro\u00dfen B\u00fchnen, zun\u00e4chst an der Seite ihres Vaters. Mit ihrem Sieg beim Grand Prix der Volksmusik 1992 feierte die Volksmusikszene die damals 13-J\u00e4hrige \u00fcber Nacht als Shootingstar. Mit der \u201eKrone der Volksmusik\u201c wurde der Publikumsliebling im Laufe ihrer beeindruckenden Karriere 5 mal geehrt, die \u201eGoldene Stimmgabel\u201c erhielt sie 3 mal, ebenso wie die \u201eGoldene Henne\u201c, mit der sie ebenfalls 3-fach ausgezeichnet wurde. 22 Studio-Alben hat Stefanie Hertel im Laufe ihrer musikalischen Karriere bereits erfolgreich ver\u00f6ffentlicht. Auf Live- B\u00fchnen wie auch als beliebter TV-Gast begeistert die geb\u00fcrtige Vogtl\u00e4nderin seit \u00fcber 40 Jahren durch ihre Vielseitigkeit, mit Herz und Bodenst\u00e4ndigkeit. Als Moderatorin f\u00fchrt sie zudem durch beliebte TV-Formate und gro\u00dfe Musik-Shows. Zur Feier ihres 40-j\u00e4hriges Fernsehjubil\u00e4ums hatte Stefanie Hertel an Pfingsten zum gro\u00dfen Jubil\u00e4ums Open Air in der Vogtland Arena eingeladen, auch eine Ausstellung in ihrer Heimatstadt Oelsnitz (Vogtland) w\u00fcrdigt diesen beeindruckenden Lebensweg mit einer von Stefanie Hertel pers\u00f6nlich getroffenen Auswahl ihrer liebsten, privaten Erinnerungsst\u00fccke noch bis Mitte August.<\/p>\n<p>Mit der Neuauflage von \u201eUnd weil\u2019s so sch\u00f6n war noch einmal\u201c, welche beim Label VIA Music ver\u00f6ffentlicht wird, liefert Stefanie Hertel nun den Soundtrack f\u00fcr ihren Jubil\u00e4umssommer und setzt dem Jubeljahr au\u00dferdem schon bald mit einem Solo-Album musikalisch die Krone auf.<\/p>\n<p><span style=\"color: #800000;\"><strong>Quelle: VIA Music<\/strong><\/span><\/p>\n<p><span style=\"color: #800000;\"><strong>Dieser Song ist ab dem 20.06.2025 auf allen Download- und Streaming-Portalen erh\u00e4ltlich.\u00a0<\/strong><\/span><\/p>\n<p><span style=\"color: #800000;\"><strong>Airdate (f\u00fcr Radiosender): 20.06.2025<\/strong><\/span><\/p>\n","protected":false},"excerpt":{"rendered":"<p>Zum 40-j\u00e4hrigen TV-Jubil\u00e4um h\u00e4lt Stefanie Hertel eine ganz pers\u00f6nliche \u00dcberraschung bereit: Mit ihrer neuen Single legt die vielseitige S\u00e4ngerin und Moderatorin einen ihrer beliebtesten, zeitlosen Klassiker in neuem Gewand auf \u2013 kraftvoll, modern und mitrei\u00dfend arrangiert. Mit \u201eUnd weil\u2019s so sch\u00f6n war noch einmal\u201c (Bernd Meinunger \/ Jean Frankfurter) k\u00f6nnte die Titelauswahl nicht passender sein. Diese Neuauflage ist eine nostalgische Hommage an ihre Anf\u00e4nge &#8211; und zugleich, als Auftakt f\u00fcr eine emotionale Zeitreise durch vier Jahrzehnte ihrer erlebnisreichen TV- und B\u00fchnenkarriere, Ausdruck ihres Lebensgef\u00fchls voller Dankbarkeit und Vorfreude auf alles, was noch kommt. \u201eUnd weil\u2019s so sch\u00f6n war noch einmal\u201c pr\u00e4sentiert sich, von Petra Bonmassar&#8230;<\/p>\n","protected":false},"author":1,"featured_media":36233,"comment_status":"open","ping_status":"open","sticky":false,"template":"","format":"standard","meta":{"footnotes":""},"categories":[3231,2,3253],"tags":[670],"class_list":["post-36232","post","type-post","status-publish","format-standard","has-post-thumbnail","hentry","category-bergers-schlagerparadies","category-schlager","category-via-music","tag-stefanie-hertel","wpcat-3231-id","wpcat-2-id","wpcat-3253-id"],"_links":{"self":[{"href":"https:\/\/bergers-schlagerparadies.de\/index.php?rest_route=\/wp\/v2\/posts\/36232","targetHints":{"allow":["GET"]}}],"collection":[{"href":"https:\/\/bergers-schlagerparadies.de\/index.php?rest_route=\/wp\/v2\/posts"}],"about":[{"href":"https:\/\/bergers-schlagerparadies.de\/index.php?rest_route=\/wp\/v2\/types\/post"}],"author":[{"embeddable":true,"href":"https:\/\/bergers-schlagerparadies.de\/index.php?rest_route=\/wp\/v2\/users\/1"}],"replies":[{"embeddable":true,"href":"https:\/\/bergers-schlagerparadies.de\/index.php?rest_route=%2Fwp%2Fv2%2Fcomments&post=36232"}],"version-history":[{"count":1,"href":"https:\/\/bergers-schlagerparadies.de\/index.php?rest_route=\/wp\/v2\/posts\/36232\/revisions"}],"predecessor-version":[{"id":36234,"href":"https:\/\/bergers-schlagerparadies.de\/index.php?rest_route=\/wp\/v2\/posts\/36232\/revisions\/36234"}],"wp:featuredmedia":[{"embeddable":true,"href":"https:\/\/bergers-schlagerparadies.de\/index.php?rest_route=\/wp\/v2\/media\/36233"}],"wp:attachment":[{"href":"https:\/\/bergers-schlagerparadies.de\/index.php?rest_route=%2Fwp%2Fv2%2Fmedia&parent=36232"}],"wp:term":[{"taxonomy":"category","embeddable":true,"href":"https:\/\/bergers-schlagerparadies.de\/index.php?rest_route=%2Fwp%2Fv2%2Fcategories&post=36232"},{"taxonomy":"post_tag","embeddable":true,"href":"https:\/\/bergers-schlagerparadies.de\/index.php?rest_route=%2Fwp%2Fv2%2Ftags&post=36232"}],"curies":[{"name":"wp","href":"https:\/\/api.w.org\/{rel}","templated":true}]}}