{"id":36188,"date":"2025-06-20T10:31:48","date_gmt":"2025-06-20T08:31:48","guid":{"rendered":"https:\/\/bergers-schlagerparadies.de\/?p=36188"},"modified":"2025-06-20T10:39:21","modified_gmt":"2025-06-20T08:39:21","slug":"andrea-berg-naechstes-mal-sag-ich-dann-nein-%c2%b7-bergers-schlagerparadies","status":"publish","type":"post","link":"https:\/\/bergers-schlagerparadies.de\/?p=36188","title":{"rendered":"Andrea Berg &#8211; N\u00e4chstes Mal sag ich dann Nein \u00b7 Berger\u00b4s Schlagerparadies"},"content":{"rendered":"<p><img loading=\"lazy\" decoding=\"async\" class=\"size-medium wp-image-36189 alignleft\" src=\"https:\/\/bergers-schlagerparadies.de\/wp-content\/uploads\/2025\/06\/Andrea-Berg-Naechstes-Mal-sag-ich-dann-Nein-300x300.jpeg\" alt=\"\" width=\"300\" height=\"300\" srcset=\"https:\/\/bergers-schlagerparadies.de\/wp-content\/uploads\/2025\/06\/Andrea-Berg-Naechstes-Mal-sag-ich-dann-Nein-300x300.jpeg 300w, https:\/\/bergers-schlagerparadies.de\/wp-content\/uploads\/2025\/06\/Andrea-Berg-Naechstes-Mal-sag-ich-dann-Nein-1024x1024.jpeg 1024w, https:\/\/bergers-schlagerparadies.de\/wp-content\/uploads\/2025\/06\/Andrea-Berg-Naechstes-Mal-sag-ich-dann-Nein-150x150.jpeg 150w, https:\/\/bergers-schlagerparadies.de\/wp-content\/uploads\/2025\/06\/Andrea-Berg-Naechstes-Mal-sag-ich-dann-Nein-768x768.jpeg 768w, https:\/\/bergers-schlagerparadies.de\/wp-content\/uploads\/2025\/06\/Andrea-Berg-Naechstes-Mal-sag-ich-dann-Nein-1200x1200.jpeg 1200w, https:\/\/bergers-schlagerparadies.de\/wp-content\/uploads\/2025\/06\/Andrea-Berg-Naechstes-Mal-sag-ich-dann-Nein-1188x1188.jpeg 1188w, https:\/\/bergers-schlagerparadies.de\/wp-content\/uploads\/2025\/06\/Andrea-Berg-Naechstes-Mal-sag-ich-dann-Nein-100x100.jpeg 100w, https:\/\/bergers-schlagerparadies.de\/wp-content\/uploads\/2025\/06\/Andrea-Berg-Naechstes-Mal-sag-ich-dann-Nein.jpeg 1383w\" sizes=\"auto, (max-width: 300px) 100vw, 300px\" \/>Diesem Moment haben die Fans von Andrea Berg seit Monaten entgegengefiebert: Am 20.<br \/>\nJuni erscheint das neue Album \u201eAndrea Berg: Live \u2013 Die Tournee 2025\u201c im Handel. Es<br \/>\nbeinhaltet neben der ausverkauften Show in Berlin vor 12.000 Besuchern auch die brandneue<br \/>\nSingle \u201eN\u00e4chstes Mal sag ich dann Nein\u201c sowie weitere neue, bislang unver\u00f6ffentlichte<br \/>\nBonustracks der Ausnahmek\u00fcnstlerin.<br \/>\nDie Lyrics zur neuen Single stammen aus der Feder von Andrea Berg und Ren\u00e9 Baumann, f\u00fcr die<br \/>\nMusik war Thomas Rosenfeld verantwortlich. Produziert haben den Song Ren\u00e9 Baumann, Alexander<br \/>\nStrasser und Alexs White.<br \/>\nDas Live-Album l\u00e4sst alle Fans eintauchen in einzigartige Tournee-Momente. \u201eEs war eine<br \/>\nunvergessliche Tour, die immer einen ganz besonderen Platz in meinem Herzen haben wird. Die<br \/>\nVerbindung zu meinen Fans war so intensiv wie nie zuvor. Jede Begegnung, jeder Applaus, jeder<br \/>\nMoment auf der B\u00fchne war etwas ganz Besonderes. Ich danke Euch und meinem fantastischen Team<br \/>\nvon ganzem Herzen f\u00fcr diese unglaubliche Reise\u201c, so Andrea Berg.<br \/>\nDie \u201eParty, Hits, Emotionen\u201c-Tournee 2025 bot einen einzigartigen Mix aus Stimmung, Herz und<br \/>\nLeidenschaft und war ein \u00fcber 2\u00bd-st\u00fcndiges Hitfeuerwerk ohne Pause. Das Publikum feierte Andrea<br \/>\nBerg in 21 Shows mit Standing Ovation, minutenlangen Sprechch\u00f6ren und tr\u00e4nenreichen<br \/>\nMomenten. Von ausgelassenen Party-Hits bis zu tiefgehenden Emotionen bei den ber\u00fchrenden<br \/>\nBalladen \u2013 es war eine Reise durch Andrea Bergs einzigartige Karriere, die ihre Fans in den Bann zog<br \/>\nund in pure Ekstase versetzte.<br \/>\n\u201eDie Tour war ein Geschenk f\u00fcr mich und f\u00fcr alle, die mich auf dieser Reise begleitet haben \u2013 sowohl<br \/>\nhinter, als auch vor der B\u00fchne. Die Liebe und Energie, die wir jeden Konzertabend erfahren durften,<br \/>\nwar unbeschreiblich ber\u00fchrend\u201c, f\u00fcgte sie hinzu.<br \/>\nNeben der Doppel CD ist das Live-Album auch als Premium Edition Doppel CD inkl. DVD erh\u00e4ltlich.<br \/>\nSie beinhaltet die Aufzeichnung der Show in Berlin mit vielen G\u00e4nsehautmomenten. Die Premium<br \/>\nEdition ist neben weiteren \u00dcberraschungen auch Bestandteil der limitierten Fanbox, deren<br \/>\nGestaltung an das Design der Tour B\u00fchne von Andrea Berg angelehnt ist und somit das Live-Gef\u00fchl<br \/>\nauch optisch direkt zu den Fans nach Hause transportiert. Als weitere \u00dcberraschungen beinhaltet die<br \/>\nFanbox ein Fotobuch mit den sch\u00f6nsten Tour-Impressionen sowie einen \u201eSimsalabim\u201c-Zauberstift<br \/>\nmit UV-Tinte und UV-Licht f\u00fcr ganz private Erinnerungen.<br \/>\nAu\u00dferdem ist die Show-Aufzeichnung in Berlin als separate DVD erh\u00e4ltlich.<br \/>\nDoch damit nicht genug: Exklusiv unter www.andrea-berg.de sind die Doppel CD und die Premium<br \/>\nEdition in exklusiven und limitierten Bundle Editionen erh\u00e4ltlich (solange der Vorrat reicht). Sie<br \/>\nk\u00f6nnen mit einer exklusiven Andrea Berg-Tasse mit Covermotiv und Schriftzug und mit einem<br \/>\nstylischen Shirt mit Covermotiv und weiteren Tour Impressionen sowie Schriftzug Andrea Berg<br \/>\nkombiniert werden. Das Shirt ist wahlweise in den Farben Off White oder Schwarz erh\u00e4ltlich.<br \/>\nLassen auch Sie sich mitrei\u00dfen von der atemberaubenden Atmosph\u00e4re, den Songs vom Dreifach<br \/>\nNummer Eins-Album Andrea Berg und nat\u00fcrlich allen Superhits live!<br \/>\nAndrea Berg live erleben \u2013 Die Sommer Open Airs 2025<br \/>\n18. \u2013 20.07.: 20 Jahre Heimspiel (WIR machen DRUCK Arena Aspach)<br \/>\n03.08.: Summertime Norderney (Open Air-Gel\u00e4nde am Strand Norderney)<br \/>\n30.08.: Pfullywood Festival (Seepark Pfullendorf)<br \/>\nTickets unter <a href=\"http:\/\/www.andrea-berg.de\">www.andrea-berg.de<\/a><\/p>\n<p><span style=\"color: #800000;\"><strong>Quelle: SMD\/ Bergrecords distributed by Sony Music<\/strong><\/span><\/p>\n<p><span style=\"color: #800000;\"><strong>Dieser Song ist ab dem 20.06.2025 auf allen Download- und Streaming-Portalen erh\u00e4ltlich.\u00a0<\/strong><\/span><\/p>\n<p><span style=\"color: #800000;\"><strong>Airdate (f\u00fcr Radiosender): 20.06.2025<\/strong><\/span><\/p>\n","protected":false},"excerpt":{"rendered":"<p>Diesem Moment haben die Fans von Andrea Berg seit Monaten entgegengefiebert: Am 20. Juni erscheint das neue Album \u201eAndrea Berg: Live \u2013 Die Tournee 2025\u201c im Handel. Es beinhaltet neben der ausverkauften Show in Berlin vor 12.000 Besuchern auch die brandneue Single \u201eN\u00e4chstes Mal sag ich dann Nein\u201c sowie weitere neue, bislang unver\u00f6ffentlichte Bonustracks der Ausnahmek\u00fcnstlerin. Die Lyrics zur neuen Single stammen aus der Feder von Andrea Berg und Ren\u00e9 Baumann, f\u00fcr die Musik war Thomas Rosenfeld verantwortlich. Produziert haben den Song Ren\u00e9 Baumann, Alexander Strasser und Alexs White. Das Live-Album l\u00e4sst alle Fans eintauchen in einzigartige Tournee-Momente. \u201eEs war eine unvergessliche Tour, die immer&#8230;<\/p>\n","protected":false},"author":1,"featured_media":36189,"comment_status":"open","ping_status":"open","sticky":false,"template":"","format":"standard","meta":{"footnotes":""},"categories":[3231,2,3911],"tags":[363],"class_list":["post-36188","post","type-post","status-publish","format-standard","has-post-thumbnail","hentry","category-bergers-schlagerparadies","category-schlager","category-smd-bergrecords-distributed-by-sony-music","tag-andrea-berg","wpcat-3231-id","wpcat-2-id","wpcat-3911-id"],"_links":{"self":[{"href":"https:\/\/bergers-schlagerparadies.de\/index.php?rest_route=\/wp\/v2\/posts\/36188","targetHints":{"allow":["GET"]}}],"collection":[{"href":"https:\/\/bergers-schlagerparadies.de\/index.php?rest_route=\/wp\/v2\/posts"}],"about":[{"href":"https:\/\/bergers-schlagerparadies.de\/index.php?rest_route=\/wp\/v2\/types\/post"}],"author":[{"embeddable":true,"href":"https:\/\/bergers-schlagerparadies.de\/index.php?rest_route=\/wp\/v2\/users\/1"}],"replies":[{"embeddable":true,"href":"https:\/\/bergers-schlagerparadies.de\/index.php?rest_route=%2Fwp%2Fv2%2Fcomments&post=36188"}],"version-history":[{"count":1,"href":"https:\/\/bergers-schlagerparadies.de\/index.php?rest_route=\/wp\/v2\/posts\/36188\/revisions"}],"predecessor-version":[{"id":36190,"href":"https:\/\/bergers-schlagerparadies.de\/index.php?rest_route=\/wp\/v2\/posts\/36188\/revisions\/36190"}],"wp:featuredmedia":[{"embeddable":true,"href":"https:\/\/bergers-schlagerparadies.de\/index.php?rest_route=\/wp\/v2\/media\/36189"}],"wp:attachment":[{"href":"https:\/\/bergers-schlagerparadies.de\/index.php?rest_route=%2Fwp%2Fv2%2Fmedia&parent=36188"}],"wp:term":[{"taxonomy":"category","embeddable":true,"href":"https:\/\/bergers-schlagerparadies.de\/index.php?rest_route=%2Fwp%2Fv2%2Fcategories&post=36188"},{"taxonomy":"post_tag","embeddable":true,"href":"https:\/\/bergers-schlagerparadies.de\/index.php?rest_route=%2Fwp%2Fv2%2Ftags&post=36188"}],"curies":[{"name":"wp","href":"https:\/\/api.w.org\/{rel}","templated":true}]}}