{"id":36184,"date":"2025-06-20T10:17:44","date_gmt":"2025-06-20T08:17:44","guid":{"rendered":"https:\/\/bergers-schlagerparadies.de\/?p=36184"},"modified":"2025-06-20T10:17:44","modified_gmt":"2025-06-20T08:17:44","slug":"alexander-pahlke-weil-du-mich-liebst-%c2%b7-bergers-schlagerparadies","status":"publish","type":"post","link":"https:\/\/bergers-schlagerparadies.de\/?p=36184","title":{"rendered":"Alexander Pahlke &#8211; Weil du mich liebst \u00b7 Berger\u00b4s Schlagerparadies"},"content":{"rendered":"<p><img loading=\"lazy\" decoding=\"async\" class=\"size-medium wp-image-36185 alignleft\" src=\"https:\/\/bergers-schlagerparadies.de\/wp-content\/uploads\/2025\/06\/Alexander-Pahlke-Weil-du-mich-liebst-300x300.jpeg\" alt=\"\" width=\"300\" height=\"300\" srcset=\"https:\/\/bergers-schlagerparadies.de\/wp-content\/uploads\/2025\/06\/Alexander-Pahlke-Weil-du-mich-liebst-300x300.jpeg 300w, https:\/\/bergers-schlagerparadies.de\/wp-content\/uploads\/2025\/06\/Alexander-Pahlke-Weil-du-mich-liebst-1024x1024.jpeg 1024w, https:\/\/bergers-schlagerparadies.de\/wp-content\/uploads\/2025\/06\/Alexander-Pahlke-Weil-du-mich-liebst-150x150.jpeg 150w, https:\/\/bergers-schlagerparadies.de\/wp-content\/uploads\/2025\/06\/Alexander-Pahlke-Weil-du-mich-liebst-768x768.jpeg 768w, https:\/\/bergers-schlagerparadies.de\/wp-content\/uploads\/2025\/06\/Alexander-Pahlke-Weil-du-mich-liebst-1536x1536.jpeg 1536w, https:\/\/bergers-schlagerparadies.de\/wp-content\/uploads\/2025\/06\/Alexander-Pahlke-Weil-du-mich-liebst-2048x2048.jpeg 2048w, https:\/\/bergers-schlagerparadies.de\/wp-content\/uploads\/2025\/06\/Alexander-Pahlke-Weil-du-mich-liebst-1200x1200.jpeg 1200w, https:\/\/bergers-schlagerparadies.de\/wp-content\/uploads\/2025\/06\/Alexander-Pahlke-Weil-du-mich-liebst-1188x1188.jpeg 1188w, https:\/\/bergers-schlagerparadies.de\/wp-content\/uploads\/2025\/06\/Alexander-Pahlke-Weil-du-mich-liebst-100x100.jpeg 100w\" sizes=\"auto, (max-width: 300px) 100vw, 300px\" \/>Mit seinem Titel \u201cTr\u00e4ume in der Nacht\u201d erlangte Alexander Pahlke im Fr\u00fchjahr schon erste Aufmerksamkeit. Der gelernte Radiojournalist, Moderator und DJ verfolgt als Interpret konsequent seinen Traum, denn soeben legt er schon seine n\u00e4chste Single vor, wie gemacht f\u00fcr den Sommer: \u201cWeil du mich liebst\u201d kann man als klassischen Schlager bezeichnen, nat\u00fcrlich mit Mitsingrefrain und Ohrwurmgarantie.<\/p>\n<p>Den Songtext hat Alexander selbst geschrieben, und wahrscheinlich deshalb, kann er glaubhaft eine tiefe, best\u00e4ndige Liebe interpretieren, die wie ein unzerbrechlicher Traum wirkt, Halt gibt und das gr\u00f6\u00dfte Gl\u00fcck ist. Auch bei der Komposition hat er mitgeschrieben, die Manfred Hochholzer und Willy Kl\u00fcter professionell, wie immer, auf den Punkt gebracht, und auf Hochglanz poliert haben.<\/p>\n<p>Auch zu diesem Titel hat sich Alexander ein hochwertiges Video spendiert, das vom Team Schorlepp\/Ebrahimi professionell umgesetzt wurde!<\/p>\n<p><span style=\"color: #800000;\"><strong>Quelle: Polyrola<\/strong><\/span><\/p>\n<p><span style=\"color: #800000;\"><strong>Dieser Song ist ab dem 20.06.2025 auf allen Download- und Streaming-Portalen erh\u00e4ltlich.\u00a0<\/strong><\/span><\/p>\n<p><span style=\"color: #800000;\"><strong>Airdate (f\u00fcr Radiosender): 18.06.2025<\/strong><\/span><\/p>\n","protected":false},"excerpt":{"rendered":"<p>Mit seinem Titel \u201cTr\u00e4ume in der Nacht\u201d erlangte Alexander Pahlke im Fr\u00fchjahr schon erste Aufmerksamkeit. Der gelernte Radiojournalist, Moderator und DJ verfolgt als Interpret konsequent seinen Traum, denn soeben legt er schon seine n\u00e4chste Single vor, wie gemacht f\u00fcr den Sommer: \u201cWeil du mich liebst\u201d kann man als klassischen Schlager bezeichnen, nat\u00fcrlich mit Mitsingrefrain und Ohrwurmgarantie. Den Songtext hat Alexander selbst geschrieben, und wahrscheinlich deshalb, kann er glaubhaft eine tiefe, best\u00e4ndige Liebe interpretieren, die wie ein unzerbrechlicher Traum wirkt, Halt gibt und das gr\u00f6\u00dfte Gl\u00fcck ist. Auch bei der Komposition hat er mitgeschrieben, die Manfred Hochholzer und Willy Kl\u00fcter professionell, wie immer, auf den Punkt&#8230;<\/p>\n","protected":false},"author":1,"featured_media":36185,"comment_status":"open","ping_status":"open","sticky":false,"template":"","format":"standard","meta":{"footnotes":""},"categories":[3231,3255,3264,2],"tags":[3740],"class_list":["post-36184","post","type-post","status-publish","format-standard","has-post-thumbnail","hentry","category-bergers-schlagerparadies","category-deutsch","category-deutsch-pop","category-schlager","tag-alexander-pahlke","wpcat-3231-id","wpcat-3255-id","wpcat-3264-id","wpcat-2-id"],"_links":{"self":[{"href":"https:\/\/bergers-schlagerparadies.de\/index.php?rest_route=\/wp\/v2\/posts\/36184","targetHints":{"allow":["GET"]}}],"collection":[{"href":"https:\/\/bergers-schlagerparadies.de\/index.php?rest_route=\/wp\/v2\/posts"}],"about":[{"href":"https:\/\/bergers-schlagerparadies.de\/index.php?rest_route=\/wp\/v2\/types\/post"}],"author":[{"embeddable":true,"href":"https:\/\/bergers-schlagerparadies.de\/index.php?rest_route=\/wp\/v2\/users\/1"}],"replies":[{"embeddable":true,"href":"https:\/\/bergers-schlagerparadies.de\/index.php?rest_route=%2Fwp%2Fv2%2Fcomments&post=36184"}],"version-history":[{"count":1,"href":"https:\/\/bergers-schlagerparadies.de\/index.php?rest_route=\/wp\/v2\/posts\/36184\/revisions"}],"predecessor-version":[{"id":36186,"href":"https:\/\/bergers-schlagerparadies.de\/index.php?rest_route=\/wp\/v2\/posts\/36184\/revisions\/36186"}],"wp:featuredmedia":[{"embeddable":true,"href":"https:\/\/bergers-schlagerparadies.de\/index.php?rest_route=\/wp\/v2\/media\/36185"}],"wp:attachment":[{"href":"https:\/\/bergers-schlagerparadies.de\/index.php?rest_route=%2Fwp%2Fv2%2Fmedia&parent=36184"}],"wp:term":[{"taxonomy":"category","embeddable":true,"href":"https:\/\/bergers-schlagerparadies.de\/index.php?rest_route=%2Fwp%2Fv2%2Fcategories&post=36184"},{"taxonomy":"post_tag","embeddable":true,"href":"https:\/\/bergers-schlagerparadies.de\/index.php?rest_route=%2Fwp%2Fv2%2Ftags&post=36184"}],"curies":[{"name":"wp","href":"https:\/\/api.w.org\/{rel}","templated":true}]}}