{"id":36176,"date":"2025-06-24T10:30:16","date_gmt":"2025-06-24T08:30:16","guid":{"rendered":"https:\/\/bergers-schlagerparadies.de\/?p=36176"},"modified":"2025-06-24T11:36:14","modified_gmt":"2025-06-24T09:36:14","slug":"patrick-heidenreich-dieser-eine-moment-%c2%b7-bergers-schlagerparadies","status":"publish","type":"post","link":"https:\/\/bergers-schlagerparadies.de\/?p=36176","title":{"rendered":"Patrick Heidenreich &#8211; Dieser eine Moment \u00b7 Berger\u00b4s Schlagerparadies"},"content":{"rendered":"<p><img loading=\"lazy\" decoding=\"async\" class=\"size-medium wp-image-36177 alignleft\" src=\"https:\/\/bergers-schlagerparadies.de\/wp-content\/uploads\/2025\/06\/Patrick-Heidenreich-Dieser-eine-Moment-300x300.jpeg\" alt=\"\" width=\"300\" height=\"300\" srcset=\"https:\/\/bergers-schlagerparadies.de\/wp-content\/uploads\/2025\/06\/Patrick-Heidenreich-Dieser-eine-Moment-300x300.jpeg 300w, https:\/\/bergers-schlagerparadies.de\/wp-content\/uploads\/2025\/06\/Patrick-Heidenreich-Dieser-eine-Moment-1024x1024.jpeg 1024w, https:\/\/bergers-schlagerparadies.de\/wp-content\/uploads\/2025\/06\/Patrick-Heidenreich-Dieser-eine-Moment-150x150.jpeg 150w, https:\/\/bergers-schlagerparadies.de\/wp-content\/uploads\/2025\/06\/Patrick-Heidenreich-Dieser-eine-Moment-768x768.jpeg 768w, https:\/\/bergers-schlagerparadies.de\/wp-content\/uploads\/2025\/06\/Patrick-Heidenreich-Dieser-eine-Moment-1536x1536.jpeg 1536w, https:\/\/bergers-schlagerparadies.de\/wp-content\/uploads\/2025\/06\/Patrick-Heidenreich-Dieser-eine-Moment-2048x2048.jpeg 2048w, https:\/\/bergers-schlagerparadies.de\/wp-content\/uploads\/2025\/06\/Patrick-Heidenreich-Dieser-eine-Moment-1200x1200.jpeg 1200w, https:\/\/bergers-schlagerparadies.de\/wp-content\/uploads\/2025\/06\/Patrick-Heidenreich-Dieser-eine-Moment-1188x1188.jpeg 1188w, https:\/\/bergers-schlagerparadies.de\/wp-content\/uploads\/2025\/06\/Patrick-Heidenreich-Dieser-eine-Moment-100x100.jpeg 100w\" sizes=\"auto, (max-width: 300px) 100vw, 300px\" \/>Mit \u201eDieser eine Moment\u201c bringt Patrick Heidenreich am 27.06.2025 seine zweite Deutschpop-Single auf den Markt \u2013 ein Song voller Gef\u00fchl, Ehrlichkeit und N\u00e4he. In seiner neuen Single f\u00e4ngt er genau das ein, was so viele kennen: diesen einen Moment mit Freunden, der sich wie zuhause anf\u00fchlt \u2013 und den man nicht mehr loslassen will.<\/p>\n<p>Es geht um die kleinen \u201egro\u00dfen Augenblicke\u201c: wenn man mit seinen engsten Menschen lacht, redet, lebt \u2013 in diesem einen Moment eben alles perfekt ist.<\/p>\n<p>Doch oft stellt sich bereits auf dem Heimweg, wenn die Musik leise wird und die Stra\u00dfen leer sind, das Gef\u00fchl des Vermissens ein \u2013 das Gef\u00fchl, dass man nicht allein sein will. Und die stille Hoffnung: Wann passiert dieser eine Moment wieder?<\/p>\n<p>\u201eIch wollte einen Song schreiben \u00fcber dieses Gef\u00fchl, wenn man etwas Sch\u00f6nes erlebt \u2013 und danach pl\u00f6tzlich leer ist, weil man wei\u00df, wie sehr einem diese Menschen schon nach kurzer Zeit fehlen werden\u201c, erz\u00e4hlt Patrick Heidenreich.<\/p>\n<p>\u201eDieser eine Moment\u201c ist moderner Deutschpop mit Tiefgang \u2013 ehrlich, melancholisch und trotzdem voller W\u00e4rme. Ein Song, der bleibt. Und der genau das ausspricht, was viele f\u00fchlen.<\/p>\n<p><span style=\"color: #800000;\"><strong>Quelle: Fiesta Records<\/strong><\/span><\/p>\n<p><span style=\"color: #800000;\"><strong>Dieser Song ist ab dem 27.06.2025 auf allen Download- und Streaming-Portalen erh\u00e4ltlich.\u00a0<\/strong><\/span><\/p>\n<p><span style=\"color: #800000;\"><strong>Airdate (f\u00fcr Radiosender): 24.06.2025<\/strong><\/span><\/p>\n","protected":false},"excerpt":{"rendered":"<p>Mit \u201eDieser eine Moment\u201c bringt Patrick Heidenreich am 27.06.2025 seine zweite Deutschpop-Single auf den Markt \u2013 ein Song voller Gef\u00fchl, Ehrlichkeit und N\u00e4he. In seiner neuen Single f\u00e4ngt er genau das ein, was so viele kennen: diesen einen Moment mit Freunden, der sich wie zuhause anf\u00fchlt \u2013 und den man nicht mehr loslassen will. Es geht um die kleinen \u201egro\u00dfen Augenblicke\u201c: wenn man mit seinen engsten Menschen lacht, redet, lebt \u2013 in diesem einen Moment eben alles perfekt ist. Doch oft stellt sich bereits auf dem Heimweg, wenn die Musik leise wird und die Stra\u00dfen leer sind, das Gef\u00fchl des Vermissens ein \u2013 das Gef\u00fchl,&#8230;<\/p>\n","protected":false},"author":1,"featured_media":36177,"comment_status":"open","ping_status":"open","sticky":false,"template":"","format":"standard","meta":{"footnotes":""},"categories":[3231,3232,2],"tags":[793],"class_list":["post-36176","post","type-post","status-publish","format-standard","has-post-thumbnail","hentry","category-bergers-schlagerparadies","category-fiesta-records","category-schlager","tag-patrick-heidenreich","wpcat-3231-id","wpcat-3232-id","wpcat-2-id"],"_links":{"self":[{"href":"https:\/\/bergers-schlagerparadies.de\/index.php?rest_route=\/wp\/v2\/posts\/36176","targetHints":{"allow":["GET"]}}],"collection":[{"href":"https:\/\/bergers-schlagerparadies.de\/index.php?rest_route=\/wp\/v2\/posts"}],"about":[{"href":"https:\/\/bergers-schlagerparadies.de\/index.php?rest_route=\/wp\/v2\/types\/post"}],"author":[{"embeddable":true,"href":"https:\/\/bergers-schlagerparadies.de\/index.php?rest_route=\/wp\/v2\/users\/1"}],"replies":[{"embeddable":true,"href":"https:\/\/bergers-schlagerparadies.de\/index.php?rest_route=%2Fwp%2Fv2%2Fcomments&post=36176"}],"version-history":[{"count":2,"href":"https:\/\/bergers-schlagerparadies.de\/index.php?rest_route=\/wp\/v2\/posts\/36176\/revisions"}],"predecessor-version":[{"id":36352,"href":"https:\/\/bergers-schlagerparadies.de\/index.php?rest_route=\/wp\/v2\/posts\/36176\/revisions\/36352"}],"wp:featuredmedia":[{"embeddable":true,"href":"https:\/\/bergers-schlagerparadies.de\/index.php?rest_route=\/wp\/v2\/media\/36177"}],"wp:attachment":[{"href":"https:\/\/bergers-schlagerparadies.de\/index.php?rest_route=%2Fwp%2Fv2%2Fmedia&parent=36176"}],"wp:term":[{"taxonomy":"category","embeddable":true,"href":"https:\/\/bergers-schlagerparadies.de\/index.php?rest_route=%2Fwp%2Fv2%2Fcategories&post=36176"},{"taxonomy":"post_tag","embeddable":true,"href":"https:\/\/bergers-schlagerparadies.de\/index.php?rest_route=%2Fwp%2Fv2%2Ftags&post=36176"}],"curies":[{"name":"wp","href":"https:\/\/api.w.org\/{rel}","templated":true}]}}