{"id":36153,"date":"2025-07-02T10:30:32","date_gmt":"2025-07-02T08:30:32","guid":{"rendered":"https:\/\/bergers-schlagerparadies.de\/?p=36153"},"modified":"2025-07-02T22:18:13","modified_gmt":"2025-07-02T20:18:13","slug":"janine-frei-die-tuer-ist-zu-%c2%b7-bergers-schlagerparadies","status":"publish","type":"post","link":"https:\/\/bergers-schlagerparadies.de\/?p=36153","title":{"rendered":"Janine Frei &#8211; Die T\u00fcr ist zu \u00b7 Berger\u00b4s Schlagerparadies"},"content":{"rendered":"<p><span style=\"color: #800000;\"><strong><img loading=\"lazy\" decoding=\"async\" class=\"size-medium wp-image-36154 alignleft\" src=\"https:\/\/bergers-schlagerparadies.de\/wp-content\/uploads\/2025\/06\/Janine-Frei-Die-Tuer-ist-zu-300x300.jpeg\" alt=\"\" width=\"300\" height=\"300\" srcset=\"https:\/\/bergers-schlagerparadies.de\/wp-content\/uploads\/2025\/06\/Janine-Frei-Die-Tuer-ist-zu-300x300.jpeg 300w, https:\/\/bergers-schlagerparadies.de\/wp-content\/uploads\/2025\/06\/Janine-Frei-Die-Tuer-ist-zu-1024x1024.jpeg 1024w, https:\/\/bergers-schlagerparadies.de\/wp-content\/uploads\/2025\/06\/Janine-Frei-Die-Tuer-ist-zu-150x150.jpeg 150w, https:\/\/bergers-schlagerparadies.de\/wp-content\/uploads\/2025\/06\/Janine-Frei-Die-Tuer-ist-zu-768x768.jpeg 768w, https:\/\/bergers-schlagerparadies.de\/wp-content\/uploads\/2025\/06\/Janine-Frei-Die-Tuer-ist-zu-1536x1536.jpeg 1536w, https:\/\/bergers-schlagerparadies.de\/wp-content\/uploads\/2025\/06\/Janine-Frei-Die-Tuer-ist-zu-2048x2048.jpeg 2048w, https:\/\/bergers-schlagerparadies.de\/wp-content\/uploads\/2025\/06\/Janine-Frei-Die-Tuer-ist-zu-1200x1200.jpeg 1200w, https:\/\/bergers-schlagerparadies.de\/wp-content\/uploads\/2025\/06\/Janine-Frei-Die-Tuer-ist-zu-1188x1188.jpeg 1188w, https:\/\/bergers-schlagerparadies.de\/wp-content\/uploads\/2025\/06\/Janine-Frei-Die-Tuer-ist-zu-100x100.jpeg 100w\" sizes=\"auto, (max-width: 300px) 100vw, 300px\" \/><\/strong><\/span><\/p>\n<p>Janines Songs sprechen die Themen des Lebens an, die so viele nachvollziehen k\u00f6nnen.<\/p>\n<p>Songs wie \u201eLiebe ist\u201c oder \u201eSpuren\u201c etablierten die S\u00e4ngerin bereits in der Schlagerbranche.<\/p>\n<p>In ihrer neusten Single singt sie von On\/Off Beziehungen und dem Moment, nicht l\u00e4nger auf den ehemaligen Partner zu warten.<\/p>\n<p>Eine Geschichte, die im Leben allzu oft passiert und daher auch sehr zu Herzen geht.<\/p>\n<p>Kraftvoll und selbst bestimmt motiviert die Delitzscherin die H\u00f6rer dazu, auf ihr Herz zu achten und die T\u00fcr auch zu schlie\u00dfen, wenn es zu sehr wehtut.<\/p>\n<p>Jedoch immer mit einem Hoffnungsschimmer.<\/p>\n<p><span style=\"color: #800000;\"><strong>Quelle: Fiesta Records<\/strong><\/span><\/p>\n<p><span style=\"color: #800000;\"><strong>Dieser Song ist ab dem 04.07.2025 auf allen Download- und Streaming-Portalen erh\u00e4ltlich.\u00a0<\/strong><\/span><\/p>\n<p><span style=\"color: #800000;\"><strong>Airdate (f\u00fcr Radiosender): 02.07.2025<\/strong><\/span><\/p>\n","protected":false},"excerpt":{"rendered":"<p>Janines Songs sprechen die Themen des Lebens an, die so viele nachvollziehen k\u00f6nnen. Songs wie \u201eLiebe ist\u201c oder \u201eSpuren\u201c etablierten die S\u00e4ngerin bereits in der Schlagerbranche. In ihrer neusten Single singt sie von On\/Off Beziehungen und dem Moment, nicht l\u00e4nger auf den ehemaligen Partner zu warten. Eine Geschichte, die im Leben allzu oft passiert und daher auch sehr zu Herzen geht. Kraftvoll und selbst bestimmt motiviert die Delitzscherin die H\u00f6rer dazu, auf ihr Herz zu achten und die T\u00fcr auch zu schlie\u00dfen, wenn es zu sehr wehtut. Jedoch immer mit einem Hoffnungsschimmer. Quelle: Fiesta Records Dieser Song ist ab dem 04.07.2025 auf allen Download- und&#8230;<\/p>\n","protected":false},"author":1,"featured_media":36154,"comment_status":"open","ping_status":"open","sticky":false,"template":"","format":"standard","meta":{"footnotes":""},"categories":[3231,3232,2],"tags":[2266],"class_list":["post-36153","post","type-post","status-publish","format-standard","has-post-thumbnail","hentry","category-bergers-schlagerparadies","category-fiesta-records","category-schlager","tag-janine-frei","wpcat-3231-id","wpcat-3232-id","wpcat-2-id"],"_links":{"self":[{"href":"https:\/\/bergers-schlagerparadies.de\/index.php?rest_route=\/wp\/v2\/posts\/36153","targetHints":{"allow":["GET"]}}],"collection":[{"href":"https:\/\/bergers-schlagerparadies.de\/index.php?rest_route=\/wp\/v2\/posts"}],"about":[{"href":"https:\/\/bergers-schlagerparadies.de\/index.php?rest_route=\/wp\/v2\/types\/post"}],"author":[{"embeddable":true,"href":"https:\/\/bergers-schlagerparadies.de\/index.php?rest_route=\/wp\/v2\/users\/1"}],"replies":[{"embeddable":true,"href":"https:\/\/bergers-schlagerparadies.de\/index.php?rest_route=%2Fwp%2Fv2%2Fcomments&post=36153"}],"version-history":[{"count":2,"href":"https:\/\/bergers-schlagerparadies.de\/index.php?rest_route=\/wp\/v2\/posts\/36153\/revisions"}],"predecessor-version":[{"id":36506,"href":"https:\/\/bergers-schlagerparadies.de\/index.php?rest_route=\/wp\/v2\/posts\/36153\/revisions\/36506"}],"wp:featuredmedia":[{"embeddable":true,"href":"https:\/\/bergers-schlagerparadies.de\/index.php?rest_route=\/wp\/v2\/media\/36154"}],"wp:attachment":[{"href":"https:\/\/bergers-schlagerparadies.de\/index.php?rest_route=%2Fwp%2Fv2%2Fmedia&parent=36153"}],"wp:term":[{"taxonomy":"category","embeddable":true,"href":"https:\/\/bergers-schlagerparadies.de\/index.php?rest_route=%2Fwp%2Fv2%2Fcategories&post=36153"},{"taxonomy":"post_tag","embeddable":true,"href":"https:\/\/bergers-schlagerparadies.de\/index.php?rest_route=%2Fwp%2Fv2%2Ftags&post=36153"}],"curies":[{"name":"wp","href":"https:\/\/api.w.org\/{rel}","templated":true}]}}