{"id":36141,"date":"2025-07-04T10:30:28","date_gmt":"2025-07-04T08:30:28","guid":{"rendered":"https:\/\/bergers-schlagerparadies.de\/?p=36141"},"modified":"2025-07-02T22:36:54","modified_gmt":"2025-07-02T20:36:54","slug":"elvira-fischer-im-schwarzen-kleid-album-%c2%b7-bergers-schlagerparadies","status":"publish","type":"post","link":"https:\/\/bergers-schlagerparadies.de\/?p=36141","title":{"rendered":"Elvira Fischer &#8211; Ruhelos (Album) \u00b7 Berger\u00b4s Schlagerparadies"},"content":{"rendered":"<p><span style=\"color: #800000;\"><strong><img loading=\"lazy\" decoding=\"async\" class=\"size-medium wp-image-36507 alignleft\" src=\"https:\/\/bergers-schlagerparadies.de\/wp-content\/uploads\/2025\/07\/Elvira-Fischer-Ruhelos-Album-300x300.jpg\" alt=\"\" width=\"300\" height=\"300\" srcset=\"https:\/\/bergers-schlagerparadies.de\/wp-content\/uploads\/2025\/07\/Elvira-Fischer-Ruhelos-Album-300x300.jpg 300w, https:\/\/bergers-schlagerparadies.de\/wp-content\/uploads\/2025\/07\/Elvira-Fischer-Ruhelos-Album-1024x1024.jpg 1024w, https:\/\/bergers-schlagerparadies.de\/wp-content\/uploads\/2025\/07\/Elvira-Fischer-Ruhelos-Album-150x150.jpg 150w, https:\/\/bergers-schlagerparadies.de\/wp-content\/uploads\/2025\/07\/Elvira-Fischer-Ruhelos-Album-768x768.jpg 768w, https:\/\/bergers-schlagerparadies.de\/wp-content\/uploads\/2025\/07\/Elvira-Fischer-Ruhelos-Album-1536x1536.jpg 1536w, https:\/\/bergers-schlagerparadies.de\/wp-content\/uploads\/2025\/07\/Elvira-Fischer-Ruhelos-Album-2048x2048.jpg 2048w, https:\/\/bergers-schlagerparadies.de\/wp-content\/uploads\/2025\/07\/Elvira-Fischer-Ruhelos-Album-1200x1200.jpg 1200w, https:\/\/bergers-schlagerparadies.de\/wp-content\/uploads\/2025\/07\/Elvira-Fischer-Ruhelos-Album-1188x1188.jpg 1188w, https:\/\/bergers-schlagerparadies.de\/wp-content\/uploads\/2025\/07\/Elvira-Fischer-Ruhelos-Album-100x100.jpg 100w\" sizes=\"auto, (max-width: 300px) 100vw, 300px\" \/><\/strong><\/span><\/p>\n<p>Mit \u201eRuhelos\u201c ver\u00f6ffentlicht Elvira Fischer bereits ihr viertes Album innerhalb von sieben Jahren \u2013 ein beeindruckender Beweis f\u00fcr ihre Kreativit\u00e4t, Leidenschaft und Kontinuit\u00e4t. Die S\u00e4ngerin zeigt sich dabei erneut in Bestform und vereint moderne Rhythmen mit gef\u00fchlvollen Balladen.<\/p>\n<p>\u201eRuhelos\u201c ist nicht nur ein Albumtitel, sondern ein Statement. Es ist Elviras Hommage an einen besonderen Menschen \u2013 gewidmet ihrem verstorbenen Freund Uwe Geide.<\/p>\n<p>Mit ihrer markanten Stimme, gesellschaftlichem Engagement und der N\u00e4he zum Publikum ist Elvira Fischer l\u00e4ngst eine feste Gr\u00f6\u00dfe im deutschen Schlager \u2013 ob in der Disco oder auf Tanzveranstaltungen: Ihre Musik bewegt.<\/p>\n<p><span style=\"color: #800000;\"><strong>Quelle: Fiesta Records \/ Herzrausch Musik<\/strong><\/span><\/p>\n<p><span style=\"color: #800000;\"><strong>Dieses Album ist ab dem 04.07.2025 auf allen Download- und Streaming-Portalen erh\u00e4ltlich.\u00a0<\/strong><\/span><\/p>\n<p><span style=\"color: #800000;\"><strong>Airdate (f\u00fcr Radiosender): 04.07.2025<\/strong><\/span><\/p>\n","protected":false},"excerpt":{"rendered":"<p>Mit \u201eRuhelos\u201c ver\u00f6ffentlicht Elvira Fischer bereits ihr viertes Album innerhalb von sieben Jahren \u2013 ein beeindruckender Beweis f\u00fcr ihre Kreativit\u00e4t, Leidenschaft und Kontinuit\u00e4t. Die S\u00e4ngerin zeigt sich dabei erneut in Bestform und vereint moderne Rhythmen mit gef\u00fchlvollen Balladen. \u201eRuhelos\u201c ist nicht nur ein Albumtitel, sondern ein Statement. Es ist Elviras Hommage an einen besonderen Menschen \u2013 gewidmet ihrem verstorbenen Freund Uwe Geide. Mit ihrer markanten Stimme, gesellschaftlichem Engagement und der N\u00e4he zum Publikum ist Elvira Fischer l\u00e4ngst eine feste Gr\u00f6\u00dfe im deutschen Schlager \u2013 ob in der Disco oder auf Tanzveranstaltungen: Ihre Musik bewegt. Quelle: Fiesta Records \/ Herzrausch Musik Dieses Album ist ab dem&#8230;<\/p>\n","protected":false},"author":1,"featured_media":36142,"comment_status":"open","ping_status":"open","sticky":false,"template":"","format":"standard","meta":{"footnotes":""},"categories":[3231,3232,3573,2],"tags":[346],"class_list":["post-36141","post","type-post","status-publish","format-standard","has-post-thumbnail","hentry","category-bergers-schlagerparadies","category-fiesta-records","category-herzrausch-musik","category-schlager","tag-elvira-fischer","wpcat-3231-id","wpcat-3232-id","wpcat-3573-id","wpcat-2-id"],"_links":{"self":[{"href":"https:\/\/bergers-schlagerparadies.de\/index.php?rest_route=\/wp\/v2\/posts\/36141","targetHints":{"allow":["GET"]}}],"collection":[{"href":"https:\/\/bergers-schlagerparadies.de\/index.php?rest_route=\/wp\/v2\/posts"}],"about":[{"href":"https:\/\/bergers-schlagerparadies.de\/index.php?rest_route=\/wp\/v2\/types\/post"}],"author":[{"embeddable":true,"href":"https:\/\/bergers-schlagerparadies.de\/index.php?rest_route=\/wp\/v2\/users\/1"}],"replies":[{"embeddable":true,"href":"https:\/\/bergers-schlagerparadies.de\/index.php?rest_route=%2Fwp%2Fv2%2Fcomments&post=36141"}],"version-history":[{"count":4,"href":"https:\/\/bergers-schlagerparadies.de\/index.php?rest_route=\/wp\/v2\/posts\/36141\/revisions"}],"predecessor-version":[{"id":36508,"href":"https:\/\/bergers-schlagerparadies.de\/index.php?rest_route=\/wp\/v2\/posts\/36141\/revisions\/36508"}],"wp:featuredmedia":[{"embeddable":true,"href":"https:\/\/bergers-schlagerparadies.de\/index.php?rest_route=\/wp\/v2\/media\/36142"}],"wp:attachment":[{"href":"https:\/\/bergers-schlagerparadies.de\/index.php?rest_route=%2Fwp%2Fv2%2Fmedia&parent=36141"}],"wp:term":[{"taxonomy":"category","embeddable":true,"href":"https:\/\/bergers-schlagerparadies.de\/index.php?rest_route=%2Fwp%2Fv2%2Fcategories&post=36141"},{"taxonomy":"post_tag","embeddable":true,"href":"https:\/\/bergers-schlagerparadies.de\/index.php?rest_route=%2Fwp%2Fv2%2Ftags&post=36141"}],"curies":[{"name":"wp","href":"https:\/\/api.w.org\/{rel}","templated":true}]}}