{"id":36123,"date":"2025-07-07T10:30:24","date_gmt":"2025-07-07T08:30:24","guid":{"rendered":"https:\/\/bergers-schlagerparadies.de\/?p=36123"},"modified":"2025-06-19T10:34:45","modified_gmt":"2025-06-19T08:34:45","slug":"robert-wind-ich-spuer-das-feuer-in-mir-%c2%b7-bergers-schlagerparadies","status":"publish","type":"post","link":"https:\/\/bergers-schlagerparadies.de\/?p=36123","title":{"rendered":"Robert Wind &#8211; Ich sp\u00fcr das Feuer in mir \u00b7 Berger\u00b4s Schlagerparadies"},"content":{"rendered":"<p><img loading=\"lazy\" decoding=\"async\" class=\"size-medium wp-image-36124 alignleft\" src=\"https:\/\/bergers-schlagerparadies.de\/wp-content\/uploads\/2025\/06\/Robert-Wind-Ich-spuer-das-Feuer-in-mir-300x300.jpeg\" alt=\"\" width=\"300\" height=\"300\" srcset=\"https:\/\/bergers-schlagerparadies.de\/wp-content\/uploads\/2025\/06\/Robert-Wind-Ich-spuer-das-Feuer-in-mir-300x300.jpeg 300w, https:\/\/bergers-schlagerparadies.de\/wp-content\/uploads\/2025\/06\/Robert-Wind-Ich-spuer-das-Feuer-in-mir-1024x1024.jpeg 1024w, https:\/\/bergers-schlagerparadies.de\/wp-content\/uploads\/2025\/06\/Robert-Wind-Ich-spuer-das-Feuer-in-mir-150x150.jpeg 150w, https:\/\/bergers-schlagerparadies.de\/wp-content\/uploads\/2025\/06\/Robert-Wind-Ich-spuer-das-Feuer-in-mir-768x768.jpeg 768w, https:\/\/bergers-schlagerparadies.de\/wp-content\/uploads\/2025\/06\/Robert-Wind-Ich-spuer-das-Feuer-in-mir-1536x1536.jpeg 1536w, https:\/\/bergers-schlagerparadies.de\/wp-content\/uploads\/2025\/06\/Robert-Wind-Ich-spuer-das-Feuer-in-mir-2048x2048.jpeg 2048w, https:\/\/bergers-schlagerparadies.de\/wp-content\/uploads\/2025\/06\/Robert-Wind-Ich-spuer-das-Feuer-in-mir-1200x1200.jpeg 1200w, https:\/\/bergers-schlagerparadies.de\/wp-content\/uploads\/2025\/06\/Robert-Wind-Ich-spuer-das-Feuer-in-mir-1188x1188.jpeg 1188w, https:\/\/bergers-schlagerparadies.de\/wp-content\/uploads\/2025\/06\/Robert-Wind-Ich-spuer-das-Feuer-in-mir-100x100.jpeg 100w\" sizes=\"auto, (max-width: 300px) 100vw, 300px\" \/>Robert Wind steht mit seiner vierten Single \u201eIch sp\u00fcr das Feuer in mir\u201c vor einem hei\u00dfen<br \/>\nSommer<br \/>\nEs wird richtig hei\u00df auf dem Schlager-Parkett. Denn mit seinem neuen Titel \u201eIch sp\u00fcr das<br \/>\nFeuer in mir\u201c l\u00e4sst Robert Wind nicht nur textlich Funken spr\u00fchen f\u00fcr eine gro\u00dfe Liebe.<br \/>\nAuch musikalisch werden seine feurigen Rhythmen garantiert wieder f\u00fcr Hochstimmung<br \/>\nsorgen auf den Tanzfl\u00e4chen. \u201eMein Herz steht voll in Flammen\u201c hei\u00dft es in seinem<br \/>\nOhrwurm-Refrain, und man sp\u00fcrt sofort, wie der Vollblut-Musiker aus Annaberg im Land<br \/>\nSalzburg f\u00fcr den Schlager brennt. Kontinuierlich arbeitet sich Robert Wind mit Optimismus,<br \/>\nFr\u00f6hlichkeit und einer positiven Ausstrahlung auf der Erfolgsleiter nach oben. Nach den<br \/>\ndrei erfolgreichen Songs \u201eK\u00f6nigin der Nacht\u201c, \u201eLeise fragt der Mond\u201c und \u201cDrei W\u00fcnsche<br \/>\nans Christkind\u201c gibt er mit seiner vierten Single.<\/p>\n<p><span style=\"color: #800000;\"><strong>Quelle: Schlagerhimmel<\/strong><\/span><\/p>\n<p><span style=\"color: #800000;\"><strong>Dieser Song ist ab dem 11.07.2025 auf allen Download- und Streaming-Portalen erh\u00e4ltlich.\u00a0<\/strong><\/span><\/p>\n<p><span style=\"color: #800000;\"><strong>Airdate (f\u00fcr Radiosender): 11.07.2025<\/strong><\/span><\/p>\n","protected":false},"excerpt":{"rendered":"<p>Robert Wind steht mit seiner vierten Single \u201eIch sp\u00fcr das Feuer in mir\u201c vor einem hei\u00dfen Sommer Es wird richtig hei\u00df auf dem Schlager-Parkett. Denn mit seinem neuen Titel \u201eIch sp\u00fcr das Feuer in mir\u201c l\u00e4sst Robert Wind nicht nur textlich Funken spr\u00fchen f\u00fcr eine gro\u00dfe Liebe. Auch musikalisch werden seine feurigen Rhythmen garantiert wieder f\u00fcr Hochstimmung sorgen auf den Tanzfl\u00e4chen. \u201eMein Herz steht voll in Flammen\u201c hei\u00dft es in seinem Ohrwurm-Refrain, und man sp\u00fcrt sofort, wie der Vollblut-Musiker aus Annaberg im Land Salzburg f\u00fcr den Schlager brennt. Kontinuierlich arbeitet sich Robert Wind mit Optimismus, Fr\u00f6hlichkeit und einer positiven Ausstrahlung auf der Erfolgsleiter nach oben&#8230;.<\/p>\n","protected":false},"author":1,"featured_media":36124,"comment_status":"open","ping_status":"open","sticky":false,"template":"","format":"standard","meta":{"footnotes":""},"categories":[3231,2,3470],"tags":[2837],"class_list":["post-36123","post","type-post","status-publish","format-standard","has-post-thumbnail","hentry","category-bergers-schlagerparadies","category-schlager","category-schlagerhimmel","tag-robert-wind","wpcat-3231-id","wpcat-2-id","wpcat-3470-id"],"_links":{"self":[{"href":"https:\/\/bergers-schlagerparadies.de\/index.php?rest_route=\/wp\/v2\/posts\/36123","targetHints":{"allow":["GET"]}}],"collection":[{"href":"https:\/\/bergers-schlagerparadies.de\/index.php?rest_route=\/wp\/v2\/posts"}],"about":[{"href":"https:\/\/bergers-schlagerparadies.de\/index.php?rest_route=\/wp\/v2\/types\/post"}],"author":[{"embeddable":true,"href":"https:\/\/bergers-schlagerparadies.de\/index.php?rest_route=\/wp\/v2\/users\/1"}],"replies":[{"embeddable":true,"href":"https:\/\/bergers-schlagerparadies.de\/index.php?rest_route=%2Fwp%2Fv2%2Fcomments&post=36123"}],"version-history":[{"count":1,"href":"https:\/\/bergers-schlagerparadies.de\/index.php?rest_route=\/wp\/v2\/posts\/36123\/revisions"}],"predecessor-version":[{"id":36125,"href":"https:\/\/bergers-schlagerparadies.de\/index.php?rest_route=\/wp\/v2\/posts\/36123\/revisions\/36125"}],"wp:featuredmedia":[{"embeddable":true,"href":"https:\/\/bergers-schlagerparadies.de\/index.php?rest_route=\/wp\/v2\/media\/36124"}],"wp:attachment":[{"href":"https:\/\/bergers-schlagerparadies.de\/index.php?rest_route=%2Fwp%2Fv2%2Fmedia&parent=36123"}],"wp:term":[{"taxonomy":"category","embeddable":true,"href":"https:\/\/bergers-schlagerparadies.de\/index.php?rest_route=%2Fwp%2Fv2%2Fcategories&post=36123"},{"taxonomy":"post_tag","embeddable":true,"href":"https:\/\/bergers-schlagerparadies.de\/index.php?rest_route=%2Fwp%2Fv2%2Ftags&post=36123"}],"curies":[{"name":"wp","href":"https:\/\/api.w.org\/{rel}","templated":true}]}}