{"id":36109,"date":"2025-06-18T13:17:11","date_gmt":"2025-06-18T11:17:11","guid":{"rendered":"https:\/\/bergers-schlagerparadies.de\/?p=36109"},"modified":"2025-06-18T13:17:11","modified_gmt":"2025-06-18T11:17:11","slug":"juana-gomez-de-la-torre-tanze-mit-mir-heute-nacht-%c2%b7-bergers-schlagerparadies","status":"publish","type":"post","link":"https:\/\/bergers-schlagerparadies.de\/?p=36109","title":{"rendered":"Juana Gomez de la Torre &#8211; Tanze mit mir heute Nacht \u00b7 Berger\u00b4s Schlagerparadies"},"content":{"rendered":"<p><img loading=\"lazy\" decoding=\"async\" class=\"size-medium wp-image-36110 alignleft\" src=\"https:\/\/bergers-schlagerparadies.de\/wp-content\/uploads\/2025\/06\/Juana-Gomez-de-la-Torre-Tanze-mit-mir-heute-Nacht-300x300.jpg\" alt=\"\" width=\"300\" height=\"300\" srcset=\"https:\/\/bergers-schlagerparadies.de\/wp-content\/uploads\/2025\/06\/Juana-Gomez-de-la-Torre-Tanze-mit-mir-heute-Nacht-300x300.jpg 300w, https:\/\/bergers-schlagerparadies.de\/wp-content\/uploads\/2025\/06\/Juana-Gomez-de-la-Torre-Tanze-mit-mir-heute-Nacht-1024x1024.jpg 1024w, https:\/\/bergers-schlagerparadies.de\/wp-content\/uploads\/2025\/06\/Juana-Gomez-de-la-Torre-Tanze-mit-mir-heute-Nacht-150x150.jpg 150w, https:\/\/bergers-schlagerparadies.de\/wp-content\/uploads\/2025\/06\/Juana-Gomez-de-la-Torre-Tanze-mit-mir-heute-Nacht-768x768.jpg 768w, https:\/\/bergers-schlagerparadies.de\/wp-content\/uploads\/2025\/06\/Juana-Gomez-de-la-Torre-Tanze-mit-mir-heute-Nacht-1536x1536.jpg 1536w, https:\/\/bergers-schlagerparadies.de\/wp-content\/uploads\/2025\/06\/Juana-Gomez-de-la-Torre-Tanze-mit-mir-heute-Nacht-2048x2048.jpg 2048w, https:\/\/bergers-schlagerparadies.de\/wp-content\/uploads\/2025\/06\/Juana-Gomez-de-la-Torre-Tanze-mit-mir-heute-Nacht-1200x1200.jpg 1200w, https:\/\/bergers-schlagerparadies.de\/wp-content\/uploads\/2025\/06\/Juana-Gomez-de-la-Torre-Tanze-mit-mir-heute-Nacht-1188x1188.jpg 1188w, https:\/\/bergers-schlagerparadies.de\/wp-content\/uploads\/2025\/06\/Juana-Gomez-de-la-Torre-Tanze-mit-mir-heute-Nacht-100x100.jpg 100w\" sizes=\"auto, (max-width: 300px) 100vw, 300px\" \/>Mit ihrer zweiten Single \u201eTanze mit mir heute Nacht\u201c legt Juana nach ihrem erfolgreichen Deb\u00fct im Mai 2025 kraftvoll nach \u2013 und liefert eine wahre Tanzbombe!<\/p>\n<p>Ver\u00f6ffentlicht bei Fiesta Records, vereint der Titel emotionale Tiefe mit mitrei\u00dfender Energie und Juana\u2019s unverkennbarer Leidenschaft.<\/p>\n<p>Die deutsch-spanische S\u00e4ngerin begeistert erneut mit authentischen Gef\u00fchlen, tanzbarem Popschlager und einer Stimme, die unter die Haut geht. Ihre spanischen Wurzeln verleihen dem Song zus\u00e4tzliches Feuer und machen ihn zu einem Highlight auf jeder Tanzfl\u00e4che.<\/p>\n<p>Schon jetzt wird Juana in Kommentaren als neue Schlagerqueen 2025 gefeiert \u2013 ein aufsteigender Stern am Schlagerhimmel, der f\u00fcr G\u00e4nsehaut und Partystimmung sorgt.<\/p>\n<p><span style=\"color: #800000;\"><strong>Quelle: Fiesta Records<\/strong><\/span><\/p>\n<p><span style=\"color: #800000;\"><strong>Dieser Song ist ab dem 20.06.2025 auf allen Download- und Streaming-Portalen erh\u00e4ltlich.\u00a0<\/strong><\/span><\/p>\n<p><span style=\"color: #800000;\"><strong>Airdate (f\u00fcr Radiosender): 17.06.2025<\/strong><\/span><\/p>\n","protected":false},"excerpt":{"rendered":"<p>Mit ihrer zweiten Single \u201eTanze mit mir heute Nacht\u201c legt Juana nach ihrem erfolgreichen Deb\u00fct im Mai 2025 kraftvoll nach \u2013 und liefert eine wahre Tanzbombe! Ver\u00f6ffentlicht bei Fiesta Records, vereint der Titel emotionale Tiefe mit mitrei\u00dfender Energie und Juana\u2019s unverkennbarer Leidenschaft. Die deutsch-spanische S\u00e4ngerin begeistert erneut mit authentischen Gef\u00fchlen, tanzbarem Popschlager und einer Stimme, die unter die Haut geht. Ihre spanischen Wurzeln verleihen dem Song zus\u00e4tzliches Feuer und machen ihn zu einem Highlight auf jeder Tanzfl\u00e4che. Schon jetzt wird Juana in Kommentaren als neue Schlagerqueen 2025 gefeiert \u2013 ein aufsteigender Stern am Schlagerhimmel, der f\u00fcr G\u00e4nsehaut und Partystimmung sorgt. Quelle: Fiesta Records Dieser Song&#8230;<\/p>\n","protected":false},"author":1,"featured_media":36110,"comment_status":"open","ping_status":"open","sticky":false,"template":"","format":"standard","meta":{"footnotes":""},"categories":[3231,3232,2],"tags":[4063],"class_list":["post-36109","post","type-post","status-publish","format-standard","has-post-thumbnail","hentry","category-bergers-schlagerparadies","category-fiesta-records","category-schlager","tag-juana-gomez-de-la-torre","wpcat-3231-id","wpcat-3232-id","wpcat-2-id"],"_links":{"self":[{"href":"https:\/\/bergers-schlagerparadies.de\/index.php?rest_route=\/wp\/v2\/posts\/36109","targetHints":{"allow":["GET"]}}],"collection":[{"href":"https:\/\/bergers-schlagerparadies.de\/index.php?rest_route=\/wp\/v2\/posts"}],"about":[{"href":"https:\/\/bergers-schlagerparadies.de\/index.php?rest_route=\/wp\/v2\/types\/post"}],"author":[{"embeddable":true,"href":"https:\/\/bergers-schlagerparadies.de\/index.php?rest_route=\/wp\/v2\/users\/1"}],"replies":[{"embeddable":true,"href":"https:\/\/bergers-schlagerparadies.de\/index.php?rest_route=%2Fwp%2Fv2%2Fcomments&post=36109"}],"version-history":[{"count":1,"href":"https:\/\/bergers-schlagerparadies.de\/index.php?rest_route=\/wp\/v2\/posts\/36109\/revisions"}],"predecessor-version":[{"id":36111,"href":"https:\/\/bergers-schlagerparadies.de\/index.php?rest_route=\/wp\/v2\/posts\/36109\/revisions\/36111"}],"wp:featuredmedia":[{"embeddable":true,"href":"https:\/\/bergers-schlagerparadies.de\/index.php?rest_route=\/wp\/v2\/media\/36110"}],"wp:attachment":[{"href":"https:\/\/bergers-schlagerparadies.de\/index.php?rest_route=%2Fwp%2Fv2%2Fmedia&parent=36109"}],"wp:term":[{"taxonomy":"category","embeddable":true,"href":"https:\/\/bergers-schlagerparadies.de\/index.php?rest_route=%2Fwp%2Fv2%2Fcategories&post=36109"},{"taxonomy":"post_tag","embeddable":true,"href":"https:\/\/bergers-schlagerparadies.de\/index.php?rest_route=%2Fwp%2Fv2%2Ftags&post=36109"}],"curies":[{"name":"wp","href":"https:\/\/api.w.org\/{rel}","templated":true}]}}