{"id":36092,"date":"2025-06-23T10:30:52","date_gmt":"2025-06-23T08:30:52","guid":{"rendered":"https:\/\/bergers-schlagerparadies.de\/?p=36092"},"modified":"2025-06-17T11:03:10","modified_gmt":"2025-06-17T09:03:10","slug":"zweiklang-wie-der-wind-wehst-du-mir-ins-gesicht-muranomix-%c2%b7-bergers-schlagerparadies","status":"publish","type":"post","link":"https:\/\/bergers-schlagerparadies.de\/?p=36092","title":{"rendered":"Zweiklang &#8211; Wie der Wind wehst Du mir ins Gesicht (Muranomix) \u00b7 Berger\u00b4s Schlagerparadies"},"content":{"rendered":"<p><img loading=\"lazy\" decoding=\"async\" class=\"size-medium wp-image-36093 alignleft\" src=\"https:\/\/bergers-schlagerparadies.de\/wp-content\/uploads\/2025\/06\/Zweiklang-Wie-der-Wind-wehst-DU-mir-ins-Gesicht-300x300.jpg\" alt=\"\" width=\"300\" height=\"300\" srcset=\"https:\/\/bergers-schlagerparadies.de\/wp-content\/uploads\/2025\/06\/Zweiklang-Wie-der-Wind-wehst-DU-mir-ins-Gesicht-300x300.jpg 300w, https:\/\/bergers-schlagerparadies.de\/wp-content\/uploads\/2025\/06\/Zweiklang-Wie-der-Wind-wehst-DU-mir-ins-Gesicht-1024x1024.jpg 1024w, https:\/\/bergers-schlagerparadies.de\/wp-content\/uploads\/2025\/06\/Zweiklang-Wie-der-Wind-wehst-DU-mir-ins-Gesicht-150x150.jpg 150w, https:\/\/bergers-schlagerparadies.de\/wp-content\/uploads\/2025\/06\/Zweiklang-Wie-der-Wind-wehst-DU-mir-ins-Gesicht-768x768.jpg 768w, https:\/\/bergers-schlagerparadies.de\/wp-content\/uploads\/2025\/06\/Zweiklang-Wie-der-Wind-wehst-DU-mir-ins-Gesicht-1536x1536.jpg 1536w, https:\/\/bergers-schlagerparadies.de\/wp-content\/uploads\/2025\/06\/Zweiklang-Wie-der-Wind-wehst-DU-mir-ins-Gesicht-1200x1200.jpg 1200w, https:\/\/bergers-schlagerparadies.de\/wp-content\/uploads\/2025\/06\/Zweiklang-Wie-der-Wind-wehst-DU-mir-ins-Gesicht-1188x1188.jpg 1188w, https:\/\/bergers-schlagerparadies.de\/wp-content\/uploads\/2025\/06\/Zweiklang-Wie-der-Wind-wehst-DU-mir-ins-Gesicht-100x100.jpg 100w, https:\/\/bergers-schlagerparadies.de\/wp-content\/uploads\/2025\/06\/Zweiklang-Wie-der-Wind-wehst-DU-mir-ins-Gesicht.jpg 2000w\" sizes=\"auto, (max-width: 300px) 100vw, 300px\" \/>Der Kult-Schlager in neuem Club-Sound \u2013 Daniele Loritto liefert tanzbaren Remix<\/p>\n<p>Mit dem Murano Mix von \u201eWie der Wind wehst Du mir ins Gesicht\u201c pr\u00e4sentieren Zweiklang und 2Base Records eine aufregende Neuinterpretation des Schlagerklassikers \u2013 diesmal mit deutlich mehr BPM und Dancefloor-Flair.<\/p>\n<p>Produziert von Daniele Loritto, der unter dem Pseudonym Murano Mix erfolgreich Remixe f\u00fcr die Schlager- und Popwelt realisiert, trifft gef\u00fchlvolle Melodie auf moderne Club-Vibes. Der Remix bringt frischen Schwung in den emotionalen Titel von Brunner &amp; Brunner \u2013 ohne dabei seine Seele zu verlieren.<br \/>\nMit satten Beats, atmosph\u00e4rischen Synths und einem zeitgem\u00e4\u00dfen Arrangement verwandelt der Murano Mix das gef\u00fchlvolle Duett von Zweiklang in eine tanzbare Version, die sowohl im Radio als auch auf den Tanzfl\u00e4chen \u00fcberzeugt.<\/p>\n<p>Nach dem erfolgreichen Release der Originalversion am 23. Mai 2025 folgt nun der n\u00e4chste Schritt:<\/p>\n<p><strong>Der Murano Mix erscheint am 27. Juni 2025 auf allen g\u00e4ngigen Streaming- und Download-Plattformen.<\/strong><\/p>\n<p>Artist: Zweiklang<br \/>\nTitel: Wie der Wind wehst Du mir ins Gesicht (Murano Mix)<br \/>\nRemix-Produzent: Daniele Loritto aka Murano Mix<\/p>\n<p><span style=\"color: #800000;\"><strong>Quelle: 2Base Records<\/strong><\/span><\/p>\n<p><span style=\"color: #800000;\"><strong>Dieser Song ist ab dem 27.06.2025 auf allen Download- und Streaming-Portalen erh\u00e4ltlich.\u00a0<\/strong><\/span><\/p>\n<p><span style=\"color: #800000;\"><strong>Airdate (f\u00fcr Radiosender): 27.06.2025<\/strong><\/span><\/p>\n","protected":false},"excerpt":{"rendered":"<p>Der Kult-Schlager in neuem Club-Sound \u2013 Daniele Loritto liefert tanzbaren Remix Mit dem Murano Mix von \u201eWie der Wind wehst Du mir ins Gesicht\u201c pr\u00e4sentieren Zweiklang und 2Base Records eine aufregende Neuinterpretation des Schlagerklassikers \u2013 diesmal mit deutlich mehr BPM und Dancefloor-Flair. Produziert von Daniele Loritto, der unter dem Pseudonym Murano Mix erfolgreich Remixe f\u00fcr die Schlager- und Popwelt realisiert, trifft gef\u00fchlvolle Melodie auf moderne Club-Vibes. Der Remix bringt frischen Schwung in den emotionalen Titel von Brunner &amp; Brunner \u2013 ohne dabei seine Seele zu verlieren. Mit satten Beats, atmosph\u00e4rischen Synths und einem zeitgem\u00e4\u00dfen Arrangement verwandelt der Murano Mix das gef\u00fchlvolle Duett von Zweiklang in&#8230;<\/p>\n","protected":false},"author":1,"featured_media":36093,"comment_status":"open","ping_status":"open","sticky":false,"template":"","format":"standard","meta":{"footnotes":""},"categories":[3252,3231,2],"tags":[639],"class_list":["post-36092","post","type-post","status-publish","format-standard","has-post-thumbnail","hentry","category-2base-records","category-bergers-schlagerparadies","category-schlager","tag-zweiklang","wpcat-3252-id","wpcat-3231-id","wpcat-2-id"],"_links":{"self":[{"href":"https:\/\/bergers-schlagerparadies.de\/index.php?rest_route=\/wp\/v2\/posts\/36092","targetHints":{"allow":["GET"]}}],"collection":[{"href":"https:\/\/bergers-schlagerparadies.de\/index.php?rest_route=\/wp\/v2\/posts"}],"about":[{"href":"https:\/\/bergers-schlagerparadies.de\/index.php?rest_route=\/wp\/v2\/types\/post"}],"author":[{"embeddable":true,"href":"https:\/\/bergers-schlagerparadies.de\/index.php?rest_route=\/wp\/v2\/users\/1"}],"replies":[{"embeddable":true,"href":"https:\/\/bergers-schlagerparadies.de\/index.php?rest_route=%2Fwp%2Fv2%2Fcomments&post=36092"}],"version-history":[{"count":1,"href":"https:\/\/bergers-schlagerparadies.de\/index.php?rest_route=\/wp\/v2\/posts\/36092\/revisions"}],"predecessor-version":[{"id":36094,"href":"https:\/\/bergers-schlagerparadies.de\/index.php?rest_route=\/wp\/v2\/posts\/36092\/revisions\/36094"}],"wp:featuredmedia":[{"embeddable":true,"href":"https:\/\/bergers-schlagerparadies.de\/index.php?rest_route=\/wp\/v2\/media\/36093"}],"wp:attachment":[{"href":"https:\/\/bergers-schlagerparadies.de\/index.php?rest_route=%2Fwp%2Fv2%2Fmedia&parent=36092"}],"wp:term":[{"taxonomy":"category","embeddable":true,"href":"https:\/\/bergers-schlagerparadies.de\/index.php?rest_route=%2Fwp%2Fv2%2Fcategories&post=36092"},{"taxonomy":"post_tag","embeddable":true,"href":"https:\/\/bergers-schlagerparadies.de\/index.php?rest_route=%2Fwp%2Fv2%2Ftags&post=36092"}],"curies":[{"name":"wp","href":"https:\/\/api.w.org\/{rel}","templated":true}]}}