{"id":36042,"date":"2025-06-17T10:30:29","date_gmt":"2025-06-17T08:30:29","guid":{"rendered":"https:\/\/bergers-schlagerparadies.de\/?p=36042"},"modified":"2025-06-17T10:45:54","modified_gmt":"2025-06-17T08:45:54","slug":"yve-zart-wenn-du-ehrlich-zu-dir-bist-%c2%b7-bergers-schlagerparadies","status":"publish","type":"post","link":"https:\/\/bergers-schlagerparadies.de\/?p=36042","title":{"rendered":"Yve Zart &#8211; Wenn du ehrlich zu dir bist \u00b7 Berger\u00b4s Schlagerparadies"},"content":{"rendered":"<p><img loading=\"lazy\" decoding=\"async\" class=\"size-medium wp-image-36043 alignleft\" src=\"https:\/\/bergers-schlagerparadies.de\/wp-content\/uploads\/2025\/06\/Yve-Zart-Wenn-du-ehrlich-zu-dir-bist-300x300.jpeg\" alt=\"\" width=\"300\" height=\"300\" srcset=\"https:\/\/bergers-schlagerparadies.de\/wp-content\/uploads\/2025\/06\/Yve-Zart-Wenn-du-ehrlich-zu-dir-bist-300x300.jpeg 300w, https:\/\/bergers-schlagerparadies.de\/wp-content\/uploads\/2025\/06\/Yve-Zart-Wenn-du-ehrlich-zu-dir-bist-1024x1024.jpeg 1024w, https:\/\/bergers-schlagerparadies.de\/wp-content\/uploads\/2025\/06\/Yve-Zart-Wenn-du-ehrlich-zu-dir-bist-150x150.jpeg 150w, https:\/\/bergers-schlagerparadies.de\/wp-content\/uploads\/2025\/06\/Yve-Zart-Wenn-du-ehrlich-zu-dir-bist-768x768.jpeg 768w, https:\/\/bergers-schlagerparadies.de\/wp-content\/uploads\/2025\/06\/Yve-Zart-Wenn-du-ehrlich-zu-dir-bist-1536x1536.jpeg 1536w, https:\/\/bergers-schlagerparadies.de\/wp-content\/uploads\/2025\/06\/Yve-Zart-Wenn-du-ehrlich-zu-dir-bist-2048x2048.jpeg 2048w, https:\/\/bergers-schlagerparadies.de\/wp-content\/uploads\/2025\/06\/Yve-Zart-Wenn-du-ehrlich-zu-dir-bist-1200x1200.jpeg 1200w, https:\/\/bergers-schlagerparadies.de\/wp-content\/uploads\/2025\/06\/Yve-Zart-Wenn-du-ehrlich-zu-dir-bist-1188x1188.jpeg 1188w, https:\/\/bergers-schlagerparadies.de\/wp-content\/uploads\/2025\/06\/Yve-Zart-Wenn-du-ehrlich-zu-dir-bist-100x100.jpeg 100w\" sizes=\"auto, (max-width: 300px) 100vw, 300px\" \/>Mit ihrer neuen Single \u201eWenn du ehrlich zu dir bist\u201c \u00f6ffnet Yve Zart ein emotionales Kapitel, das viele kennen, aber selten laut aussprechen: Was passiert, wenn eine alte Liebe in unser neues Leben zur\u00fccktritt und pl\u00f6tzlich alles ins Wanken bringt?<\/p>\n<p>In einem feinf\u00fchligen, modernen Soundgewand erz\u00e4hlt Yve Zart die Geschichte einer Frau, die glaubt, mit der Vergangenheit abgeschlossen zu haben, bis das Leben sie auf eine alte Liebe treffen l\u00e4sst Denn manchmal meinen wir, losgelassen zu haben, doch im Innersten hat sich die Liebe still<br \/>\nund heimlich einen Platz bewahrt.<\/p>\n<p>Es ist kein trauriger Abschiedssong, sondern eine starke Reflexion \u00fcber das, was uns zu Menschen macht: unsere F\u00e4higkeit zu f\u00fchlen, zu erinnern und manchmal nicht loslassen zu k\u00f6nnen. Yve Zart bringt mit \u201eWenn du ehrlich zu dir bist\u201c einen Song, der zwischen leiser Melancholie und sanfter Hoffnung balanciert.<\/p>\n<p>Der Song lebt von ihrer klaren Stimme, ihrer direkten Sprache und einem Arrangement, das moderne Pop-Elemente mit emotionaler Tiefe verbindet.<\/p>\n<p><span style=\"color: #800000;\"><strong>Quelle: Fiesta Records<\/strong><\/span><\/p>\n<p><span style=\"color: #800000;\"><strong>Dieser Song ist ab dem 20.06.2025 auf allen Download- und Streaming-Portalen erh\u00e4ltlich.\u00a0<\/strong><\/span><\/p>\n<p><span style=\"color: #800000;\"><strong>Airdate (f\u00fcr Radiosender): 17.06.2025<\/strong><\/span><\/p>\n","protected":false},"excerpt":{"rendered":"<p>Mit ihrer neuen Single \u201eWenn du ehrlich zu dir bist\u201c \u00f6ffnet Yve Zart ein emotionales Kapitel, das viele kennen, aber selten laut aussprechen: Was passiert, wenn eine alte Liebe in unser neues Leben zur\u00fccktritt und pl\u00f6tzlich alles ins Wanken bringt? In einem feinf\u00fchligen, modernen Soundgewand erz\u00e4hlt Yve Zart die Geschichte einer Frau, die glaubt, mit der Vergangenheit abgeschlossen zu haben, bis das Leben sie auf eine alte Liebe treffen l\u00e4sst Denn manchmal meinen wir, losgelassen zu haben, doch im Innersten hat sich die Liebe still und heimlich einen Platz bewahrt. Es ist kein trauriger Abschiedssong, sondern eine starke Reflexion \u00fcber das, was uns zu Menschen&#8230;<\/p>\n","protected":false},"author":1,"featured_media":36043,"comment_status":"open","ping_status":"open","sticky":false,"template":"","format":"standard","meta":{"footnotes":""},"categories":[3231,3232,2],"tags":[184],"class_list":["post-36042","post","type-post","status-publish","format-standard","has-post-thumbnail","hentry","category-bergers-schlagerparadies","category-fiesta-records","category-schlager","tag-yve-zart","wpcat-3231-id","wpcat-3232-id","wpcat-2-id"],"_links":{"self":[{"href":"https:\/\/bergers-schlagerparadies.de\/index.php?rest_route=\/wp\/v2\/posts\/36042","targetHints":{"allow":["GET"]}}],"collection":[{"href":"https:\/\/bergers-schlagerparadies.de\/index.php?rest_route=\/wp\/v2\/posts"}],"about":[{"href":"https:\/\/bergers-schlagerparadies.de\/index.php?rest_route=\/wp\/v2\/types\/post"}],"author":[{"embeddable":true,"href":"https:\/\/bergers-schlagerparadies.de\/index.php?rest_route=\/wp\/v2\/users\/1"}],"replies":[{"embeddable":true,"href":"https:\/\/bergers-schlagerparadies.de\/index.php?rest_route=%2Fwp%2Fv2%2Fcomments&post=36042"}],"version-history":[{"count":2,"href":"https:\/\/bergers-schlagerparadies.de\/index.php?rest_route=\/wp\/v2\/posts\/36042\/revisions"}],"predecessor-version":[{"id":36090,"href":"https:\/\/bergers-schlagerparadies.de\/index.php?rest_route=\/wp\/v2\/posts\/36042\/revisions\/36090"}],"wp:featuredmedia":[{"embeddable":true,"href":"https:\/\/bergers-schlagerparadies.de\/index.php?rest_route=\/wp\/v2\/media\/36043"}],"wp:attachment":[{"href":"https:\/\/bergers-schlagerparadies.de\/index.php?rest_route=%2Fwp%2Fv2%2Fmedia&parent=36042"}],"wp:term":[{"taxonomy":"category","embeddable":true,"href":"https:\/\/bergers-schlagerparadies.de\/index.php?rest_route=%2Fwp%2Fv2%2Fcategories&post=36042"},{"taxonomy":"post_tag","embeddable":true,"href":"https:\/\/bergers-schlagerparadies.de\/index.php?rest_route=%2Fwp%2Fv2%2Ftags&post=36042"}],"curies":[{"name":"wp","href":"https:\/\/api.w.org\/{rel}","templated":true}]}}