{"id":36011,"date":"2025-06-16T12:01:11","date_gmt":"2025-06-16T10:01:11","guid":{"rendered":"https:\/\/bergers-schlagerparadies.de\/?p=36011"},"modified":"2025-06-16T12:01:11","modified_gmt":"2025-06-16T10:01:11","slug":"christian-lais-fuer-die-ewigkeit-%c2%b7-bergers-schlagerparadies","status":"publish","type":"post","link":"https:\/\/bergers-schlagerparadies.de\/?p=36011","title":{"rendered":"Christian Lais &#8211; F\u00fcr die Ewigkeit \u00b7 Berger\u00b4s Schlagerparadies"},"content":{"rendered":"<p><img loading=\"lazy\" decoding=\"async\" class=\"size-medium wp-image-36012 alignleft\" src=\"https:\/\/bergers-schlagerparadies.de\/wp-content\/uploads\/2025\/06\/Christian-Lais-Fuer-die-Ewigkeit-300x300.jpeg\" alt=\"\" width=\"300\" height=\"300\" srcset=\"https:\/\/bergers-schlagerparadies.de\/wp-content\/uploads\/2025\/06\/Christian-Lais-Fuer-die-Ewigkeit-300x300.jpeg 300w, https:\/\/bergers-schlagerparadies.de\/wp-content\/uploads\/2025\/06\/Christian-Lais-Fuer-die-Ewigkeit-1024x1024.jpeg 1024w, https:\/\/bergers-schlagerparadies.de\/wp-content\/uploads\/2025\/06\/Christian-Lais-Fuer-die-Ewigkeit-150x150.jpeg 150w, https:\/\/bergers-schlagerparadies.de\/wp-content\/uploads\/2025\/06\/Christian-Lais-Fuer-die-Ewigkeit-768x768.jpeg 768w, https:\/\/bergers-schlagerparadies.de\/wp-content\/uploads\/2025\/06\/Christian-Lais-Fuer-die-Ewigkeit-1200x1200.jpeg 1200w, https:\/\/bergers-schlagerparadies.de\/wp-content\/uploads\/2025\/06\/Christian-Lais-Fuer-die-Ewigkeit-1188x1188.jpeg 1188w, https:\/\/bergers-schlagerparadies.de\/wp-content\/uploads\/2025\/06\/Christian-Lais-Fuer-die-Ewigkeit-100x100.jpeg 100w, https:\/\/bergers-schlagerparadies.de\/wp-content\/uploads\/2025\/06\/Christian-Lais-Fuer-die-Ewigkeit.jpeg 1400w\" sizes=\"auto, (max-width: 300px) 100vw, 300px\" \/>F\u00fcr Christian Lais gilt es ein Jubil\u00e4um zu feiern, denn genau vor 25 Jahren &#8211; Anfang der 2000er Jahre &#8211; bekam er mit einem selbstgeschriebenen Song den ersten Plattenvertrag seines Lebens! Heute nun, ein Vierteljahrhundert sp\u00e4ter geh\u00f6rt er zur ersten Garnitur des deutschen Pop-Schlagers. Und sein Versprechen von damals steht: Ich sing \u201eF\u00fcr die Ewigkeit\u201c! Jetzt sogar im Wortsinne mit seiner brandaktuellen Single, die garantiert wieder neue Streaming- und Download-Rekorde erreichen wird.<br \/>\nEin Song mit dem Blick zur\u00fcck und in die Zukunft. Aber da das Leben ja bekanntlich genau heute stattfindet, vor allem gekr\u00f6nt von der gro\u00dfen Dankbarkeit f\u00fcr das Gl\u00fcck, welches Christian Lais im Moment erf\u00e4hrt. Und von dem er sich bewusst ist, dass so ein Gl\u00fcck nicht selbstverst\u00e4ndlich ist. Die eigene LIVE-Tour 2025 mit einer Spitzen-Band wurde zum umjubelten Highlight! Christians Fazit: Das k\u00f6nnte \u201eF\u00fcr die Ewigkeit\u201c so weiter gehen. Die Traumhochzeit in der Karibik wurde kurz zuvor, quasi mit dem Blick auf den 25-j\u00e4hrigen Jahrestag der Liebe zu seinem Ernst, zu einem Schwur \u201eF\u00fcr die Ewigkeit\u201c! Diese autobiografische Lovestory begann tats\u00e4chlich mit einer geschlauchten Zigarette und einem Ohrwurm von Terry Jacks. Und wird nun erstmals musikalisch von Christian Lais erz\u00e4hlt.<br \/>\nNach den gro\u00dfen Erfolgen von \u201eAnders\u201c und \u201eLais 2.0\u201c wollte Christian Lais mit \u201eF\u00fcr die Ewigkeit\u201c die Geschichte des Beginns seiner Liebe erz\u00e4hlen!<br \/>\nGute Chartplatzierungen oder Streaming-Erfolge sind f\u00fcr den charismatischen S\u00e4nger keine Gr\u00fcnde, sich auszuruhen: \u201eWenn bei \u201eF\u00fcr die Ewigkeit\u201c Paare aller Couleur vor der B\u00fchne stehen, fest umarmt und sich den Refrain gegenseitig ins Ohr singen, dann habe ich erneut mein Ziel erreicht!\u201c<br \/>\n\u201eF\u00fcr die Ewigkeit\u201c passt in jede Playlist und beugt sich, wie Christian betont, nur einem Format: \u201eM\u00f6ge die Liebe `F\u00fcr die Ewigkeit` das Nonplusultra bleiben! Daf\u00fcr singe ich\u201c<\/p>\n<p><span style=\"color: #800000;\"><strong>Quelle: Telamo<\/strong><\/span><\/p>\n<p><span style=\"color: #800000;\"><strong>Dieser Song ist ab dem 20.06.2025 auf allen Download- und Streaming-Portalen erh\u00e4ltlich.\u00a0<\/strong><\/span><\/p>\n<p><span style=\"color: #800000;\"><strong>Airdate (f\u00fcr Radiosender): 20.06.2025<\/strong><\/span><\/p>\n","protected":false},"excerpt":{"rendered":"<p>F\u00fcr Christian Lais gilt es ein Jubil\u00e4um zu feiern, denn genau vor 25 Jahren &#8211; Anfang der 2000er Jahre &#8211; bekam er mit einem selbstgeschriebenen Song den ersten Plattenvertrag seines Lebens! Heute nun, ein Vierteljahrhundert sp\u00e4ter geh\u00f6rt er zur ersten Garnitur des deutschen Pop-Schlagers. Und sein Versprechen von damals steht: Ich sing \u201eF\u00fcr die Ewigkeit\u201c! Jetzt sogar im Wortsinne mit seiner brandaktuellen Single, die garantiert wieder neue Streaming- und Download-Rekorde erreichen wird. Ein Song mit dem Blick zur\u00fcck und in die Zukunft. Aber da das Leben ja bekanntlich genau heute stattfindet, vor allem gekr\u00f6nt von der gro\u00dfen Dankbarkeit f\u00fcr das Gl\u00fcck, welches Christian Lais im&#8230;<\/p>\n","protected":false},"author":1,"featured_media":36012,"comment_status":"open","ping_status":"open","sticky":false,"template":"","format":"standard","meta":{"footnotes":""},"categories":[3231,2,3239],"tags":[668],"class_list":["post-36011","post","type-post","status-publish","format-standard","has-post-thumbnail","hentry","category-bergers-schlagerparadies","category-schlager","category-telamo","tag-christian-lais","wpcat-3231-id","wpcat-2-id","wpcat-3239-id"],"_links":{"self":[{"href":"https:\/\/bergers-schlagerparadies.de\/index.php?rest_route=\/wp\/v2\/posts\/36011","targetHints":{"allow":["GET"]}}],"collection":[{"href":"https:\/\/bergers-schlagerparadies.de\/index.php?rest_route=\/wp\/v2\/posts"}],"about":[{"href":"https:\/\/bergers-schlagerparadies.de\/index.php?rest_route=\/wp\/v2\/types\/post"}],"author":[{"embeddable":true,"href":"https:\/\/bergers-schlagerparadies.de\/index.php?rest_route=\/wp\/v2\/users\/1"}],"replies":[{"embeddable":true,"href":"https:\/\/bergers-schlagerparadies.de\/index.php?rest_route=%2Fwp%2Fv2%2Fcomments&post=36011"}],"version-history":[{"count":1,"href":"https:\/\/bergers-schlagerparadies.de\/index.php?rest_route=\/wp\/v2\/posts\/36011\/revisions"}],"predecessor-version":[{"id":36013,"href":"https:\/\/bergers-schlagerparadies.de\/index.php?rest_route=\/wp\/v2\/posts\/36011\/revisions\/36013"}],"wp:featuredmedia":[{"embeddable":true,"href":"https:\/\/bergers-schlagerparadies.de\/index.php?rest_route=\/wp\/v2\/media\/36012"}],"wp:attachment":[{"href":"https:\/\/bergers-schlagerparadies.de\/index.php?rest_route=%2Fwp%2Fv2%2Fmedia&parent=36011"}],"wp:term":[{"taxonomy":"category","embeddable":true,"href":"https:\/\/bergers-schlagerparadies.de\/index.php?rest_route=%2Fwp%2Fv2%2Fcategories&post=36011"},{"taxonomy":"post_tag","embeddable":true,"href":"https:\/\/bergers-schlagerparadies.de\/index.php?rest_route=%2Fwp%2Fv2%2Ftags&post=36011"}],"curies":[{"name":"wp","href":"https:\/\/api.w.org\/{rel}","templated":true}]}}