{"id":35937,"date":"2025-06-16T10:30:51","date_gmt":"2025-06-16T08:30:51","guid":{"rendered":"https:\/\/bergers-schlagerparadies.de\/?p=35937"},"modified":"2025-06-16T14:54:51","modified_gmt":"2025-06-16T12:54:51","slug":"andrea-stein-gluecklich-in-deinen-armen-%c2%b7-bergers-schlagerparadies","status":"publish","type":"post","link":"https:\/\/bergers-schlagerparadies.de\/?p=35937","title":{"rendered":"Andrea Stein &#8211; Gl\u00fccklich in deinen Armen \u00b7 Berger\u00b4s Schlagerparadies"},"content":{"rendered":"<p><img loading=\"lazy\" decoding=\"async\" class=\"size-medium wp-image-35938 alignleft\" src=\"https:\/\/bergers-schlagerparadies.de\/wp-content\/uploads\/2025\/06\/Andrea-Stein-Gluecklich-in-deinen-Armen-300x300.jpeg\" alt=\"\" width=\"300\" height=\"300\" srcset=\"https:\/\/bergers-schlagerparadies.de\/wp-content\/uploads\/2025\/06\/Andrea-Stein-Gluecklich-in-deinen-Armen-300x300.jpeg 300w, https:\/\/bergers-schlagerparadies.de\/wp-content\/uploads\/2025\/06\/Andrea-Stein-Gluecklich-in-deinen-Armen-1024x1024.jpeg 1024w, https:\/\/bergers-schlagerparadies.de\/wp-content\/uploads\/2025\/06\/Andrea-Stein-Gluecklich-in-deinen-Armen-150x150.jpeg 150w, https:\/\/bergers-schlagerparadies.de\/wp-content\/uploads\/2025\/06\/Andrea-Stein-Gluecklich-in-deinen-Armen-768x768.jpeg 768w, https:\/\/bergers-schlagerparadies.de\/wp-content\/uploads\/2025\/06\/Andrea-Stein-Gluecklich-in-deinen-Armen-1536x1536.jpeg 1536w, https:\/\/bergers-schlagerparadies.de\/wp-content\/uploads\/2025\/06\/Andrea-Stein-Gluecklich-in-deinen-Armen-2048x2048.jpeg 2048w, https:\/\/bergers-schlagerparadies.de\/wp-content\/uploads\/2025\/06\/Andrea-Stein-Gluecklich-in-deinen-Armen-1200x1200.jpeg 1200w, https:\/\/bergers-schlagerparadies.de\/wp-content\/uploads\/2025\/06\/Andrea-Stein-Gluecklich-in-deinen-Armen-1188x1188.jpeg 1188w, https:\/\/bergers-schlagerparadies.de\/wp-content\/uploads\/2025\/06\/Andrea-Stein-Gluecklich-in-deinen-Armen-100x100.jpeg 100w\" sizes=\"auto, (max-width: 300px) 100vw, 300px\" \/>Mit ihrer neuen Single \u201eGl\u00fccklich in deinen Armen\u201c meldet sich Andrea Stein eindrucksvoll zur\u00fcck.<\/p>\n<p>Der mitrei\u00dfende, moderne Up-Tempo-Schlager markiert zugleich einen wichtigen Meilenstein in der<br \/>\nKarriere der K\u00fcnstlerin: \u201eGl\u00fccklich in deinen Armen\u201c ist der offizielle Startschuss der Zusammenarbeit<br \/>\nmit ihrem neuen Management David Scheuvens von Scheuvens Music.<\/p>\n<p>Gemeinsam schl\u00e4gt Andrea Stein ein neues Kapitel auf \u2013 mit frischer Energie, starker musikalischer<br \/>\nVision und gro\u00dfer Authentizit\u00e4t.<\/p>\n<p>Der Song selbst ist eine emotionale Reise durch eine Liebe zwischen Hoffnung und Realit\u00e4t. \u201eGl\u00fccklich<br \/>\nin deinen Armen\u201c ist nicht nur ein bewegender Song, sondern auch ein kraftvolles Statement f\u00fcr den<br \/>\nNeuanfang einer K\u00fcnstlerin, die wei\u00df, was sie will.<\/p>\n<p><span style=\"color: #800000;\"><strong>Quelle: Fiesta Records<\/strong><\/span><\/p>\n<p><span style=\"color: #800000;\"><strong>Dieser Song ist ab dem 20.06.2025 auf allen Download- und Streaming-Portalen erh\u00e4ltlich.\u00a0<\/strong><\/span><\/p>\n<p><span style=\"color: #800000;\"><strong>Airdate (f\u00fcr Radiosender): 16.06.2025<\/strong><\/span><\/p>\n","protected":false},"excerpt":{"rendered":"<p>Mit ihrer neuen Single \u201eGl\u00fccklich in deinen Armen\u201c meldet sich Andrea Stein eindrucksvoll zur\u00fcck. Der mitrei\u00dfende, moderne Up-Tempo-Schlager markiert zugleich einen wichtigen Meilenstein in der Karriere der K\u00fcnstlerin: \u201eGl\u00fccklich in deinen Armen\u201c ist der offizielle Startschuss der Zusammenarbeit mit ihrem neuen Management David Scheuvens von Scheuvens Music. Gemeinsam schl\u00e4gt Andrea Stein ein neues Kapitel auf \u2013 mit frischer Energie, starker musikalischer Vision und gro\u00dfer Authentizit\u00e4t. Der Song selbst ist eine emotionale Reise durch eine Liebe zwischen Hoffnung und Realit\u00e4t. \u201eGl\u00fccklich in deinen Armen\u201c ist nicht nur ein bewegender Song, sondern auch ein kraftvolles Statement f\u00fcr den Neuanfang einer K\u00fcnstlerin, die wei\u00df, was sie will. Quelle:&#8230;<\/p>\n","protected":false},"author":1,"featured_media":35938,"comment_status":"open","ping_status":"open","sticky":false,"template":"","format":"standard","meta":{"footnotes":""},"categories":[3231,3232,2],"tags":[2848],"class_list":["post-35937","post","type-post","status-publish","format-standard","has-post-thumbnail","hentry","category-bergers-schlagerparadies","category-fiesta-records","category-schlager","tag-andrea-stein","wpcat-3231-id","wpcat-3232-id","wpcat-2-id"],"_links":{"self":[{"href":"https:\/\/bergers-schlagerparadies.de\/index.php?rest_route=\/wp\/v2\/posts\/35937","targetHints":{"allow":["GET"]}}],"collection":[{"href":"https:\/\/bergers-schlagerparadies.de\/index.php?rest_route=\/wp\/v2\/posts"}],"about":[{"href":"https:\/\/bergers-schlagerparadies.de\/index.php?rest_route=\/wp\/v2\/types\/post"}],"author":[{"embeddable":true,"href":"https:\/\/bergers-schlagerparadies.de\/index.php?rest_route=\/wp\/v2\/users\/1"}],"replies":[{"embeddable":true,"href":"https:\/\/bergers-schlagerparadies.de\/index.php?rest_route=%2Fwp%2Fv2%2Fcomments&post=35937"}],"version-history":[{"count":2,"href":"https:\/\/bergers-schlagerparadies.de\/index.php?rest_route=\/wp\/v2\/posts\/35937\/revisions"}],"predecessor-version":[{"id":36055,"href":"https:\/\/bergers-schlagerparadies.de\/index.php?rest_route=\/wp\/v2\/posts\/35937\/revisions\/36055"}],"wp:featuredmedia":[{"embeddable":true,"href":"https:\/\/bergers-schlagerparadies.de\/index.php?rest_route=\/wp\/v2\/media\/35938"}],"wp:attachment":[{"href":"https:\/\/bergers-schlagerparadies.de\/index.php?rest_route=%2Fwp%2Fv2%2Fmedia&parent=35937"}],"wp:term":[{"taxonomy":"category","embeddable":true,"href":"https:\/\/bergers-schlagerparadies.de\/index.php?rest_route=%2Fwp%2Fv2%2Fcategories&post=35937"},{"taxonomy":"post_tag","embeddable":true,"href":"https:\/\/bergers-schlagerparadies.de\/index.php?rest_route=%2Fwp%2Fv2%2Ftags&post=35937"}],"curies":[{"name":"wp","href":"https:\/\/api.w.org\/{rel}","templated":true}]}}