{"id":35924,"date":"2025-06-12T21:25:10","date_gmt":"2025-06-12T19:25:10","guid":{"rendered":"https:\/\/bergers-schlagerparadies.de\/?p=35924"},"modified":"2025-06-12T21:25:10","modified_gmt":"2025-06-12T19:25:10","slug":"hansi-hinterseer-baerig-aufgspuet-medley-%c2%b7-bergers-schlagerparadies","status":"publish","type":"post","link":"https:\/\/bergers-schlagerparadies.de\/?p=35924","title":{"rendered":"Hansi Hinterseer &#8211; B\u00e4rig aufgsp\u00fct \u2013 Medley \u00b7 Berger\u00b4s Schlagerparadies"},"content":{"rendered":"<p><strong><img loading=\"lazy\" decoding=\"async\" class=\"size-medium wp-image-35925 alignleft\" src=\"https:\/\/bergers-schlagerparadies.de\/wp-content\/uploads\/2025\/06\/Hansi-Hinterseer-Baerig-aufgspuet-\u2013-Medley-300x300.jpg\" alt=\"\" width=\"300\" height=\"300\" srcset=\"https:\/\/bergers-schlagerparadies.de\/wp-content\/uploads\/2025\/06\/Hansi-Hinterseer-Baerig-aufgspuet-\u2013-Medley-300x300.jpg 300w, https:\/\/bergers-schlagerparadies.de\/wp-content\/uploads\/2025\/06\/Hansi-Hinterseer-Baerig-aufgspuet-\u2013-Medley-1024x1024.jpg 1024w, https:\/\/bergers-schlagerparadies.de\/wp-content\/uploads\/2025\/06\/Hansi-Hinterseer-Baerig-aufgspuet-\u2013-Medley-150x150.jpg 150w, https:\/\/bergers-schlagerparadies.de\/wp-content\/uploads\/2025\/06\/Hansi-Hinterseer-Baerig-aufgspuet-\u2013-Medley-768x768.jpg 768w, https:\/\/bergers-schlagerparadies.de\/wp-content\/uploads\/2025\/06\/Hansi-Hinterseer-Baerig-aufgspuet-\u2013-Medley-1536x1536.jpg 1536w, https:\/\/bergers-schlagerparadies.de\/wp-content\/uploads\/2025\/06\/Hansi-Hinterseer-Baerig-aufgspuet-\u2013-Medley-2048x2048.jpg 2048w, https:\/\/bergers-schlagerparadies.de\/wp-content\/uploads\/2025\/06\/Hansi-Hinterseer-Baerig-aufgspuet-\u2013-Medley-1200x1200.jpg 1200w, https:\/\/bergers-schlagerparadies.de\/wp-content\/uploads\/2025\/06\/Hansi-Hinterseer-Baerig-aufgspuet-\u2013-Medley-1188x1188.jpg 1188w, https:\/\/bergers-schlagerparadies.de\/wp-content\/uploads\/2025\/06\/Hansi-Hinterseer-Baerig-aufgspuet-\u2013-Medley-100x100.jpg 100w\" sizes=\"auto, (max-width: 300px) 100vw, 300px\" \/>Hansi Hinterseer\u00a0<\/strong>hat sich in diesem Jahr einem ganz besonderen musikalischen Projekt angenommen: traditionelle Tiroler Volkslieder und Volksweisen in Mundart, die ihm sehr am Herzen liegen. Das Album\u00a0<strong>\u201eB\u00e4rig \u2013 Mit Herz und Gef\u00fchl\u201c<\/strong>\u00a0erscheint am\u00a0<strong>22. August 2025.\u00a0<\/strong>Ab dem\u00a0<strong>13.06.2025<\/strong>\u00a0gibt es eine erste Kostprobe \u2013 das Medley\u00a0<strong>\u201eB\u00e4rig aufgsp\u00fct\u201c<\/strong>.<\/p>\n<p>Wer sagt denn, dass Volksmusik nicht zeitgem\u00e4\u00df sein kann?\u00a0<strong>Hansi Hinterseer<\/strong>\u00a0erz\u00e4hlt Geschichten aus den Bergen und T\u00e4lern,\u00a0<strong>\u201eB\u00e4rig \u2013 mit Herz und Gef\u00fchl\u201c<\/strong>\u00a0in beschwingte Melodien und Mundarttexte verpackt. Eng verbunden mit der Tiroler Lebensweise in dieser lauten Zeit so unaufgeregt bodenst\u00e4ndig. Da gibt es manches Originelle und auch verschmitzt Zweideutige, auf das man sich freuen kann.<\/p>\n<p>Mit dem\u00a0<strong>\u201eB\u00e4rig aufgsp\u00fct\u201c<\/strong>-Medley fasst\u00a0<strong>Hansi\u00a0<\/strong>die Neuaufnahmen der drei Traditionals\u00a0<i>\u201eHoch die Gl\u00e4ser\u201c<\/i>,\u00a0<i>\u201eZ\u2018nachst hob i\u201c<\/i>,\u00a0<i>\u201eFr\u00fch schon am Morgen\u201c<\/i>\u00a0sowie die fr\u00f6hliche Polka\u00a0<i>\u201eLustig und guat drauf\u201c\u00a0<\/i>zu einem kernigen Potpourri zusammen, das auch als Bonustitel auf dem Album enthalten sein wird.<\/p>\n<p>In traditioneller Instrumentierung mit Bariton, Gitarre, Fl\u00fcgelhorn, Ventilposaune, Harfe und Harmonika, Zither und Bassgeige arrangiert, weckt die au\u00dfergew\u00f6hnliche Liedauswahl Empathie f\u00fcr diese liebenswerte Volkskultur. Ein Moment, in dem man gerne ist. Und jedes Lied ein Grund mehr, in dieser wohltuenden Stimmung zu bleiben.<\/p>\n<p>&nbsp;<\/p>\n<p><strong>Hansi Hinterseer<\/strong>:\u00a0<i>\u201eDiese Musik hat mich mein Leben lang begleitet. Das ist so einfache Musik, die ins Herz geht, die Texte sind aus dem Leben geschrieben. Besser geht\u2019s nicht. In den Gaststuben und auf den Almen so nett gesungen, mit dem Dialekt, da hock i mi gern zubi, da bleib ich gern.\u201c<\/i><\/p>\n<p>Die neue Single\u00a0<strong>\u201eB\u00e4rig aufgsp\u00fct \u2013 Medley\u201c\u00a0<\/strong>von\u00a0<strong>Hansi Hinterseer<\/strong>\u00a0erscheint am<strong>\u00a013. Juni 2025\u00a0<\/strong>bei\u00a0<strong>TELAMO<\/strong>.<\/p>\n<p><span style=\"color: #800000;\"><strong>Quelle: Telamo<\/strong><\/span><\/p>\n<p><span style=\"color: #800000;\"><strong>Dieser Song ist ab dem 13.06.2025 auf allen Download- und Streaming-Portalen erh\u00e4ltlich.\u00a0<\/strong><\/span><\/p>\n<p><span style=\"color: #800000;\"><strong>Airdate (f\u00fcr Radiosender): 13.06.2025<\/strong><\/span><\/p>\n","protected":false},"excerpt":{"rendered":"<p>Hansi Hinterseer\u00a0hat sich in diesem Jahr einem ganz besonderen musikalischen Projekt angenommen: traditionelle Tiroler Volkslieder und Volksweisen in Mundart, die ihm sehr am Herzen liegen. Das Album\u00a0\u201eB\u00e4rig \u2013 Mit Herz und Gef\u00fchl\u201c\u00a0erscheint am\u00a022. August 2025.\u00a0Ab dem\u00a013.06.2025\u00a0gibt es eine erste Kostprobe \u2013 das Medley\u00a0\u201eB\u00e4rig aufgsp\u00fct\u201c. Wer sagt denn, dass Volksmusik nicht zeitgem\u00e4\u00df sein kann?\u00a0Hansi Hinterseer\u00a0erz\u00e4hlt Geschichten aus den Bergen und T\u00e4lern,\u00a0\u201eB\u00e4rig \u2013 mit Herz und Gef\u00fchl\u201c\u00a0in beschwingte Melodien und Mundarttexte verpackt. Eng verbunden mit der Tiroler Lebensweise in dieser lauten Zeit so unaufgeregt bodenst\u00e4ndig. Da gibt es manches Originelle und auch verschmitzt Zweideutige, auf das man sich freuen kann. Mit dem\u00a0\u201eB\u00e4rig aufgsp\u00fct\u201c-Medley fasst\u00a0Hansi\u00a0die Neuaufnahmen der drei&#8230;<\/p>\n","protected":false},"author":1,"featured_media":35925,"comment_status":"open","ping_status":"open","sticky":false,"template":"","format":"standard","meta":{"footnotes":""},"categories":[3231,2,3239],"tags":[281],"class_list":["post-35924","post","type-post","status-publish","format-standard","has-post-thumbnail","hentry","category-bergers-schlagerparadies","category-schlager","category-telamo","tag-hansi-hinterseer","wpcat-3231-id","wpcat-2-id","wpcat-3239-id"],"_links":{"self":[{"href":"https:\/\/bergers-schlagerparadies.de\/index.php?rest_route=\/wp\/v2\/posts\/35924","targetHints":{"allow":["GET"]}}],"collection":[{"href":"https:\/\/bergers-schlagerparadies.de\/index.php?rest_route=\/wp\/v2\/posts"}],"about":[{"href":"https:\/\/bergers-schlagerparadies.de\/index.php?rest_route=\/wp\/v2\/types\/post"}],"author":[{"embeddable":true,"href":"https:\/\/bergers-schlagerparadies.de\/index.php?rest_route=\/wp\/v2\/users\/1"}],"replies":[{"embeddable":true,"href":"https:\/\/bergers-schlagerparadies.de\/index.php?rest_route=%2Fwp%2Fv2%2Fcomments&post=35924"}],"version-history":[{"count":1,"href":"https:\/\/bergers-schlagerparadies.de\/index.php?rest_route=\/wp\/v2\/posts\/35924\/revisions"}],"predecessor-version":[{"id":35926,"href":"https:\/\/bergers-schlagerparadies.de\/index.php?rest_route=\/wp\/v2\/posts\/35924\/revisions\/35926"}],"wp:featuredmedia":[{"embeddable":true,"href":"https:\/\/bergers-schlagerparadies.de\/index.php?rest_route=\/wp\/v2\/media\/35925"}],"wp:attachment":[{"href":"https:\/\/bergers-schlagerparadies.de\/index.php?rest_route=%2Fwp%2Fv2%2Fmedia&parent=35924"}],"wp:term":[{"taxonomy":"category","embeddable":true,"href":"https:\/\/bergers-schlagerparadies.de\/index.php?rest_route=%2Fwp%2Fv2%2Fcategories&post=35924"},{"taxonomy":"post_tag","embeddable":true,"href":"https:\/\/bergers-schlagerparadies.de\/index.php?rest_route=%2Fwp%2Fv2%2Ftags&post=35924"}],"curies":[{"name":"wp","href":"https:\/\/api.w.org\/{rel}","templated":true}]}}