{"id":35919,"date":"2025-06-16T10:30:27","date_gmt":"2025-06-16T08:30:27","guid":{"rendered":"https:\/\/bergers-schlagerparadies.de\/?p=35919"},"modified":"2025-06-12T20:52:17","modified_gmt":"2025-06-12T18:52:17","slug":"romy-mayer-ich-will-alles-album-%c2%b7-bergers-schlagerparadies","status":"publish","type":"post","link":"https:\/\/bergers-schlagerparadies.de\/?p=35919","title":{"rendered":"Romy Mayer &#8211; Ich will alles (Album) \u00b7 Berger\u00b4s Schlagerparadies"},"content":{"rendered":"<p><img loading=\"lazy\" decoding=\"async\" class=\"size-medium wp-image-35920 alignleft\" src=\"https:\/\/bergers-schlagerparadies.de\/wp-content\/uploads\/2025\/06\/Romy-Mayer-Ich-will-alles-Album-300x300.jpeg\" alt=\"\" width=\"300\" height=\"300\" srcset=\"https:\/\/bergers-schlagerparadies.de\/wp-content\/uploads\/2025\/06\/Romy-Mayer-Ich-will-alles-Album-300x300.jpeg 300w, https:\/\/bergers-schlagerparadies.de\/wp-content\/uploads\/2025\/06\/Romy-Mayer-Ich-will-alles-Album-1024x1024.jpeg 1024w, https:\/\/bergers-schlagerparadies.de\/wp-content\/uploads\/2025\/06\/Romy-Mayer-Ich-will-alles-Album-150x150.jpeg 150w, https:\/\/bergers-schlagerparadies.de\/wp-content\/uploads\/2025\/06\/Romy-Mayer-Ich-will-alles-Album-768x768.jpeg 768w, https:\/\/bergers-schlagerparadies.de\/wp-content\/uploads\/2025\/06\/Romy-Mayer-Ich-will-alles-Album-1188x1188.jpeg 1188w, https:\/\/bergers-schlagerparadies.de\/wp-content\/uploads\/2025\/06\/Romy-Mayer-Ich-will-alles-Album-100x100.jpeg 100w, https:\/\/bergers-schlagerparadies.de\/wp-content\/uploads\/2025\/06\/Romy-Mayer-Ich-will-alles-Album.jpeg 1200w\" sizes=\"auto, (max-width: 300px) 100vw, 300px\" \/>ROMY MAYER mit neuer Single und gleichnamigem Debutalbum ,ICH WILL ALLES&#8216;<br \/>\nMit ihrer Single ,Ich will alles\u2019 liefert Romy Mayer einen energiegeladenen und zugleich gef\u00fchlvollen Pop-Schlager voller Lebenslust, Leidenschaft und Selbstbestimmung. Der Song ist auch Titel ihres Deb\u00fctalbums, das am 27. Juni 2025 erscheint.<br \/>\n,Ich will alles\u2019 ist ein musikalisches Bekenntnis zu einem Leben voller Emotionen, N\u00e4he und Hingabe \u2013 aber auch zur Selbstverwirklichung in all ihren Facetten. Der von Erfolgsautor Wolfgang Hofer geschriebene Text und die mitrei\u00dfende Komposition von Christian Zierhofer treffen mitten ins Herz einer Generation, die nach Authentizit\u00e4t, echter Liebe und Lebensfreude sucht.<br \/>\nRomy Mayer setzt mit diesem Song ein kraftvolles Zeichen: F\u00fcr Selbstbestimmung, f\u00fcr Vielschichtigkeit \u2013 und f\u00fcr die Freiheit, Karriere und Familie miteinander zu vereinen. Musik und Mutterschaft? F\u00fcr Romy Mayer kein Widerspruch, sondern pure Inspiration.<br \/>\n,Ich will alles\u2019 \u2013 ein Schlager, der sagt: Du darfst alles wollen. Und alles leben.<br \/>\n\u201eIch will alles steht f\u00fcr Lebensfreude, Freiheit und Dankbarkeit. Ich m\u00f6chte zeigen, dass man als Frau nicht w\u00e4hlen muss \u2013 sondern alles haben kann, wenn man es mit Herz lebt.\u201c \u2013 Romy Mayer<br \/>\nTV-Auftritt: ,Immer wieder sonntags&#8216; mit Stefan Mross\/Europapark Rust \u2013 Sommerhitparade 2025<br \/>\nAb dem 15. Juni 2025 k\u00e4mpft Romy Mayer mit \u201eDeine Liebe, meine Liebe\u201c in der beliebten ARD-Sommerhitparade um den Einzug in die n\u00e4chste Runde.<br \/>\n\u201eEin Auftritt in dieser Show ist f\u00fcr mich eine Herzenssache \u2013 ich freue mich riesig auf die B\u00fchne und auf das Publikum!\u201c \u2013 Romy Mayer<\/p>\n<p><span style=\"color: #800000;\"><strong>Quelle: Stella musica<\/strong><\/span><\/p>\n<p><span style=\"color: #800000;\"><strong>Dieses Album ist ab dem 20.06.2025 auf allen Download- und Streaming-Portalen erh\u00e4ltlich.\u00a0<\/strong><\/span><\/p>\n<p><span style=\"color: #800000;\"><strong>Airdate (f\u00fcr Radiosender): 20.06.2025<\/strong><\/span><\/p>\n","protected":false},"excerpt":{"rendered":"<p>ROMY MAYER mit neuer Single und gleichnamigem Debutalbum ,ICH WILL ALLES&#8216; Mit ihrer Single ,Ich will alles\u2019 liefert Romy Mayer einen energiegeladenen und zugleich gef\u00fchlvollen Pop-Schlager voller Lebenslust, Leidenschaft und Selbstbestimmung. Der Song ist auch Titel ihres Deb\u00fctalbums, das am 27. Juni 2025 erscheint. ,Ich will alles\u2019 ist ein musikalisches Bekenntnis zu einem Leben voller Emotionen, N\u00e4he und Hingabe \u2013 aber auch zur Selbstverwirklichung in all ihren Facetten. Der von Erfolgsautor Wolfgang Hofer geschriebene Text und die mitrei\u00dfende Komposition von Christian Zierhofer treffen mitten ins Herz einer Generation, die nach Authentizit\u00e4t, echter Liebe und Lebensfreude sucht. Romy Mayer setzt mit diesem Song ein kraftvolles Zeichen:&#8230;<\/p>\n","protected":false},"author":1,"featured_media":35920,"comment_status":"open","ping_status":"open","sticky":false,"template":"","format":"standard","meta":{"footnotes":""},"categories":[3257,3231,3298,2],"tags":[1685],"class_list":["post-35919","post","type-post","status-publish","format-standard","has-post-thumbnail","hentry","category-album","category-bergers-schlagerparadies","category-pop-deutschsprachig","category-schlager","tag-romy-mayer","wpcat-3257-id","wpcat-3231-id","wpcat-3298-id","wpcat-2-id"],"_links":{"self":[{"href":"https:\/\/bergers-schlagerparadies.de\/index.php?rest_route=\/wp\/v2\/posts\/35919","targetHints":{"allow":["GET"]}}],"collection":[{"href":"https:\/\/bergers-schlagerparadies.de\/index.php?rest_route=\/wp\/v2\/posts"}],"about":[{"href":"https:\/\/bergers-schlagerparadies.de\/index.php?rest_route=\/wp\/v2\/types\/post"}],"author":[{"embeddable":true,"href":"https:\/\/bergers-schlagerparadies.de\/index.php?rest_route=\/wp\/v2\/users\/1"}],"replies":[{"embeddable":true,"href":"https:\/\/bergers-schlagerparadies.de\/index.php?rest_route=%2Fwp%2Fv2%2Fcomments&post=35919"}],"version-history":[{"count":1,"href":"https:\/\/bergers-schlagerparadies.de\/index.php?rest_route=\/wp\/v2\/posts\/35919\/revisions"}],"predecessor-version":[{"id":35922,"href":"https:\/\/bergers-schlagerparadies.de\/index.php?rest_route=\/wp\/v2\/posts\/35919\/revisions\/35922"}],"wp:featuredmedia":[{"embeddable":true,"href":"https:\/\/bergers-schlagerparadies.de\/index.php?rest_route=\/wp\/v2\/media\/35920"}],"wp:attachment":[{"href":"https:\/\/bergers-schlagerparadies.de\/index.php?rest_route=%2Fwp%2Fv2%2Fmedia&parent=35919"}],"wp:term":[{"taxonomy":"category","embeddable":true,"href":"https:\/\/bergers-schlagerparadies.de\/index.php?rest_route=%2Fwp%2Fv2%2Fcategories&post=35919"},{"taxonomy":"post_tag","embeddable":true,"href":"https:\/\/bergers-schlagerparadies.de\/index.php?rest_route=%2Fwp%2Fv2%2Ftags&post=35919"}],"curies":[{"name":"wp","href":"https:\/\/api.w.org\/{rel}","templated":true}]}}